{"id":959,"date":"2015-06-07T22:12:40","date_gmt":"2015-06-07T21:12:40","guid":{"rendered":"http:\/\/www.payne.cz\/WP15\/?p=959"},"modified":"2015-06-07T22:12:58","modified_gmt":"2015-06-07T21:12:58","slug":"959","status":"publish","type":"post","link":"https:\/\/www.payne.cz\/WP15\/959\/","title":{"rendered":"Ano! A pro\u010d?"},"content":{"rendered":"<p style=\"text-align: right;\"><span style=\"color: #008080;\">28.6.1997<\/span><\/p>\n<p style=\"text-align: justify;\">&#8222;Pot\u0159ebujeme arm\u00e1du? V\u017edy\u0165 n\u00e1s nikdo neohro\u017euje!&#8220; Podobn\u011b by si mohli polo\u017eit ot\u00e1zku nap\u0159\u00edklad Holan\u010fan\u00e9. Nikdo je neohro\u017euje. P\u0159es to je Holandsko aktivn\u00edm \u010dlenem NATO.<\/p>\n<p style=\"text-align: justify;\">Zahrani\u010dn\u00ed politika ka\u017ed\u00e9ho st\u00e1tu je p\u0159edev\u0161\u00edm odpov\u011bdn\u00e1 za zaji\u0161t\u011bn\u00ed exportn\u00edch trh\u016f. Pro mal\u00e9 zem\u011b (mal\u00e9 trhy) tvo\u0159\u00ed export z\u00e1va\u017enou sou\u010d\u00e1st n\u00e1rodn\u00edho produktu. Pokles exportu m\u00e1 negativn\u00ed dopad na \u017eivotn\u00ed \u00farove\u0148 ka\u017ed\u00e9ho ob\u010dana.<\/p>\n<p style=\"text-align: justify;\">Pro \u010ceskoslovensko nap\u0159\u00edklad byla Jugosl\u00e1vie \u010dtvrt\u00fdm nejv\u011bt\u0161\u00edm obchodn\u00edm partnerem. Kv\u016fli v\u00e1lce jsme tyto trhy nemohli vyu\u017e\u00edvat. Znovu z\u00edskat obchodn\u00edho partnera na Balk\u00e1n\u011b je jeden z d\u016fvod\u016f (krom\u011b humanit\u00e1rn\u00edch &#8211; nechceme aby lid\u00e9 trp\u011bli, krom\u011b politick\u00fdch &#8211; nechceme, aby se konflikty \u0159e\u0161ily vojensky), pro\u010d bychom se m\u011bli pod\u00edlet na co nejrychlej\u0161\u00edm do\u0159e\u0161en\u00ed pov\u00e1le\u010dn\u00fdch vztah\u016f mezi st\u00e1ty b\u00fdval\u00e9 Jugosl\u00e1vie. N\u00e1\u0161 pod\u00edl m\u011bl a m\u00e1 vojenskou podobu &#8211; v podob\u011b \u00fa\u010dasti na m\u00edrov\u00fdch sil\u00e1ch UNPROFOR, IFOR a SFOR. N\u00e1\u0161 pod\u00edl m\u00e1 tak\u00e9 podobu pomoci p\u0159i rekonstrukci poni\u010den\u00e9 Bosny. Zku\u0161enost z t\u011bchto mis\u00ed n\u00e1s zavazuje: mus\u00edme b\u00fdt p\u0159ipraveni n\u00e9st spoluodpov\u011bdnost za bezpe\u010dnost v Evrop\u011b. Je to v na\u0161em vlastn\u00edm z\u00e1jmu. K tomu pot\u0159ebujeme velmi mobiln\u00ed a dob\u0159e vycvi\u010denou arm\u00e1du. Vstupem do NATO se na\u0161e mo\u017enosti jak n\u00e9st spoluodpov\u011bdnost a jak obh\u00e1jit vlastn\u00ed z\u00e1jmy podstatn\u011b roz\u0161\u00ed\u0159\u00ed. Chceme spoluutv\u00e1\u0159et bezpe\u010dn\u011bj\u0161\u00ed Evropu.<\/p>\n","protected":false},"excerpt":{"rendered":"<p>28.6.1997 &#8222;Pot\u0159ebujeme arm\u00e1du? V\u017edy\u0165 n\u00e1s nikdo neohro\u017euje!&#8220; Podobn\u011b by si mohli polo\u017eit ot\u00e1zku nap\u0159\u00edklad Holan\u010fan\u00e9. Nikdo je neohro\u017euje. P\u0159es to je Holandsko aktivn\u00edm \u010dlenem NATO. Zahrani\u010dn\u00ed politika ka\u017ed\u00e9ho st\u00e1tu je&#8230; <a class=\"read-more-button\" href=\"https:\/\/www.payne.cz\/WP15\/959\/\">\u010c\u00edst v\u00edce &gt;<\/a><\/p>\n","protected":false},"author":2,"featured_media":0,"comment_status":"closed","ping_status":"closed","sticky":false,"template":"","format":"standard","meta":{"ngg_post_thumbnail":0,"_monsterinsights_skip_tracking":false,"_monsterinsights_sitenote_active":false,"_monsterinsights_sitenote_note":"","_monsterinsights_sitenote_category":0,"footnotes":""},"categories":[3],"tags":[],"class_list":["post-959","post","type-post","status-publish","format-standard","hentry","category-clanky"],"_links":{"self":[{"href":"https:\/\/www.payne.cz\/WP15\/wp-json\/wp\/v2\/posts\/959","targetHints":{"allow":["GET"]}}],"collection":[{"href":"https:\/\/www.payne.cz\/WP15\/wp-json\/wp\/v2\/posts"}],"about":[{"href":"https:\/\/www.payne.cz\/WP15\/wp-json\/wp\/v2\/types\/post"}],"author":[{"embeddable":true,"href":"https:\/\/www.payne.cz\/WP15\/wp-json\/wp\/v2\/users\/2"}],"replies":[{"embeddable":true,"href":"https:\/\/www.payne.cz\/WP15\/wp-json\/wp\/v2\/comments?post=959"}],"version-history":[{"count":2,"href":"https:\/\/www.payne.cz\/WP15\/wp-json\/wp\/v2\/posts\/959\/revisions"}],"predecessor-version":[{"id":961,"href":"https:\/\/www.payne.cz\/WP15\/wp-json\/wp\/v2\/posts\/959\/revisions\/961"}],"wp:attachment":[{"href":"https:\/\/www.payne.cz\/WP15\/wp-json\/wp\/v2\/media?parent=959"}],"wp:term":[{"taxonomy":"category","embeddable":true,"href":"https:\/\/www.payne.cz\/WP15\/wp-json\/wp\/v2\/categories?post=959"},{"taxonomy":"post_tag","embeddable":true,"href":"https:\/\/www.payne.cz\/WP15\/wp-json\/wp\/v2\/tags?post=959"}],"curies":[{"name":"wp","href":"https:\/\/api.w.org\/{rel}","templated":true}]}}