{"id":591,"date":"2015-05-08T06:45:00","date_gmt":"2015-05-08T05:45:00","guid":{"rendered":"http:\/\/www.payne.cz\/WP15\/?p=591"},"modified":"2015-06-08T03:20:30","modified_gmt":"2015-06-08T02:20:30","slug":"zaslibene-dotace-v-eu","status":"publish","type":"post","link":"https:\/\/www.payne.cz\/WP15\/zaslibene-dotace-v-eu\/","title":{"rendered":"Zasl\u00edben\u00e9 dotace v EU"},"content":{"rendered":"<p style=\"text-align: right;\"><span style=\"color: #008080;\">5.6.2001<\/span><\/p>\n<p style=\"text-align: justify;\">Ve v\u0161eobecn\u00e9m \u010desk\u00e9m pov\u011bdom\u00ed je zafixovan\u00e1 p\u0159edstava, \u017ee Evropsk\u00e1 unie bude kropit na\u0161e \u00fazem\u00ed zlat\u00fdmi eury, a\u017e se jimi budeme zalykat v blahobytu. Ti, kdo nev\u011b\u0159\u00ed, \u017ee tomu tak bude, jsou pova\u017eov\u00e1ni za heretiky, odpadl\u00edky resp. politickou hant\u00fdrkou minul\u00e9ho re\u017eimu za reneg\u00e1ty.<\/p>\n<p style=\"text-align: justify;\">Pod\u00edvejme se na n\u011bkter\u00e1 \u010d\u00edsla. Podle \u00fadaj\u016f poch\u00e1zej\u00edc\u00edch z EU (Reimer B\u00f6rg) m\u016f\u017eeme u\u010dinit ur\u010dit\u00e9 odhady.<\/p>\n<p style=\"text-align: justify;\">Pro zasl\u00edben\u00e9 struktur\u00e1ln\u00ed fondy (dotace) plat\u00ed omezen\u00ed hranic\u00ed 4% HDP. M\u016f\u017ee se ale tak\u00e9 st\u00e1t, \u017ee pro nedostatek pen\u011bz v evropsk\u00e9m rozpo\u010dtu bude dotace sn\u00ed\u017eena a\u017e na pouh\u00fdch 1.5% HDP. Pro \u010deskou republiku by to v sou\u010dasn\u00fdch hodnot\u00e1ch (snadn\u011bji se to d\u00e1 p\u0159edstavit) znamen\u00e1 dotace v rozp\u011bt\u00ed od asi 28 po 76 miliard K\u010d.<\/p>\n<p style=\"text-align: justify;\">Rozpo\u010dtov\u00fd v\u00fdhled EU na p\u0159\u00ed\u0161t\u00ed l\u00e9ta nazna\u010duje, \u017ee po\u017eadovan\u00e9 dotace mohou b\u00fdt pokryty zprvu jen z 50%, po t\u0159ech letech snad ze 70%. Kdyby se tedy v\u0161echno da\u0159ilo skv\u011ble (a neplatily z\u00e1konitosti typu: co se m\u016f\u017ee pokazit, to se pokaz\u00ed), bylo by mo\u017en\u00e9 prakticky uva\u017eovat o dotac\u00edch ve v\u00fd\u0161i 2%, maxim\u00e1ln\u011b 2.5% HDP. Pro srovn\u00e1n\u00ed v\u016f\u010di sou\u010dasn\u00e9mu rozpo\u010dtu by to znamenalo asi tak 37, nanejv\u00fd\u0161 46 miliard K\u010d. Uve\u010fme, \u017ee n\u00e1\u0161 ro\u010dn\u00ed rozpo\u010det na leto\u0161n\u00ed rok po\u010d\u00edt\u00e1 s p\u0159\u00edjmy asi 636 mld K\u010d.<\/p>\n<p style=\"text-align: justify;\">Tedy ony bla\u017een\u00e9 dotace, na kter\u00e9 se tolik t\u0159eseme a kter\u00e9 n\u00e1m maj\u00ed zajistit bezpracn\u00fd blahobyt, nedosahuj\u00ed ani zdaleka deseti procent na\u0161eho rozpo\u010dtu, ale m\u016f\u017ee se tak\u00e9 st\u00e1t, \u017ee dos\u00e1hnou jen p\u011bti procent.<\/p>\n<p style=\"text-align: justify;\">Podle ministerstva zahrani\u010d\u00ed budeme platit do evropsk\u00e9ho rozpo\u010dtu 25 miliard K\u010d ro\u010dn\u011b jako \u010dlensk\u00fd p\u0159\u00edsp\u011bvek (tj. 1,27 procenta HDP). \u010c\u00edsla, poch\u00e1zej\u00edc\u00ed ze zcela rozd\u00edln\u00fdch \u00favah, se obdivuhodn\u011b shoduj\u00ed: nula od nuly pojde. Zaplat\u00edme zhruba to, co potom dostaneme na dotac\u00edch. M\u016f\u017ee se tak\u00e9 st\u00e1t, \u017ee budeme platit v\u00edce, ne\u017e dostaneme, ale doufejme, \u017ee je to nepravd\u011bpodobn\u00e9. Realisticky na vstupu do Unie vyd\u011bl\u00e1me kapesn\u00e9 srovnateln\u00e9 asi tak s chyb\u011bj\u00edc\u00edmi \u00fasporami kampeli\u010dk\u00e1\u0159\u016f. Tolik tedy budou \u010dinit ony vytou\u017een\u00e9 dotace v podob\u011b struktur\u00e1ln\u00edch fond\u016f!<\/p>\n<p style=\"text-align: justify;\">D\u016fsledkem vstupu bude, \u017ee ta mal\u00e1 \u010d\u00e1st pen\u011bz ve st\u00e1tn\u00edm rozpo\u010dtu, kterou m\u016f\u017ee vl\u00e1da pou\u017e\u00edt na n\u011bjak\u00e9 ovliv\u0148ov\u00e1n\u00ed budouc\u00edho rozvoje (p\u0159ibli\u017en\u011b 120 mld. K\u010d nemandatorn\u00edch prost\u0159edk\u016f) se je\u0161t\u011b v\u00edce zten\u010d\u00ed.<\/p>\n<p style=\"text-align: justify;\">Krom\u011b toho ale budeme muset vynalo\u017eit prost\u0159edky, kter\u00e9 dosud byly voln\u00e9 na nejr\u016fzn\u011bj\u0161\u00ed povinnosti spojen\u00e9 se vstupem: re\u017eim na hranic\u00edch (1,5, mld. K\u010d + roz\u0161\u00ed\u0159en\u00ed leti\u0161t\u011b Praha Ruzyn\u011b), soci\u00e1ln\u00ed syst\u00e9m (400 &#8211; 900 milion\u016f ro\u010dn\u011b + zv\u00fd\u0161en\u00ed n\u00e1klad\u016f pr\u00e1ce o 0,9 &#8211; 1,5 procenta), \u017eivotn\u00ed prost\u0159ed\u00ed (250 mld K\u010d), bezpe\u010dnost pr\u00e1ce (50 miliard), policie, soudy, &#8230; Pod\u00edl mandatorn\u00edch v\u00fddaj\u016f tedy stoupne i v d\u016fsledku t\u011bchto n\u00e1klad\u016f!<\/p>\n<p style=\"text-align: justify;\">V\u00fdsledn\u00fd stav m\u016f\u017ee tedy vypadat tak\u00e9 tak, \u017ee vl\u00e1da nebude schopn\u00e1 ud\u011blat cokoli, abychom se sami pozvedli na vy\u0161\u0161\u00ed \u00farove\u0148, proto\u017ee na to nebude m\u00edt pen\u00edze (dluhy se v EU d\u011blat nesm\u00ed a mandatorn\u00ed v\u00fddaje se\u017eerou skoro cel\u00fd st\u00e1tn\u00ed rozpo\u010det). D\u00edky p\u0159izp\u016fsobov\u00e1n\u00ed p\u0159edpis\u016f ztrat\u00edme jedinou komparativn\u00ed v\u00fdhodu, kterou prozat\u00edm m\u00e1me a to je levn\u011bj\u0161\u00ed pracovn\u00ed s\u00edla oproti EU, \u010d\u00edm\u017e p\u0159estaneme b\u00fdt atraktivn\u00ed pro investory. V extr\u00e9mn\u00edm p\u0159\u00edpad\u011b tedy ztrat\u00edme podstatnou \u010d\u00e1st svobody ovliv\u0148ovat svou vlastn\u00ed budoucnost, tak\u017ee budeme odk\u00e1z\u00e1ni na dobrodin\u00ed &#8222;z\u00e1padn\u00edch sponzor\u016f&#8220;. Ov\u0161em altruist\u016f, kte\u0159\u00ed rozd\u00e1vaj\u00ed pen\u00edze, je ale jak zn\u00e1mo nedostatek.<\/p>\n<p style=\"text-align: justify;\">Proto si p\u0159ejeme, aby se o n\u00e1kladech a v\u00fdnosech spojen\u00fdch s \u010dlenstv\u00edm v EU uva\u017eovalo. Je z\u0159ejm\u00e9, \u017ee existuj\u00ed priority, o kter\u00e9 stoj\u00ed za to usilovat p\u0159ed vstupem do EU, proto\u017ee potom to ji\u017e nep\u016fjde. Pokud jich p\u0159ed vstupem dos\u00e1hneme, m\u016f\u017ee to pro n\u00e1s znamenat mnohem lep\u0161\u00ed perspektivy uvnit\u0159 EU. Proto se mus\u00edme pt\u00e1t nam\u00edsto &#8222;EU ano \u010di ne&#8220; rad\u011bji &#8222;EU za jak\u00fdch podm\u00ednek&#8220;.<\/p>\n<p style=\"text-align: justify;\">Z\u00e1v\u011bre\u010dn\u00e1 pozn\u00e1mka: St\u0159edoevropsk\u00e1 levn\u00e1 produkce zp\u016fsoben\u00e1 levnou pracovn\u00ed silou je zl\u00fdm snem evropsk\u00fdch odbor\u00e1\u0159\u016f. N\u011bkter\u00e9 st\u0159edoevropsk\u00e9 podniky jsou tvrdou konkurenc\u00ed pro evropsk\u00e9 firmy (aktivn\u00ed saldo v obchodn\u00ed bilanci to m\u016f\u017ee potvrzovat). Omezen\u00ed voln\u00e9ho pohybu pracovn\u00edch sil znamen\u00e1, \u017ee z\u00e1padn\u00ed podniky nebudou sm\u011bt vyu\u017e\u00edvat levn\u011bj\u0161\u00ed pracovn\u00ed s\u00edly, tak\u017ee nap\u011bt\u00ed bude p\u0159etrv\u00e1vat. Spole\u010dn\u00fdm z\u00e1jmem odbor\u00e1\u0159\u016f i podnikatel\u016f v\u016f\u010di st\u0159edn\u00ed Evrop\u011b bude \u00fasil\u00ed zlikvidovat komparativn\u00ed v\u00fdhody St\u0159edoevropan\u016f, nebo je alespo\u0148 dostat pod bruselskou kontrolu. A to tak\u00e9 d\u011blaj\u00ed, prost\u011b h\u00e1j\u00ed sv\u00e9 z\u00e1jmy.<\/p>\n<p style=\"text-align: justify;\">Pou\u010den\u00ed: Nev\u011b\u0159me na dobrotiv\u00e9 mecen\u00e1\u0161e, kte\u0159\u00ed nev\u011bd\u00ed co s pen\u011bzi a tak n\u00e1m je budou d\u00e1vat! Nev\u011b\u0159me v uskute\u010dn\u011bn\u00ed r\u00e1je v Evrop\u011b! I v Unii se tvrd\u011b st\u0159et\u00e1vaj\u00ed nejr\u016fzn\u011bj\u0161\u00ed z\u00e1jmy a zcela opr\u00e1vn\u011bn\u011b mus\u00edme sv\u00e9 z\u00e1jmy prosazovat i my. Chceme-li do Unie vstoupit, nenamlouvejme si, \u017ee to d\u011bl\u00e1me kv\u016fli struktur\u00e1ln\u00edm fond\u016f.<\/p>\n","protected":false},"excerpt":{"rendered":"<p>5.6.2001 Ve v\u0161eobecn\u00e9m \u010desk\u00e9m pov\u011bdom\u00ed je zafixovan\u00e1 p\u0159edstava, \u017ee Evropsk\u00e1 unie bude kropit na\u0161e \u00fazem\u00ed zlat\u00fdmi eury, a\u017e se jimi budeme zalykat v blahobytu. Ti, kdo nev\u011b\u0159\u00ed, \u017ee tomu tak&#8230; <a class=\"read-more-button\" href=\"https:\/\/www.payne.cz\/WP15\/zaslibene-dotace-v-eu\/\">\u010c\u00edst v\u00edce &gt;<\/a><\/p>\n","protected":false},"author":2,"featured_media":0,"comment_status":"closed","ping_status":"closed","sticky":false,"template":"","format":"standard","meta":{"ngg_post_thumbnail":0,"_monsterinsights_skip_tracking":false,"_monsterinsights_sitenote_active":false,"_monsterinsights_sitenote_note":"","_monsterinsights_sitenote_category":0,"footnotes":""},"categories":[3,13,9],"tags":[6,5],"class_list":["post-591","post","type-post","status-publish","format-standard","hentry","category-clanky","category-dompol","category-zahrpol","tag-dompol","tag-zahrpol"],"_links":{"self":[{"href":"https:\/\/www.payne.cz\/WP15\/wp-json\/wp\/v2\/posts\/591","targetHints":{"allow":["GET"]}}],"collection":[{"href":"https:\/\/www.payne.cz\/WP15\/wp-json\/wp\/v2\/posts"}],"about":[{"href":"https:\/\/www.payne.cz\/WP15\/wp-json\/wp\/v2\/types\/post"}],"author":[{"embeddable":true,"href":"https:\/\/www.payne.cz\/WP15\/wp-json\/wp\/v2\/users\/2"}],"replies":[{"embeddable":true,"href":"https:\/\/www.payne.cz\/WP15\/wp-json\/wp\/v2\/comments?post=591"}],"version-history":[{"count":2,"href":"https:\/\/www.payne.cz\/WP15\/wp-json\/wp\/v2\/posts\/591\/revisions"}],"predecessor-version":[{"id":1136,"href":"https:\/\/www.payne.cz\/WP15\/wp-json\/wp\/v2\/posts\/591\/revisions\/1136"}],"wp:attachment":[{"href":"https:\/\/www.payne.cz\/WP15\/wp-json\/wp\/v2\/media?parent=591"}],"wp:term":[{"taxonomy":"category","embeddable":true,"href":"https:\/\/www.payne.cz\/WP15\/wp-json\/wp\/v2\/categories?post=591"},{"taxonomy":"post_tag","embeddable":true,"href":"https:\/\/www.payne.cz\/WP15\/wp-json\/wp\/v2\/tags?post=591"}],"curies":[{"name":"wp","href":"https:\/\/api.w.org\/{rel}","templated":true}]}}