{"id":565,"date":"2015-05-08T06:05:06","date_gmt":"2015-05-08T05:05:06","guid":{"rendered":"http:\/\/www.payne.cz\/WP15\/?p=565"},"modified":"2015-05-08T06:07:02","modified_gmt":"2015-05-08T05:07:02","slug":"narodni-zajmy","status":"publish","type":"post","link":"https:\/\/www.payne.cz\/WP15\/narodni-zajmy\/","title":{"rendered":"N\u00e1rodn\u00ed z\u00e1jmy"},"content":{"rendered":"<p style=\"text-align: right;\"><span style=\"color: #339966;\">Ji\u0159\u00ed Payne\u00a05.4.1999<\/span><\/p>\n<h6 style=\"text-align: justify;\">V na\u0161\u00ed zahrani\u010dn\u00ed politice se v posledn\u00ed dob\u011b za\u010dal pou\u017e\u00edvat pojem n\u00e1rodn\u00ed z\u00e1jmy. Dosud se ale nestalo zvykem jednotliv\u00e9 z\u00e1jmy popsat.<\/h6>\n<p style=\"text-align: justify;\">Zahrani\u010dn\u00ed politika nen\u00ed ani tak v\u00fdslednic\u00ed velk\u00fdch ide\u00e1l\u016f a politick\u00fdch viz\u00ed, jako sp\u00ed\u0161 \u00fa\u0159ednicky <strong>pragmatick\u00e9 \u00fasil\u00ed o dosa\u017een\u00ed specifikovan\u00fdch z\u00e1jm\u016f<\/strong>. K evropsk\u00e9 tradici pat\u0159\u00ed (ne v\u0161ak doposud u n\u00e1s), \u017ee p\u0159i ka\u017ed\u00e9m politick\u00e9m kroku je nutn\u00e9 z\u00e1jmy znovu vyjmenovat.<\/p>\n<p style=\"text-align: justify;\">Po vstupu do NATO v souvislosti s kriz\u00ed v Kosovu se st\u00e1v\u00e1 z\u0159eteln\u011bj\u0161\u00edm \u010d\u00e1ste\u010dn\u00fd posun v \u010desk\u00fdch n\u00e1rodn\u00edch z\u00e1jmech. Na p\u0159edn\u00edm m\u00edst\u011b se doposud uv\u00e1d\u011blo, \u017ee k \u010desk\u00fdm z\u00e1jm\u016fm pat\u0159\u00ed <strong>upev\u0148ov\u00e1n\u00ed mezin\u00e1rodn\u011b pr\u00e1vn\u00edho \u0159\u00e1du<\/strong>. (Stehn\u011b tak jako u jin\u00fdch mal\u00fdch st\u00e1t\u016f.).<\/p>\n<p style=\"text-align: justify;\">Nyn\u00ed se ukazuje, \u017ee s prioritou je\u0161t\u011b v\u011bt\u0161\u00ed mus\u00edme za\u0159adit mezi na\u0161e z\u00e1jmy <strong>dopracov\u00e1n\u00ed mezin\u00e1rodn\u011b pr\u00e1vn\u00edho (p\u0159\u00edpadn\u011b institucion\u00e1ln\u00edho) r\u00e1mce<\/strong> tak, aby bylo mo\u017en\u00e9 snadn\u011bji a hlavn\u011b rychleji zajistit mand\u00e1t pro humanit\u00e1rn\u00ed operace v p\u0159\u00edpad\u011b etnick\u00fdch konflikt\u016f uvnit\u0159 jednoho st\u00e1tu. Obecn\u011bji \u0159e\u010deno, m\u00e1me z\u00e1jem na p\u0159izp\u016fsoben\u00ed mezin\u00e1rodn\u011b-bezpe\u010dnostn\u00edho r\u00e1mce podm\u00ednk\u00e1m konce 20 stolet\u00ed.<\/p>\n<p style=\"text-align: justify;\">1. \u010cesk\u00e1 republika odsuzuje n\u00e1sil\u00ed kter\u00e9koli strany, jako\u017e i terorismus jako prost\u0159edek dosahov\u00e1n\u00ed politick\u00fdch c\u00edl\u016f. M\u00e1me z\u00e1jem, <strong>aby n\u00e1sil\u00ed<\/strong> (srbsk\u00e9), ale <strong>ani terorismus<\/strong> (kosovsk\u00fdch extremist\u016f) <strong>nebyly akceptov\u00e1ny jako politick\u00fd prost\u0159edek<\/strong>.<br \/>\n2. K nov\u00fdm z\u00e1jm\u016fm pro \u010ceskou republiku pat\u0159\u00ed z\u00e1jmem <strong>udr\u017eet autoritu NATO<\/strong> jako v\u011brohodn\u00e9 a akceschopn\u00e9 instituce.<br \/>\n3. Do podobn\u00e9 kategorie pat\u0159\u00ed z\u00e1jem <strong>udr\u017eet vnit\u0159n\u00ed soudr\u017enost NATO<\/strong>.<br \/>\n4. Je zn\u00e1mo, \u017ee st\u011bhov\u00e1n\u00ed n\u00e1rod\u016f zni\u010dilo \u0158\u00edmskou \u0159\u00ed\u0161i. K evropsk\u00fdm bezpe\u010dnostn\u00edm rizik\u016fm pat\u0159\u00ed masov\u00e1 migrace jako prvek, kter\u00fd ohro\u017euje evropskou civiliza\u010dn\u00ed tradici v\u016fbec. \u010cesk\u00e1 republika m\u00e1 z\u00e1jem <strong>odstra\u0148ovat p\u0159\u00ed\u010diny p\u0159\u00edpadn\u00e9ho masov\u00e9ho pohybu obyvatelstva<\/strong>. V Kosovu k masov\u00e9mu pohybu ji\u017e do\u0161lo a z\u00e1jmem \u010desk\u00e9 republiky je <strong>vytvo\u0159it bezpe\u010dn\u00e9 podm\u00ednky pro pokojn\u00fd n\u00e1vrat uprchl\u00edk\u016f do sv\u00fdch domov\u016f<\/strong>.<br \/>\n5. Pokud ji\u017e doch\u00e1z\u00ed k migraci, d\u00e1v\u00e1me<strong> p\u0159ednost leg\u00e1ln\u00ed migraci<\/strong> p\u0159ed neleg\u00e1ln\u00ed s v\u011bdom\u00edm, \u017ee <strong>neleg\u00e1ln\u00ed migrace<\/strong> s sebou ve v\u011bt\u0161\u00ed m\u00ed\u0159e p\u0159in\u00e1\u0161\u00ed i <strong>organizovan\u00fd zlo\u010din, kriminalitu a obchod s drogami<\/strong>.<br \/>\n6. M\u00e1me z\u00e1jem na <strong>potrest\u00e1n\u00ed v\u00e1le\u010dn\u00fdch zlo\u010din\u016f a zlo\u010din\u016f proti lidskosti<\/strong>. Na\u0161e zahrani\u010dn\u00ed politika doposud neformulovala pravidla, kter\u00e1 by stanovila obecn\u011b jak\u00fd vliv m\u00e1 dodr\u017eov\u00e1n\u00ed kter\u00fdch lidsk\u00fdch pr\u00e1v na \u010deskou zahrani\u010dn\u00ed politiku.<br \/>\n7. Obvykle se u n\u00e1s uv\u00e1d\u00ed <strong>z\u00e1jem hospod\u00e1\u0159sk\u00fd<\/strong>. Z\u00e1m\u011brn\u011b jej uv\u00e1d\u00edm t\u00e9m\u011b\u0159 na posledn\u00edm m\u00edst\u011b. Jugosl\u00e1vie toti\u017e bude po skon\u010den\u00ed konfliktu p\u0159edev\u0161\u00edm pot\u0159ebovat investice. Pro \u010deskou republiku, kter\u00e1 je kapit\u00e1lov\u011b slab\u00e1, se po skon\u010den\u00ed konfliktu sice naskytnou investi\u010dn\u00ed mo\u017enosti, ale je dost pravd\u011bpodobn\u00e9, \u017ee v konkurenci siln\u011bj\u0161\u00edch st\u00e1t\u016f p\u0159\u00edli\u0161 neobstoj\u00edme. Je pravd\u011bpodobn\u00e9, \u017ee analogicky jako v p\u0159\u00edpad\u011b Kuvajtu, situaci nedok\u00e1\u017eeme vyu\u017e\u00edt. V p\u0159\u00edpad\u011b zklidn\u011bn\u00ed konfliktu v\u0161ak m\u016f\u017eeme uva\u017eovat o obchodn\u00ed v\u00fdm\u011bn\u011b.<br \/>\n8. Doposud vyjmenovan\u00e9 z\u00e1jmy byly spole\u010dn\u00e9 pro v\u0161echny men\u0161\u00ed st\u0159edo a z\u00e1padoevropsk\u00e9 st\u00e1ty. K specificky \u010desk\u00fdm z\u00e1jm\u016fm pat\u0159\u00ed z\u00e1jem na bezpe\u010dn\u00e9m prost\u0159ed\u00ed k tradi\u010dn\u00ed rekreaci. \u010cernohorsk\u00e9 pob\u0159e\u017e\u00ed pat\u0159ilo kdysi k tradi\u010dn\u00edm, o n\u011bco divo\u010dej\u0161\u00edm, m\u00edst\u016fm pro rekreaci na\u0161ich ob\u010dan\u016f.<\/p>\n<p style=\"text-align: justify;\">Tolik k na\u0161im n\u00e1rodn\u00edm z\u00e1jm\u016fm. Pokud n\u011bkdo zn\u00e1 n\u011bjak\u00e9 dal\u0161\u00ed, m\u011bl by je v r\u00e1mci diskuse uv\u00e9st.<\/p>\n<p style=\"text-align: justify;\">M\u00e1m za to, \u017ee se jedn\u00e1 o dost \u201csiln\u00e9\u201d z\u00e1jmy, tak\u017ee si dovedu p\u0159edstavit, \u017ee srovnatelnou protihodnotou m\u016f\u017ee b\u00fdt <strong>\u010desk\u00e1 \u00fa\u010dast dokonce formou pozemn\u00edch sil v dob\u0159e p\u0159ipraven\u00e9 pozemn\u00ed operaci<\/strong>, kter\u00e1 bude m\u00edt za c\u00edl stabilizaci situace a pokojn\u00fd n\u00e1vrat uprchl\u00edk\u016f.<\/p>\n","protected":false},"excerpt":{"rendered":"<p>Ji\u0159\u00ed Payne\u00a05.4.1999 V na\u0161\u00ed zahrani\u010dn\u00ed politice se v posledn\u00ed dob\u011b za\u010dal pou\u017e\u00edvat pojem n\u00e1rodn\u00ed z\u00e1jmy. Dosud se ale nestalo zvykem jednotliv\u00e9 z\u00e1jmy popsat. Zahrani\u010dn\u00ed politika nen\u00ed ani tak v\u00fdslednic\u00ed velk\u00fdch&#8230; <a class=\"read-more-button\" href=\"https:\/\/www.payne.cz\/WP15\/narodni-zajmy\/\">\u010c\u00edst v\u00edce &gt;<\/a><\/p>\n","protected":false},"author":2,"featured_media":0,"comment_status":"closed","ping_status":"closed","sticky":false,"template":"","format":"standard","meta":{"ngg_post_thumbnail":0,"_monsterinsights_skip_tracking":false,"_monsterinsights_sitenote_active":false,"_monsterinsights_sitenote_note":"","_monsterinsights_sitenote_category":0,"footnotes":""},"categories":[10,3,9],"tags":[12,11,5],"class_list":["post-565","post","type-post","status-publish","format-standard","hentry","category-obrana","category-clanky","category-zahrpol","tag-nato","tag-obrana","tag-zahrpol"],"_links":{"self":[{"href":"https:\/\/www.payne.cz\/WP15\/wp-json\/wp\/v2\/posts\/565","targetHints":{"allow":["GET"]}}],"collection":[{"href":"https:\/\/www.payne.cz\/WP15\/wp-json\/wp\/v2\/posts"}],"about":[{"href":"https:\/\/www.payne.cz\/WP15\/wp-json\/wp\/v2\/types\/post"}],"author":[{"embeddable":true,"href":"https:\/\/www.payne.cz\/WP15\/wp-json\/wp\/v2\/users\/2"}],"replies":[{"embeddable":true,"href":"https:\/\/www.payne.cz\/WP15\/wp-json\/wp\/v2\/comments?post=565"}],"version-history":[{"count":2,"href":"https:\/\/www.payne.cz\/WP15\/wp-json\/wp\/v2\/posts\/565\/revisions"}],"predecessor-version":[{"id":570,"href":"https:\/\/www.payne.cz\/WP15\/wp-json\/wp\/v2\/posts\/565\/revisions\/570"}],"wp:attachment":[{"href":"https:\/\/www.payne.cz\/WP15\/wp-json\/wp\/v2\/media?parent=565"}],"wp:term":[{"taxonomy":"category","embeddable":true,"href":"https:\/\/www.payne.cz\/WP15\/wp-json\/wp\/v2\/categories?post=565"},{"taxonomy":"post_tag","embeddable":true,"href":"https:\/\/www.payne.cz\/WP15\/wp-json\/wp\/v2\/tags?post=565"}],"curies":[{"name":"wp","href":"https:\/\/api.w.org\/{rel}","templated":true}]}}