{"id":555,"date":"2015-05-08T05:44:01","date_gmt":"2015-05-08T04:44:01","guid":{"rendered":"http:\/\/www.payne.cz\/WP15\/?p=555"},"modified":"2020-11-14T16:53:46","modified_gmt":"2020-11-14T15:53:46","slug":"ceska-republika-a-sousede-sousede-nasi-prirozeni-spojenci","status":"publish","type":"post","link":"https:\/\/www.payne.cz\/WP15\/ceska-republika-a-sousede-sousede-nasi-prirozeni-spojenci\/","title":{"rendered":"Soused\u00e9, na\u0161i p\u0159irozen\u00ed spojenci?"},"content":{"rendered":"<p style=\"text-align: right;\"><span style=\"color: #339966;\">Ji\u0159\u00ed Payne&nbsp;30. b\u0159ezna 1998<\/span><\/p>\n<p style=\"text-align: justify;\">Pro\u010d je nadpis v t\u00e1zac\u00ed form\u011b? Zku\u0161enosti ukazuj\u00ed, \u017ee soused\u00e9 se zpravidla nejl\u00e9pe znaj\u00ed, maj\u00ed nejv\u00edce kontakt\u016f, ale tak\u00e9 nejv\u00edce sporn\u00fdch z\u00e1le\u017eitost\u00ed a probl\u00e9m\u016f ve vz\u00e1jemn\u00fdch vztaz\u00edch a jsou zpravidla poznamen\u00e1ny historickou z\u00e1t\u011b\u017e\u00ed. S nesousedn\u00edmi zem\u011bmi jsou vztahy zpravidla p\u0159ehledn\u011bj\u0161\u00ed.<\/p>\n<p style=\"text-align: justify;\">Slo\u017eit\u00e1 historie St\u0159edn\u00ed Evropy s sebou p\u0159in\u00e1\u0161ela i \u00fazemn\u00ed zm\u011bny a vznik \u010di z\u00e1nik st\u00e1t\u016f. Proto je pro \u010ceskou republiku nejednozna\u010dn\u00e9, kter\u00e9 st\u00e1ty pova\u017eovat za &#8222;sousedn\u00ed&#8220;. S mnoh\u00fdmi st\u00e1ty jsme soused\u00e9 byli a ji\u017e nejsme. S n\u011bkter\u00fdmi st\u00e1ty jsme byli nejen soused\u00e9, ale m\u00e1me nap\u0159\u00edklad i obdob\u00ed spole\u010dn\u00e9 st\u00e1tnosti. S jistou nads\u00e1zkou m\u016f\u017eeme definovat okruh sousedn\u00edch st\u00e1t\u016f jako zem\u011b s kter\u00fdmi jsme byli v minulosti bu\u010f sou\u010d\u00e1st\u00ed t\u00e9ho\u017e st\u00e1tn\u00edho \u00fatvaru \u010di s nimi\u017e jsme sousedili. Jin\u00fdmi slovy zem\u011b, kde se do na\u0161ich vz\u00e1jemn\u00fdch vztah\u016f emotivn\u011b prom\u00edt\u00e1 v kladn\u00e9m \u010di z\u00e1porn\u00e9m smyslu odkaz minulosti. V takov\u00e9m p\u0159\u00edpad\u011b bychom do podobn\u00e9 kategorie museli zapo\u010d\u00edtat dal\u0161\u00ed t\u00e9m\u011b\u0159 des\u00edtku zem\u00ed.<\/p>\n<p style=\"text-align: justify;\">Z\u00e1jmem \u010cesk\u00e9 republiky je m\u00edt vyv\u00e1\u017een\u00e9 a co nejintensivn\u011bj\u0161\u00ed vztahy se sousedy (nesm\u00edme opakovat chybu \u010deskoslovensk\u00e9 p\u0159edv\u00e1le\u010dn\u00e9 diplomacie a ocitnout se v izolaci od sv\u00fdch soused\u016f). Ve vztaz\u00edch s na\u0161imi vlastn\u00edmi (skute\u010dn\u00fdmi) sousedy je proto t\u0159eba nal\u00e9hav\u011b zlep\u0161it.<\/p>\n<p style=\"text-align: justify;\">Pro zemi velikosti \u010cesk\u00e9 republiky je d\u016fle\u017eit\u00e9, aby mezin\u00e1rodn\u00ed vztahy obecn\u011b (a vztahy se sousedy zejm\u00e9na) byly zalo\u017eeny na mezin\u00e1rodn\u011b-pr\u00e1vn\u00edch norm\u00e1ch, nikoli na &#8222;pr\u00e1vu siln\u011bj\u0161\u00edho&#8220;, a\u010dkoli sp\u00ed\u0161 lze o\u010dek\u00e1vat, \u017ee s postupuj\u00edc\u00ed globalisac\u00ed ekonomick\u00fdch a politick\u00fdch vztah\u016f bude &#8222;s\u00edla&#8220; nab\u00fdvat na v\u00fdznamu.<\/p>\n<p style=\"text-align: justify;\">P\u0159edm\u011btem spor\u016f se v evropsk\u00fdch d\u011bjin\u00e1ch \u010dasto st\u00e1valy hranice. Pro budouc\u00ed integraci do EU je pro \u010cR d\u016fle\u017eit\u00e9, aby m\u011bla smluvn\u011b upravenou hranici se sousedy. V sou\u010dasn\u00e9 dob\u011b m\u00e1me se v\u0161emi sousedy hranice smluvn\u011b upraveny. Hrani\u010dn\u00ed smlouva s N\u011bmeckem obsahuje \u010dl\u00e1nek, podle n\u011bho\u017e je hranice nezm\u011bniteln\u00e1 (resp. nezm\u011bniteln\u00e1 bez souhlasu obou parlament\u016f).<\/p>\n<p style=\"text-align: justify;\">Vztahy se sousedy mus\u00ed vych\u00e1zet ze spole\u010dn\u00fdch z\u00e1jm\u016f dobr\u00fdch sousedsk\u00fdch vztah\u016f, vz\u00e1jemn\u011b v\u00fdhodn\u00fdch ekonomick\u00fdch vztah\u016f, spole\u010dn\u00fdch z\u00e1jm\u016f.<\/p>\n<h5 style=\"text-align: justify;\"><span style=\"color: #008080;\">N\u011bmecko:<\/span><\/h5>\n<p style=\"text-align: justify;\">\u010cesk\u00e1 zahrani\u010dn\u00ed politika vych\u00e1z\u00ed zejm\u00e9na po schv\u00e1len\u00ed deklarace z p\u0159edpokladu, \u017ee federalisovan\u00e9 N\u011bmecko je a bude demokratickou a prosperuj\u00edc\u00ed zem\u00ed. Deklarace definitivn\u011b pr\u00e1vn\u011b i politicky uzav\u0159ela pro \u010cR ot\u00e1zku N\u011bmeck\u00e9 viny na druh\u00e9 sv\u011btov\u00e9 v\u00e1lce. T\u00edm se nevylu\u010duje spole\u010dn\u00e9 studium minulosti.<\/p>\n<p style=\"text-align: justify;\">Sjednocen\u00e9 N\u011bmecko pat\u0159\u00ed k p\u0159edn\u00edm sv\u011btov\u00fdm mocnostem a je tak\u00e9 jedn\u00edm z nejd\u016fle\u017eit\u011bj\u0161\u00edch propag\u00e1tor\u016f a podporovatel\u016f evropsk\u00e9 integrace a tak\u00e9 v\u00fdznamn\u00fdm zp\u016fsobem ovliv\u0148uje integra\u010dn\u00ed procesy na evropsk\u00e9m kontinent\u011b. Pro \u010ceskou republiku je v\u00fdznamn\u00e1 politick\u00e1 podpora v procesu integrace do NATO a EU.<\/p>\n<p style=\"text-align: justify;\">N\u011bmecko m\u00e1 a bude m\u00edt dominuj\u00edc\u00ed v\u00fdznam pro \u010deskou ekonomiku a \u010cesk\u00e1 republika pot\u0159ebuje tyto vztahy udr\u017eovat a prohlubovat. Je rovn\u011b\u017e nejv\u00fdznamn\u011bj\u0161\u00edm investorem v \u010desk\u00e9 ekonomice a je v \u010desk\u00e9m z\u00e1jmu tyto hospod\u00e1\u0159sk\u00e9 vztahy prohlubovat. P\u0159i tom je v\u00fdhodn\u00e9 udr\u017eovat rozumnou diversitu investic.<\/p>\n<p style=\"text-align: justify;\">V r\u00e1mci udr\u017eov\u00e1n\u00ed v\u0161estrann\u00fdch kooperativn\u00edch vztah\u016f je t\u0159eba vyu\u017e\u00edt kulturn\u00edho potenci\u00e1lu obou zem\u00ed a podporovat vz\u00e1jemn\u00e9 pozn\u00e1v\u00e1n\u00ed a obohacov\u00e1n\u00ed. Dobr\u00e9 sousedsk\u00e9 vztahy je t\u0159eba zakl\u00e1dat na vz\u00e1jemn\u00e9m porozum\u011bn\u00ed. T\u00edm se nevylu\u010duje pot\u0159eba kompensovat &#8222;st\u0159edoevropsk\u00e9 zaklet\u00ed&#8220; anglosask\u00fdmi tradicemi.<\/p>\n<p style=\"text-align: justify;\">V\u00fdhodn\u00fdm momentem pro \u010desko-n\u011bmeck\u00e9 vztahy je prohlubov\u00e1n\u00ed region\u00e1ln\u00ed spolupr\u00e1ce (v oblasti civiln\u00edho a nouzov\u00e9ho pl\u00e1nov\u00e1n\u00ed, kultury, vzd\u011bl\u00e1v\u00e1n\u00ed, \u017eivotn\u00edho prost\u0159ed\u00ed, infrastruktury, energetiky, turistiky, samospr\u00e1vy atd.). Doposud udr\u017eovala \u010cesk\u00e1 republika privilegovan\u00e9 vztahy se \u010dty\u0159mi spolkov\u00fdmi zem\u011bmi (Bavorsko, Sasko, Severn\u00ed Por\u00fdn\u00ed-Vestf\u00e1lsko, &#8230;). Obez\u0159etn\u00fdm zp\u016fsobem by bylo vhodn\u00e9 roz\u0161\u00ed\u0159it spolupr\u00e1ci o dal\u0161\u00ed spolkov\u00e9 zem\u011b, nap\u0159. Por\u00fdn\u00ed-Pfalz \u010di S\u00e1rsko, Hamburk, Br\u00e9my.<\/p>\n<p style=\"text-align: justify;\">V \u010desko-n\u011bmeck\u00fdch vztaz\u00edch p\u0159etrv\u00e1v\u00e1 selektivn\u00ed p\u0159ecitliv\u011blost na ot\u00e1zky spojen\u00e9 s minulost\u00ed. Ani \u010desko-n\u011bmeck\u00e1 smlouva, ani deklarace neuspokojuje pln\u011b pot\u0159eby vz\u00e1jemn\u00fdch vztah\u016f. Z \u010desk\u00e9 strany jsou pot\u0159ebn\u00e9 lep\u0161\u00ed porozum\u011bn\u00ed N\u011bmecku (co\u017e neznamen\u00e1 \u00fastup z pozic, ale lep\u0161\u00ed komunikaci) a konsistentn\u00ed kroky a politika vych\u00e1zej\u00edc\u00ed ze skute\u010dn\u00e9ho konsensu a definovan\u00fdch priorit.<\/p>\n<p style=\"text-align: justify;\">Anal\u00fdza dosavadn\u00edch zku\u0161enost\u00ed z posledn\u00edch let ukazuje, \u017ee diskuse o minulosti vztahy sp\u00ed\u0161 traumatisuje, ne\u017e aby je vedla ke katharsi. Pro \u010desk\u00fd vztah k N\u011bmecku je pot\u0159ebn\u00fd pohled dop\u0159edu, do budoucnosti, absence diskontinuit v politice a naopak pozvoln\u00e9 zlep\u0161ov\u00e1n\u00ed vztah\u016f a p\u0159ekon\u00e1v\u00e1n\u00ed psychologick\u00fdch bari\u00e9r.<\/p>\n<p style=\"text-align: justify;\">V r\u00e1mci vstupu \u010cR do EU bude pravd\u011bpodobn\u011b nejsporn\u011bj\u0161\u00edm momentem p\u0159i vyjedn\u00e1v\u00e1n\u00ed mo\u017enost usazov\u00e1n\u00ed N\u011bmeck\u00fdch ob\u010dan\u016f u n\u00e1s a jejich mo\u017enost nakupovat nemovitosti (s ohledem na pr\u016fvodn\u00ed dopis ministra Dienstbiera k \u010desko-n\u011bmeck\u00e9 smlouv\u011b a s p\u0159ihl\u00e9dnut\u00edm k deklaraci a dal\u0161\u00edm pr\u016fvodn\u00edm dopis\u016fm). Vyjedn\u00e1vac\u00ed posice \u010cesk\u00e9 republiky bude velice nesnadn\u00e1.<\/p>\n<p style=\"text-align: justify;\">Smluvn\u00ed z\u00e1kladna je uspokojiv\u00e1, zejm\u00e9na hrani\u010dn\u00ed smlouva je smlouvou velmi modern\u00edho typu. Dal\u0161\u00ed pokrok ve smluvn\u00ed oblasti by m\u011bl b\u00fdt zejm\u00e9na v oblasti pr\u00e1vn\u00ed pomoci.<\/p>\n<h5 style=\"text-align: justify;\"><span style=\"color: #008080;\">Slovensko:<\/span><\/h5>\n<p style=\"text-align: justify;\">Vztahy se Slovenskem se utv\u00e1\u0159ej\u00ed po rozd\u011blen\u00ed federace specifick\u00fdm nadstandardn\u00edm zp\u016fsobem. Jsou v\u0161ak tak\u00e9 nejv\u00edce zat\u00ed\u017eeny ned\u00e1vnou minulost\u00ed.<\/p>\n<p style=\"text-align: justify;\">P\u0159etrv\u00e1v\u00e1 tak\u00e9 historick\u00e1 z\u00e1t\u011b\u017e n\u011bkter\u00fdch nedo\u0159e\u0161en\u00fdch ot\u00e1zek (\u010di pseudoot\u00e1zek) z doby d\u011blen\u00ed federace: probl\u00e9m feder\u00e1ln\u00edho majetku, vlajky, vesnic na Spi\u0161i, feder\u00e1ln\u00edho know-how, slovensk\u00e9ho zlata apod. Naopak nap\u0159. probl\u00e9m st\u00e1tn\u00ed hranice a re\u017eimu na hranici byl uzav\u0159en, podobn\u011b v\u00fdm\u011bna bojnick\u00e9ho olt\u00e1\u0159e (vekorys\u00fdm p\u0159\u00edstupem \u010cesk\u00e9 republiky).<\/p>\n<p style=\"text-align: justify;\">Pozornost je t\u0159eba v\u011bnovat st\u00e1tn\u00ed hranici. Chceme udr\u017eet nadstandardn\u00ed hrani\u010dn\u00ed re\u017eim pro ob\u010dany obou zem\u00ed, kter\u00fd umo\u017en\u00ed z\u00e1rove\u0148 pokud mo\u017eno standardn\u00ed re\u017eim pro ob\u010dany t\u0159et\u00edch st\u00e1t\u016f (na \u00farovni evropsk\u00e9ho standardu migra\u010dn\u00ed a bezpe\u010dnostn\u00ed politiky). S re\u017eimem na hranici mohou vzniknout probl\u00e9my, pokud by se v budoucnu m\u011bla st\u00e1t tato hranice hranic\u00ed EU (organisovan\u00fd zlo\u010din, drogy, zbran\u011b, terorismus &#8211; mo\u017en\u00e9 p\u0159\u00ed\u010diny komplikac\u00ed na \u010desko-slovensk\u00e9 hranici).<\/p>\n<p style=\"text-align: justify;\">Obchodn\u00ed v\u00fdm\u011bna se Slovenskem je st\u00e1le na vysok\u00e9 \u00farovni navzdory drobn\u00fdm nesrovnalostem (certifik\u00e1ty, deposita atd.). Spolupr\u00e1ce mus\u00ed vych\u00e1zet ze shody z\u00e1jm\u016f, spole\u010dn\u00fd postup hledejme v\u0161ude tam, kde to je ku prosp\u011bchu obou zem\u00ed a kde to nen\u00ed v rozporu se z\u00e1jmy \u010cR.<\/p>\n<p style=\"text-align: justify;\">\u010cesk\u00e1 republika by m\u011bla utv\u00e1\u0159et obchodn\u00ed vztahy v r\u00e1mci spolupr\u00e1ce CEFTA, av\u0161ak s ohledem na pravd\u011bpodobn\u00e9 zm\u011bny v CEFTA po p\u0159\u00edpadn\u00e9m roz\u0161\u00ed\u0159en\u00ed EU o \u010cR bez SR.<\/p>\n<p style=\"text-align: justify;\">\u010cesk\u00e1 republika mus\u00ed nad\u00e1le rozv\u00edjet vztahy v oblasti kultury, region\u00e1ln\u00ed spolupr\u00e1ce, \u0161kolstv\u00ed, civiln\u00edho a nouzov\u00e9ho pl\u00e1nov\u00e1n\u00ed, \u017eivotn\u00edho prost\u0159ed\u00ed, infrastruktury, samospr\u00e1vy atd.<\/p>\n<p style=\"text-align: justify;\">Specifickou oblast\u00ed aktivit ODS by se m\u011bla st\u00e1t podpora demokratick\u00fdch pravicov\u00fdch sil na Slovensku, nebo\u0165 je v na\u0161em z\u00e1jmu perspektivn\u00ed za\u010dlen\u011bn\u00ed Slovenska do evropsk\u00fdch a transatlantick\u00fdch struktur. Chybou by byl obvykl\u00fd laxn\u00ed p\u0159\u00edstup, nez\u00e1jem a p\u0159ez\u00edravost. Z\u00e1jmem \u010cR je m\u00edt stabiln\u00edho v\u011brohodn\u00e9ho souseda, otev\u0159en\u00e9 vztahy, komunikovat a spolupracovat.<\/p>\n<h5 style=\"text-align: justify;\"><span style=\"color: #008080;\">Polsko:<\/span><\/h5>\n<p style=\"text-align: justify;\">Pro \u00fazkou spolupr\u00e1ci mezi \u010cR a Polskem je dobr\u00fdm p\u0159edpokladem skute\u010dnost, \u017ee z\u00e1jmy obou st\u00e1t\u016f jsou si v mnoh\u00e9m podobn\u00e9 \u010di bl\u00edzk\u00e9 a v n\u011bkter\u00fdch oblastech jsou dokonce toto\u017en\u00e9.<\/p>\n<p style=\"text-align: justify;\">Bilater\u00e1ln\u00ed dialog je v sou\u010dasnosti velmi intensivn\u00ed. Problematika dvojvlastnick\u00fdch pr\u00e1vn\u00edch pom\u011br\u016f (pozemky na \u00fazem\u00ed jednoho st\u00e1tu ve vlastnictv\u00ed ob\u010dan\u016f druh\u00e9ho st\u00e1tu) byla vcelku uspokojiv\u011b vy\u0159e\u0161ena.<\/p>\n<p style=\"text-align: justify;\">Ve vztaz\u00edch s Polskem n\u011bkter\u00e9 reminiscence z minulosti dosud nejsou p\u0159ekon\u00e1ny a o\u010dek\u00e1v\u00e1 se zt\u00ed\u017een\u00ed vz\u00e1jemn\u00e9 komunikace po integraci obou zem\u00ed do Evropsk\u00e9 unie. Polsko bude v rostouc\u00ed m\u00ed\u0159e aspirovat na postaven\u00ed st\u0159edn\u011b velk\u00e9 evropsk\u00e9 mocnosti a spole\u010dn\u00e9 sjednocuj\u00edc\u00ed integra\u010dn\u00ed z\u00e1jmy pominou. O to d\u016fle\u017eit\u011bj\u0161\u00ed je vyu\u017e\u00edt sou\u010dasn\u00e9ho obdob\u00ed k prohlubov\u00e1n\u00ed vz\u00e1jemn\u00e9ho respektu, pochopen\u00ed, znalosti jazyka a kultury. Pr\u00e1v\u011b v sou\u010dasn\u00e9m p\u0159edintegra\u010dn\u00edm obdob\u00ed je prioritou vedle samotn\u00e9 integrace vytvo\u0159en\u00ed dobr\u00e9 z\u00e1kladny pro vztahy pointegra\u010dn\u00ed.<\/p>\n<p style=\"text-align: justify;\">Polsk\u00e1 republika je spoluzakladatelem CEFTA a v mnoha ohledech m\u00e1 podobn\u00fd p\u0159\u00edstup k t\u00e9to spolupr\u00e1ci.<\/p>\n<p style=\"text-align: justify;\">Na rozd\u00edl od \u010cR klade v\u011bt\u0161\u00ed d\u016fraz na region\u00e1ln\u00ed spolupr\u00e1ci (V4, SEI), Polsko m\u00e1 propracovanou v\u00fdchodn\u00ed politiku.<\/p>\n<h5 style=\"text-align: justify;\"><span style=\"color: #008080;\">Rakousko:<\/span><\/h5>\n<p style=\"text-align: justify;\">Rakousko je mezi na\u0161imi sousedy zem\u00ed, s n\u00ed\u017e historick\u00e9 reminiscence jsou p\u0159ekon\u00e1ny nejv\u00edce. Lze p\u0159edpokl\u00e1dat, \u017ee v r\u00e1mci Evropsk\u00e9 unie bude v budoucnosti na\u0161\u00edm nejlep\u0161\u00edm spojencem (na\u0161e z\u00e1jmy s Rakouskem jsou a budou podobn\u011bj\u0161\u00ed ne\u017e s ostatn\u00edmi sousedy). Rakousko je na\u0161\u00edm &#8222;nejrovnopr\u00e1vn\u011bj\u0161\u00edm&#8220; sousedem. T\u00e9to skute\u010dnosti bychom m\u011bli p\u0159im\u011b\u0159en\u011b vyu\u017e\u00edt a tyto vztahy pe\u010dliv\u011b a systematicky budovat. Pravd\u011bpodobn\u011b nejsnadn\u011bj\u0161\u00ed by m\u011bla b\u00fdt st\u0159edoevropsk\u00e1 kontinent\u00e1ln\u00ed spolupr\u00e1ce uvnit\u0159 Evropsk\u00e9 unie a v budoucnosti i v ZEU a p\u0159\u00edpadn\u011b v NATO.<\/p>\n<p style=\"text-align: justify;\">St\u00ednem v dvoustrann\u00fdch vztaz\u00edch je n\u00e1zor na jadernou energetiku, neprom\u00edt\u00e1 se v\u0161ak do dal\u0161\u00edch vztah\u016f.<\/p>\n<p style=\"text-align: justify;\">Rovn\u011b\u017e n\u00e1roky &#8222;Novoraku\u0161an\u016f&#8220;, \u0159e\u0161en\u00e9 smluvn\u011b, lze pova\u017eovat za uzav\u0159enou ot\u00e1zku.<\/p>\n<p style=\"text-align: justify;\">Bilater\u00e1ln\u00ed vztahy je t\u0159eba zintensivnit i s ohledem na to, \u017ee Raku\u0161an\u00e9 jsou je hlavn\u00edm partnerem p\u0159i p\u0159epo\u010dtu investic na obyvatele.<\/p>\n<p style=\"text-align: justify;\">Vz\u00e1jemn\u00e9 hospod\u00e1\u0159sk\u00e9 vztahy pro\u0161ly rozs\u00e1hl\u00fdm v\u00fdvojem, co\u017e se neobe\u0161lo bez ur\u010dit\u00fdch nap\u011bt\u00ed. Obchodn\u00ed v\u00fdm\u011bna je p\u0159im\u011b\u0159en\u00e1, mno\u017estv\u00ed spole\u010dn\u00fdch podnik\u016f a s Rakouskou \u00fa\u010dast\u00ed a objem investic jsou velmi zna\u010dn\u00e9.<\/p>\n<p style=\"text-align: justify;\">Hranice s Rakouskem je dob\u0159e udr\u017eovan\u00e1 a smluvn\u011b zakotven\u00e1. Jedinou do\u010dasnou komplikac\u00ed by mohlo b\u00fdt uplat\u0148ov\u00e1n\u00ed &#8222;evropsk\u00e9ho&#8220; re\u017eimu na t\u00e9to hranici. Na rozd\u00edl od Slovenska takov\u00fd probl\u00e9m vymiz\u00ed zapojen\u00edm \u010cesk\u00e9 republiky do Evropsk\u00e9 unie.<\/p>\n<p style=\"text-align: justify;\">S ohledem na spolkovou strukturu Rakouska m\u016f\u017ee sehr\u00e1t v\u00fdznamnou roli region\u00e1ln\u00ed spolupr\u00e1ce. Z rakousk\u00e9 strany o n\u00ed je bezesporu z\u00e1jem. \u010cesk\u00e1 zahrani\u010dn\u00ed politika by m\u011bla vymezit r\u00e1mec t\u00e9to spolupr\u00e1ce podobnou formou jako s N\u011bmeckem a z\u00e1rove\u0148 usilovat o co nejbohat\u0161\u00ed vztahy.<\/p>\n<p style=\"text-align: justify;\">&nbsp;<\/p>\n","protected":false},"excerpt":{"rendered":"<p>Ji\u0159\u00ed Payne&nbsp;30. b\u0159ezna 1998 Pro\u010d je nadpis v t\u00e1zac\u00ed form\u011b? Zku\u0161enosti ukazuj\u00ed, \u017ee soused\u00e9 se zpravidla nejl\u00e9pe znaj\u00ed, maj\u00ed nejv\u00edce kontakt\u016f, ale tak\u00e9 nejv\u00edce sporn\u00fdch z\u00e1le\u017eitost\u00ed a probl\u00e9m\u016f ve vz\u00e1jemn\u00fdch&#8230; <a class=\"read-more-button\" href=\"https:\/\/www.payne.cz\/WP15\/ceska-republika-a-sousede-sousede-nasi-prirozeni-spojenci\/\">\u010c\u00edst v\u00edce &gt;<\/a><\/p>\n","protected":false},"author":2,"featured_media":0,"comment_status":"closed","ping_status":"closed","sticky":false,"template":"","format":"standard","meta":{"ngg_post_thumbnail":0,"_monsterinsights_skip_tracking":false,"_monsterinsights_sitenote_active":false,"_monsterinsights_sitenote_note":"","_monsterinsights_sitenote_category":0,"footnotes":""},"categories":[3,9],"tags":[5],"class_list":["post-555","post","type-post","status-publish","format-standard","hentry","category-clanky","category-zahrpol","tag-zahrpol"],"_links":{"self":[{"href":"https:\/\/www.payne.cz\/WP15\/wp-json\/wp\/v2\/posts\/555","targetHints":{"allow":["GET"]}}],"collection":[{"href":"https:\/\/www.payne.cz\/WP15\/wp-json\/wp\/v2\/posts"}],"about":[{"href":"https:\/\/www.payne.cz\/WP15\/wp-json\/wp\/v2\/types\/post"}],"author":[{"embeddable":true,"href":"https:\/\/www.payne.cz\/WP15\/wp-json\/wp\/v2\/users\/2"}],"replies":[{"embeddable":true,"href":"https:\/\/www.payne.cz\/WP15\/wp-json\/wp\/v2\/comments?post=555"}],"version-history":[{"count":2,"href":"https:\/\/www.payne.cz\/WP15\/wp-json\/wp\/v2\/posts\/555\/revisions"}],"predecessor-version":[{"id":2040,"href":"https:\/\/www.payne.cz\/WP15\/wp-json\/wp\/v2\/posts\/555\/revisions\/2040"}],"wp:attachment":[{"href":"https:\/\/www.payne.cz\/WP15\/wp-json\/wp\/v2\/media?parent=555"}],"wp:term":[{"taxonomy":"category","embeddable":true,"href":"https:\/\/www.payne.cz\/WP15\/wp-json\/wp\/v2\/categories?post=555"},{"taxonomy":"post_tag","embeddable":true,"href":"https:\/\/www.payne.cz\/WP15\/wp-json\/wp\/v2\/tags?post=555"}],"curies":[{"name":"wp","href":"https:\/\/api.w.org\/{rel}","templated":true}]}}