{"id":532,"date":"2015-05-07T21:27:27","date_gmt":"2015-05-07T20:27:27","guid":{"rendered":"http:\/\/www.payne.cz\/WP15\/?p=532"},"modified":"2015-06-08T07:42:25","modified_gmt":"2015-06-08T06:42:25","slug":"jak-to-bylo-s-visegradem","status":"publish","type":"post","link":"https:\/\/www.payne.cz\/WP15\/jak-to-bylo-s-visegradem\/","title":{"rendered":"Jak to bylo s Visegr\u00e1dem?"},"content":{"rendered":"<p style=\"text-align: right;\"><span style=\"color: #008080;\">12.6.1994<\/span><\/p>\n<p style=\"text-align: justify;\">Po roce 1989 vedl v\u00fdvoj ve st\u0159edn\u00ed Evrop\u011b k p\u0159irozen\u00e9 koordinaci mezi \u010ceskoslovenskem, Ma\u010farskem a Polskem. Z\u00e1jmy t\u011bchto zem\u00ed byly v n\u011bkter\u00fdch oblastech identick\u00e9.<\/p>\n<p style=\"text-align: justify;\">P\u016fvodn\u00edm hlavn\u00edm motivem t\u00e9to spolupr\u00e1ce byla koordinace postupu ve vztahu k tehdej\u0161\u00edmu Sov\u011btsk\u00e9mu svazu, do jeho\u017e podru\u010d\u00ed st\u0159edoevropsk\u00e9 st\u00e1ty v t\u00e9 dob\u011b je\u0161t\u011b pat\u0159ily.<\/p>\n<p style=\"text-align: justify;\">Spole\u010dn\u00fdm z\u00e1jmem \u010ceskoslovenska, Polska a Ma\u010farska bylo zbavit se vojensk\u00e9, politick\u00e9 a ekonomick\u00e9 z\u00e1vislosti na Sov\u011btsk\u00e9m Svazu, z jeho\u017e strany bylo mo\u017en\u00e9 o\u010dek\u00e1vat bu\u010f pokra\u010dov\u00e1n\u00ed koloni\u00e1ln\u00edho p\u0159\u00edstupu k satelitn\u00edm zem\u00edm, kter\u00fd by evidentn\u011b brzdil demokratiza\u010dn\u00ed proces reforem ve St\u0159edn\u00ed Evrop\u011b, nebo se dalo o\u010dek\u00e1vat v Sov\u011btsk\u00e9m Svazu prohlouben\u00ed politick\u00e9 krize a ekonomick\u00fd pokles, kter\u00fd by m\u011bl destruktivn\u00ed \u00fa\u010dinky i na ekonomiky st\u0159edoevropsk\u00fdch st\u00e1t\u016f, pokud by z\u016fstaly star\u00e9 vazby.<\/p>\n<p style=\"text-align: justify;\">Vztahy t\u0159\u00ed (po rozd\u011blen\u00ed federace \u010dty\u0159) zem\u00ed se od roku 1989 vyv\u00edjely s vlastn\u00ed vnit\u0159n\u00ed logikou. Od sam\u00e9ho za\u010d\u00e1tku se objevily dv\u011b dimenze: hospod\u00e1\u0159sk\u00e1 a vojensk\u00e1, co\u017e lze dok\u00e1zat citac\u00ed dokument\u016f z tehdej\u0161\u00ed doby. Ob\u011b roviny byly zprvu zam\u011b\u0159eny <em>&#8222;destruktivn\u011b&#8220;<\/em>, k ukon\u010den\u00ed \u010dinnosti Var\u0161avsk\u00e9ho paktu a RVHP.<\/p>\n<p style=\"text-align: justify;\">Svoboda, nebo bezpe\u010dnostn\u00ed vakuum?<\/p>\n<p style=\"text-align: justify;\">D\u00edky spole\u010dn\u00e9mu postupu byl Var\u0161avsk\u00fd pakt zru\u0161en a postupn\u011b bylo dosa\u017eeno bilater\u00e1ln\u00edm jedn\u00e1n\u00edm i odchodu sov\u011btsk\u00fdch voj\u00e1k\u016f. Na toto \u00fasp\u011b\u0161n\u00e9 obdob\u00ed nav\u00e1zalo obt\u00ed\u017en\u011bj\u0161\u00ed hled\u00e1n\u00ed dal\u0161\u00ed spolupr\u00e1ce. Vy\u00fastilo v podeps\u00e1n\u00ed n\u011bkolika dokument\u016f a v pom\u011brn\u011b pravideln\u00e9 sch\u016fzky. V\u0161echny t\u0159i a pozd\u011bji \u010dty\u0159i st\u00e1ty se rozhodly orientovat svou bezpe\u010dnostn\u00ed politiku na severoatlantickou alianci.<\/p>\n<p style=\"text-align: justify;\">K posouzen\u00ed tvrzen\u00ed, \u017ee <em>&#8222;ur\u010duj\u00edc\u00edm nebezpe\u010d\u00edm je mocensk\u00e9 a bezpe\u010dnostn\u00ed vakuum&#8220;<\/em> (B. Dole\u017eal, Telegraf 9.5.) se mus\u00edme vr\u00e1tit do doby studen\u00e9 v\u00e1lky. V t\u00e9 dob\u011b poskytovaly ob\u011b supervelmoci sv\u00fdm alian\u010dn\u00edm partner\u016fm pln\u00e9 bezpe\u010dnostn\u00ed garance pr\u00e1v\u011b na mocensk\u00e9m z\u00e1klad\u011b. T\u00edm byl v\u00fdznam ostatn\u00edch rizik potla\u010den.<\/p>\n<p style=\"text-align: justify;\">Jestli\u017ee s koncem bipol\u00e1rn\u00edho sv\u011bta vystoupily do pop\u0159ed\u00ed probl\u00e9my d\u0159\u00edve neviditeln\u00e9, pak m\u016f\u017ee vznikat dojem pro st\u00e1ty, kter\u00e9 usilovaly o to zbavit se ne\u017e\u00e1douc\u00edch vojensk\u00fdch z\u00e1ruk (v na\u0161em p\u0159\u00edpad\u011b Var\u0161avsk\u00fd pakt) a odstranit mocensk\u00fd vliv (v na\u0161em p\u0159\u00edpad\u011b Sov\u011btsk\u00fd Svaz), \u017ee se ocitly v bezpe\u010dnostn\u00edm vakuu.<\/p>\n<p style=\"text-align: justify;\">Bu\u010fme pe\u010dliv\u00ed p\u0159i rozli\u0161ov\u00e1n\u00ed, co je bezpe\u010dnostn\u00ed vakuum a co je svoboda, o n\u00ed\u017e jsme usilovali. Svoboda toti\u017e s sebou nese i p\u0159evzet\u00ed odpov\u011bdnosti za vlastn\u00ed osud, neschopnost p\u0159evz\u00edt odpov\u011bdnost se m\u016f\u017ee prom\u00edtat do pocit\u016f bezpe\u010dnostn\u00edho vakua a snahy sdru\u017eovat se v r\u016fzn\u00fdch seskupen\u00edch.<\/p>\n<p style=\"text-align: justify;\">Alternativn\u00ed bezpe\u010dnostn\u00ed struktury vytvo\u0159en\u00e9 postkomunistick\u00fdmi zem\u011bmi by nebyly \u0159e\u0161en\u00edm. Pro na\u0161\u00ed zahrani\u010dn\u00ed politiku je jednou z priorit \u00fasil\u00ed o pln\u00e9 \u010dlenstv\u00ed v alian\u010dn\u00edm seskupen\u00ed NATO. Od\u016fvodn\u011bn\u00ed mohou b\u00fdt r\u016fzn\u00e1, motivovan\u00e1 bu\u010f anal\u00fdzou bezpe\u010dnostn\u00edch rizik a jejich sni\u017eov\u00e1n\u00edm, nebo argumentuj\u00edc\u00ed st\u0159edoevropsk\u00fdm kontextem a jeho stabilitou, p\u0159\u00edpadn\u011b ochranou demokratick\u00fdch hodnot.<\/p>\n<p style=\"text-align: justify;\">Ka\u017edop\u00e1dn\u011b v\u0161ak mus\u00edme vych\u00e1zet ze st\u0159\u00edzliv\u00fdch anal\u00fdz, nezabarven\u00fdch emotivn\u00edm hodnocen\u00edm, kter\u00e9 sv\u00e1d\u00ed k \u010dernob\u00edl\u00e9mu vid\u011bn\u00ed, bez p\u0159\u00edm\u011br\u016f z ekonomick\u00e9ho sv\u011bta &#8211; bezpe\u010dnost nen\u00ed business.<\/p>\n<p style=\"text-align: justify;\">Historicky nejv\u011bt\u0161\u00edm rizikem pro n\u00e1s byla na\u0161e neschopnost se dohodnout, po\u010d\u00ednaj\u00edce legendou o t\u0159ech prutech, kter\u00e9 se nezlom\u00ed, dokud dr\u017e\u00ed spolu, p\u0159es husitskou a b\u011blohorskou zku\u0161enost a\u017e k roku 1948 a 1968. Zda tomu tak je i dnes se teprve uk\u00e1\u017ee. V tom smyslu souhlas\u00edm s panem Dole\u017ealem, \u017ee na\u0161\u00edm c\u00edlem je b\u00fdt stabilizovanou zem\u00ed ve stabilizovan\u00e9m regionu.<\/p>\n<p style=\"text-align: justify;\">Business nebo hospod\u00e1\u0159sk\u00e1 pomoc?<\/p>\n<p style=\"text-align: justify;\">Pro svobodn\u00fd v\u00fdvoj st\u0159edoevropsk\u00fdch zem\u00ed bylo v po\u010d\u00e1te\u010dn\u00ed f\u00e1zi \u017eivotn\u011b d\u016fle\u017eit\u00e9 vytvo\u0159en\u00ed prostoru pro ekonomickou transformaci. To znamenalo nahradit <em>&#8222;hospod\u00e1\u0159skou pomoc&#8220;<\/em> norm\u00e1ln\u00edmi ekonomick\u00fdmi vztahy. V t\u00e9to oblasti byl v\u00fdvoj po form\u00e1ln\u00ed str\u00e1nce velmi \u00fasp\u011b\u0161n\u00fd. M\u00edsto RVHP existuje seskupen\u00ed CEFTA (dohoda o vytvo\u0159en\u00ed st\u0159edoevropsk\u00e9 z\u00f3ny voln\u00e9ho obchodu). Nyn\u00ed zb\u00fdv\u00e1 posledn\u00ed drobnost, toti\u017e ekonomick\u00e9 vztahy v tr\u017en\u00edm prost\u0159ed\u00ed st\u0159edoevropsk\u00fdch zem\u00ed rozvinout. Prozat\u00edm toti\u017e nap\u0159. n\u00e1\u0161 obchod s Polskem nebo Ma\u010farskem dosahuje v\u00fd\u0161e n\u011bkolika procent na\u0161eho celkov\u00e9ho obchodu. Pokud se d\u00edv\u00e1m na v\u00fdvojov\u00e9 linie z\u00e1padoevropsk\u00fdch integra\u010dn\u00edch snah a na \u010dasov\u00e9 tabulky obsa\u017een\u00e9 v dohod\u011b CEFTA, doch\u00e1z\u00edm jednozna\u010dn\u011b k on\u011bm deseti rok\u016fm, pot\u0159ebn\u00fdm pro vytvo\u0159en\u00ed siln\u011bj\u0161\u00edch hospod\u00e1\u0159sk\u00fdch vztah\u016f.<\/p>\n<p style=\"text-align: justify;\">Perspektiva deseti let<\/p>\n<p style=\"text-align: justify;\">Lze realisticky o\u010dek\u00e1vat, \u017ee s rozvojem hospod\u00e1\u0159sk\u00fdch vztah\u016f dojde i k postupn\u00e9mu prohlouben\u00ed politick\u00fdch vztah\u016f a k rozvinut\u00ed vztah\u016f mezi arm\u00e1dami st\u0159edoevropsk\u00fdch zem\u00ed. (Do toho nepo\u010d\u00edt\u00e1m aktivity v r\u00e1mci Partnerstv\u00ed pro m\u00edr, kter\u00e1 se op\u00edr\u00e1 o z\u00e1klady vybudovan\u00fdch syst\u00e9m\u016f NATO na z\u00e1klad\u011b vzorce 16+1)<\/p>\n<p style=\"text-align: justify;\">Zat\u00edmco Polsk\u00e1 arm\u00e1da m\u00e1 ji\u017e \u010d\u00e1st transformace za sebou a na\u0161e po\u010d\u00edt\u00e1 s operativn\u00ed perspektivou roku devades\u00e1t \u0161est a c\u00edlov\u00fdm rokem 2005, nap\u0159\u00edklad slovensk\u00e1 arm\u00e1da bude mo\u017en\u00e1 pot\u0159ebovat trochu v\u00edce \u010dasu. To znamen\u00e1, \u017ee spole\u010dn\u00e9 aktivity mohou m\u00edt podobu ad hoc spolupr\u00e1ce. Na konzistentn\u00ed stabiln\u00ed a trval\u00e9 z\u00e1klady pro spolupr\u00e1ci si skute\u010dn\u011b je\u0161t\u011b nejsp\u00ed\u0161 po\u010dk\u00e1me n\u011bjak\u00fdch deset let.<\/p>\n<p style=\"text-align: justify;\">P\u0159edv\u00eddat budoucnost pochopiteln\u011b nem\u016f\u017eeme, p\u0159esto v\u0161ak si mus\u00edme trochu rozvrhnout s\u00edly. Klon\u00edm se k tomu, abychom se sp\u00ed\u0161 p\u0159ipravovali na <em>&#8222;b\u011bh na dlouh\u00e9 trati&#8220;<\/em>. D\u00e1v\u00e1m p\u0159ednost budov\u00e1n\u00ed kvalitn\u00edch z\u00e1klad\u016f p\u0159ed spekulativn\u00edm trikem, kter\u00fd by n\u00e1s, pokud by se poda\u0159il, mo\u017en\u00e1 mohl p\u0159iv\u00e9st do n\u00e1ru\u010de bezpe\u010dnostn\u00edch garanc\u00ed, ale za cenu problematick\u00fdch nap\u011bt\u00ed a kriz\u00ed po takov\u00e9m triku zpravidla n\u00e1sleduj\u00edc\u00edch.<\/p>\n<p style=\"text-align: justify;\">By\u0165 by se v\u0161ak takov\u00fd ne\u010dekan\u00fd zvrat na evropsk\u00e9 sc\u00e9n\u011b odehr\u00e1l a my jsme se ocitli p\u0159es noc v NATO, stejn\u011b n\u00e1m i potom nezbude nic jin\u00e9ho, ne\u017e systematicky vyhodnocovat vlastn\u00ed bezpe\u010dnost a sna\u017eit se ji zajistit p\u0159edev\u0161\u00edm vlastn\u00edmi silami a tyto s\u00edly si z vlastn\u00edho rozpo\u010dtu zaplatit. Jen takov\u00fd st\u00e1t toti\u017e m\u016f\u017ee b\u00fdt rovnopr\u00e1vn\u00fdm \u010dlenem NATO, jen takov\u00fd st\u00e1t m\u016f\u017ee o\u010dek\u00e1vat slib pomoci v p\u0159\u00edpad\u011b ohro\u017een\u00ed od alian\u010dn\u00edch partner\u016f.<\/p>\n","protected":false},"excerpt":{"rendered":"<p>12.6.1994 Po roce 1989 vedl v\u00fdvoj ve st\u0159edn\u00ed Evrop\u011b k p\u0159irozen\u00e9 koordinaci mezi \u010ceskoslovenskem, Ma\u010farskem a Polskem. Z\u00e1jmy t\u011bchto zem\u00ed byly v n\u011bkter\u00fdch oblastech identick\u00e9. P\u016fvodn\u00edm hlavn\u00edm motivem t\u00e9to spolupr\u00e1ce&#8230; <a class=\"read-more-button\" href=\"https:\/\/www.payne.cz\/WP15\/jak-to-bylo-s-visegradem\/\">\u010c\u00edst v\u00edce &gt;<\/a><\/p>\n","protected":false},"author":2,"featured_media":0,"comment_status":"closed","ping_status":"closed","sticky":false,"template":"","format":"standard","meta":{"ngg_post_thumbnail":0,"_monsterinsights_skip_tracking":false,"_monsterinsights_sitenote_active":false,"_monsterinsights_sitenote_note":"","_monsterinsights_sitenote_category":0,"footnotes":""},"categories":[3,9],"tags":[5],"class_list":["post-532","post","type-post","status-publish","format-standard","hentry","category-clanky","category-zahrpol","tag-zahrpol"],"_links":{"self":[{"href":"https:\/\/www.payne.cz\/WP15\/wp-json\/wp\/v2\/posts\/532","targetHints":{"allow":["GET"]}}],"collection":[{"href":"https:\/\/www.payne.cz\/WP15\/wp-json\/wp\/v2\/posts"}],"about":[{"href":"https:\/\/www.payne.cz\/WP15\/wp-json\/wp\/v2\/types\/post"}],"author":[{"embeddable":true,"href":"https:\/\/www.payne.cz\/WP15\/wp-json\/wp\/v2\/users\/2"}],"replies":[{"embeddable":true,"href":"https:\/\/www.payne.cz\/WP15\/wp-json\/wp\/v2\/comments?post=532"}],"version-history":[{"count":2,"href":"https:\/\/www.payne.cz\/WP15\/wp-json\/wp\/v2\/posts\/532\/revisions"}],"predecessor-version":[{"id":1150,"href":"https:\/\/www.payne.cz\/WP15\/wp-json\/wp\/v2\/posts\/532\/revisions\/1150"}],"wp:attachment":[{"href":"https:\/\/www.payne.cz\/WP15\/wp-json\/wp\/v2\/media?parent=532"}],"wp:term":[{"taxonomy":"category","embeddable":true,"href":"https:\/\/www.payne.cz\/WP15\/wp-json\/wp\/v2\/categories?post=532"},{"taxonomy":"post_tag","embeddable":true,"href":"https:\/\/www.payne.cz\/WP15\/wp-json\/wp\/v2\/tags?post=532"}],"curies":[{"name":"wp","href":"https:\/\/api.w.org\/{rel}","templated":true}]}}