{"id":525,"date":"2015-05-07T21:11:57","date_gmt":"2015-05-07T20:11:57","guid":{"rendered":"http:\/\/www.payne.cz\/WP15\/?p=525"},"modified":"2015-06-01T11:35:35","modified_gmt":"2015-06-01T10:35:35","slug":"do-jake-evropy-vstupujeme","status":"publish","type":"post","link":"https:\/\/www.payne.cz\/WP15\/do-jake-evropy-vstupujeme\/","title":{"rendered":"Do jak\u00e9 Evropy vstupujeme"},"content":{"rendered":"<p style=\"text-align: right;\"><span style=\"color: #339966;\">Ji\u0159\u00ed Payne\u00a013. dubna 1993<\/span><\/p>\n<p style=\"text-align: justify;\">Rozd\u011blen\u00edm federace u n\u00e1s skon\u010dilo revolu\u010dn\u00ed obdob\u00ed p\u0159evratn\u00fdch politick\u00fdch spor\u016f a obdob\u00ed nejz\u00e1sadn\u011bj\u0161\u00edch zm\u011bn. Na\u0161i lid\u00e9 se p\u0159im\u011b\u0159en\u011b identifikovali s nov\u00fdm st\u00e1tem a tu a tam se oz\u00fdvaj\u00ed i slova hrdosti. Pokud jde o budoucnost \u010cesk\u00e9 republiky, jsou o\u010dek\u00e1v\u00e1n\u00ed pro nejbli\u017e\u0161\u00ed l\u00e9ta u n\u00e1s i v zahrani\u010d\u00ed optimistick\u00e1.<\/p>\n<p style=\"text-align: justify;\">Na\u0161e ve\u0159ejnost si celkem zvykla na dynamiku spojenou s rychl\u00fdm v\u00fdvojem doprov\u00e1zen\u00fdm mno\u017estv\u00edm zm\u011bn, na\u0161e vl\u00e1da si zase zvykla zm\u011bny p\u0159edem v\u010das ozn\u00e1mit. Mohli bychom za\u010d\u00edt hovo\u0159it o stabilizaci politick\u00e9ho syst\u00e9mu a jeho p\u0159ipravenosti na dal\u0161\u00ed nevyhnuteln\u00e9 zm\u011bny.<\/p>\n<p style=\"text-align: justify;\">Z\u00e1rove\u0148 se za\u010d\u00edn\u00e1me rozhl\u00ed\u017eet po sv\u011bt\u011b, kter\u00fd n\u00e1s obklopuje, a ne v\u017edy m\u016f\u017eeme b\u00fdt nad\u0161eni. Jednou jsou to u n\u00e1s p\u0159ehnan\u011b zd\u016fraz\u0148ovan\u00e9 hlasy n\u011bkter\u00fdch sudetsk\u00fdch N\u011bmc\u016f, co n\u00e1m m\u00edrn\u011b nah\u00e1n\u011bj\u00ed strach, jindy nar\u00e1\u017e\u00edme na nepochopiteln\u00e9 obchodn\u00ed bari\u00e9ry &#8211; nap\u0159\u00edklad kdy\u017e jde o v\u00fdvoz na\u0161\u00ed oceli \u010di masa a nakonec se pot\u00fdk\u00e1me s dumpingov\u00fdmi cenami dov\u00e1\u017een\u00fdch jablek. Nejsme v tom sami, podobn\u00e9 probl\u00e9my s Evropsk\u00fdm spole\u010denstv\u00edm maj\u00ed i Spojen\u00e9 st\u00e1ty.<\/p>\n<p style=\"text-align: justify;\">Zat\u00edmco p\u0159ed t\u0159emi lety zazn\u00edvaly od na\u0161ich z\u00e1padoevropsk\u00fdch soused\u016f hlasy volaj\u00edc\u00ed po privatizaci a tr\u017en\u00edm hospod\u00e1\u0159stv\u00ed, dnes, kdy\u017e se sna\u017e\u00edme tr\u017en\u00ed pravidla uplat\u0148ovat, tu a tam sly\u0161\u00edme ze z\u00e1padu: &#8222;Trh ano, ale ne tak moc, privatizace ano, ale ne tak rychle.&#8220;<\/p>\n<p style=\"text-align: justify;\">Jakoby se Evropsk\u00e9 spole\u010denstv\u00ed ob\u00e1valo p\u0159\u00edli\u0161 rychle se vyv\u00edjej\u00edc\u00edch mlad\u00fdch demokraci\u00ed a jakoby se uzav\u00edralo do sebe. P\u0159ev\u00e1\u017eila koncepce prohlubov\u00e1n\u00ed nad roz\u0161i\u0159ov\u00e1n\u00edm ES, kter\u00e9 nechce-li ztratit vlastn\u00ed presti\u017e a politick\u00fd vliv v zem\u00edch st\u0159edn\u00ed a v\u00fdchodn\u00ed Evropy, mus\u00ed si naj\u00edt n\u011bjak\u00e9 od\u016fvodn\u011bn\u00ed pro p\u0159ibr\u017ed\u011bn\u00ed ve vz\u00e1jemn\u00fdch vztaz\u00edch.<\/p>\n<p style=\"text-align: justify;\">S t\u00edm, jak na\u0161e zku\u0161enosti s okoln\u00edm sv\u011btem rostou, za\u010d\u00edn\u00e1me ch\u00e1pat, \u017ee na\u0161\u00edm partnerem nejsou st\u00e1ty podobn\u00e9 dobro\u010dinn\u00fdm organizac\u00edm, kter\u00e9 jen pro sympatie k na\u0161\u00ed zemi n\u00e1m budou pom\u00e1hat. Ostatn\u011b v minulosti jsme si to ji\u017e v\u00edcekr\u00e1t vyzkou\u0161eli, nap\u0159. v roce 1938, a mohli bychom se p\u0159i tro\u0161e zobecn\u011bn\u00ed kone\u010dn\u011b pou\u010dit: kdykoli jsme spol\u00e9hali na pomoc ze zahrani\u010d\u00ed, v\u017edycky se n\u00e1m to nevyplatilo.<\/p>\n<p style=\"text-align: justify;\">Z\u00e1padn\u00ed Evropa se dosud zcela nevyrovnala s ukon\u010den\u00edm studen\u00e9 v\u00e1lky a pot\u0159ebovala by trochu sametov\u00e9ho probuzen\u00ed. Pokud jsme pro z\u00e1padn\u00ed Evropu zhruba t\u00edm, \u010d\u00edm jsou pro z\u00e1padn\u00ed N\u011bmce Osis (obyvatel\u00e9 b\u00fdval\u00e9ho NDR), nezb\u00fdv\u00e1 n\u00e1m ne\u017e z\u00e1rove\u0148 s procesem sebeuv\u011bdomov\u00e1n\u00ed co nejintensivn\u011bji pe\u010dovat o na\u0161e vlastn\u00ed z\u00e1jmy. V\u00edme-li, \u017ee nem\u00e1me p\u0159\u00edli\u0161 spol\u00e9hat na pomoc ze zahrani\u010d\u00ed, pak ani\u017e bychom zpochybnili integra\u010dn\u00ed procesy a mezin\u00e1rodn\u00ed spolupr\u00e1ci, je n\u00e1m o to jasn\u011bj\u0161\u00ed: Mus\u00edme se o sebe p\u0159edev\u0161\u00edm postarat sami.<\/p>\n","protected":false},"excerpt":{"rendered":"<p>Ji\u0159\u00ed Payne\u00a013. dubna 1993 Rozd\u011blen\u00edm federace u n\u00e1s skon\u010dilo revolu\u010dn\u00ed obdob\u00ed p\u0159evratn\u00fdch politick\u00fdch spor\u016f a obdob\u00ed nejz\u00e1sadn\u011bj\u0161\u00edch zm\u011bn. Na\u0161i lid\u00e9 se p\u0159im\u011b\u0159en\u011b identifikovali s nov\u00fdm st\u00e1tem a tu a tam&#8230; <a class=\"read-more-button\" href=\"https:\/\/www.payne.cz\/WP15\/do-jake-evropy-vstupujeme\/\">\u010c\u00edst v\u00edce &gt;<\/a><\/p>\n","protected":false},"author":2,"featured_media":0,"comment_status":"closed","ping_status":"closed","sticky":false,"template":"","format":"standard","meta":{"ngg_post_thumbnail":0,"_monsterinsights_skip_tracking":false,"_monsterinsights_sitenote_active":false,"_monsterinsights_sitenote_note":"","_monsterinsights_sitenote_category":0,"footnotes":""},"categories":[3,9],"tags":[5],"class_list":["post-525","post","type-post","status-publish","format-standard","hentry","category-clanky","category-zahrpol","tag-zahrpol"],"_links":{"self":[{"href":"https:\/\/www.payne.cz\/WP15\/wp-json\/wp\/v2\/posts\/525","targetHints":{"allow":["GET"]}}],"collection":[{"href":"https:\/\/www.payne.cz\/WP15\/wp-json\/wp\/v2\/posts"}],"about":[{"href":"https:\/\/www.payne.cz\/WP15\/wp-json\/wp\/v2\/types\/post"}],"author":[{"embeddable":true,"href":"https:\/\/www.payne.cz\/WP15\/wp-json\/wp\/v2\/users\/2"}],"replies":[{"embeddable":true,"href":"https:\/\/www.payne.cz\/WP15\/wp-json\/wp\/v2\/comments?post=525"}],"version-history":[{"count":1,"href":"https:\/\/www.payne.cz\/WP15\/wp-json\/wp\/v2\/posts\/525\/revisions"}],"predecessor-version":[{"id":526,"href":"https:\/\/www.payne.cz\/WP15\/wp-json\/wp\/v2\/posts\/525\/revisions\/526"}],"wp:attachment":[{"href":"https:\/\/www.payne.cz\/WP15\/wp-json\/wp\/v2\/media?parent=525"}],"wp:term":[{"taxonomy":"category","embeddable":true,"href":"https:\/\/www.payne.cz\/WP15\/wp-json\/wp\/v2\/categories?post=525"},{"taxonomy":"post_tag","embeddable":true,"href":"https:\/\/www.payne.cz\/WP15\/wp-json\/wp\/v2\/tags?post=525"}],"curies":[{"name":"wp","href":"https:\/\/api.w.org\/{rel}","templated":true}]}}