{"id":496,"date":"2015-05-03T21:21:19","date_gmt":"2015-05-03T20:21:19","guid":{"rendered":"http:\/\/www.payne.cz\/WP15\/?p=496"},"modified":"2019-02-25T23:06:43","modified_gmt":"2019-02-25T22:06:43","slug":"pozdrav-presidenta-vaclava-klause-delegatum-ustavujiciho-snemu","status":"publish","type":"post","link":"https:\/\/www.payne.cz\/WP15\/pozdrav-presidenta-vaclava-klause-delegatum-ustavujiciho-snemu\/","title":{"rendered":"Pozdrav presidenta V\u00e1clava Klause deleg\u00e1t\u016fm ustavuj\u00edc\u00edho sn\u011bmu"},"content":{"rendered":"<p><iframe loading=\"lazy\" width=\"690\" height=\"518\" src=\"https:\/\/www.youtube.com\/embed\/hShcjlejiY8?feature=oembed\" frameborder=\"0\" allow=\"accelerometer; autoplay; encrypted-media; gyroscope; picture-in-picture\" allowfullscreen><\/iframe><\/p>\n<div style=\"width: 320px;\" class=\"wp-video\"><!--[if lt IE 9]><script>document.createElement('video');<\/script><![endif]-->\n<video class=\"wp-video-shortcode\" id=\"video-496-1\" width=\"320\" height=\"240\" preload=\"metadata\" controls=\"controls\"><source type=\"video\/x-ms-wmv\" src=\"https:\/\/www.payne.cz\/WP15\/wp-content\/uploads\/2015\/05\/Untitled_0002-Klausova-zdravice.wmv?_=1\" \/><a href=\"https:\/\/www.payne.cz\/WP15\/wp-content\/uploads\/2015\/05\/Untitled_0002-Klausova-zdravice.wmv\">https:\/\/www.payne.cz\/WP15\/wp-content\/uploads\/2015\/05\/Untitled_0002-Klausova-zdravice.wmv<\/a><\/video><\/div>\n<p style=\"text-align: right;\"><span style=\"color: #339966;\">14.2.2009<\/span><\/p>\n","protected":false},"excerpt":{"rendered":"<p>14.2.2009<\/p>\n","protected":false},"author":2,"featured_media":0,"comment_status":"closed","ping_status":"closed","sticky":false,"template":"","format":"standard","meta":{"ngg_post_thumbnail":0,"_monsterinsights_skip_tracking":false,"_monsterinsights_sitenote_active":false,"_monsterinsights_sitenote_note":"","_monsterinsights_sitenote_category":0,"footnotes":""},"categories":[13,16,14],"tags":[6,18,19],"class_list":["post-496","post","type-post","status-publish","format-standard","hentry","category-dompol","category-svobodni","category-video","tag-dompol","tag-svobodi","tag-videonahravka"],"_links":{"self":[{"href":"https:\/\/www.payne.cz\/WP15\/wp-json\/wp\/v2\/posts\/496","targetHints":{"allow":["GET"]}}],"collection":[{"href":"https:\/\/www.payne.cz\/WP15\/wp-json\/wp\/v2\/posts"}],"about":[{"href":"https:\/\/www.payne.cz\/WP15\/wp-json\/wp\/v2\/types\/post"}],"author":[{"embeddable":true,"href":"https:\/\/www.payne.cz\/WP15\/wp-json\/wp\/v2\/users\/2"}],"replies":[{"embeddable":true,"href":"https:\/\/www.payne.cz\/WP15\/wp-json\/wp\/v2\/comments?post=496"}],"version-history":[{"count":3,"href":"https:\/\/www.payne.cz\/WP15\/wp-json\/wp\/v2\/posts\/496\/revisions"}],"predecessor-version":[{"id":1793,"href":"https:\/\/www.payne.cz\/WP15\/wp-json\/wp\/v2\/posts\/496\/revisions\/1793"}],"wp:attachment":[{"href":"https:\/\/www.payne.cz\/WP15\/wp-json\/wp\/v2\/media?parent=496"}],"wp:term":[{"taxonomy":"category","embeddable":true,"href":"https:\/\/www.payne.cz\/WP15\/wp-json\/wp\/v2\/categories?post=496"},{"taxonomy":"post_tag","embeddable":true,"href":"https:\/\/www.payne.cz\/WP15\/wp-json\/wp\/v2\/tags?post=496"}],"curies":[{"name":"wp","href":"https:\/\/api.w.org\/{rel}","templated":true}]}}