{"id":463,"date":"2015-05-03T20:12:39","date_gmt":"2015-05-03T19:12:39","guid":{"rendered":"http:\/\/www.payne.cz\/WP15\/?p=463"},"modified":"2015-05-04T09:19:11","modified_gmt":"2015-05-04T08:19:11","slug":"tak-se-z-lesa-ozyva","status":"publish","type":"post","link":"https:\/\/www.payne.cz\/WP15\/tak-se-z-lesa-ozyva\/","title":{"rendered":"Tak se z lesa oz\u00fdv\u00e1 \u2026"},"content":{"rendered":"<p style=\"text-align: right;\"><span style=\"color: #339966;\"> Ji\u0159\u00ed Payne 3.5.2015<\/span><\/p>\n<p style=\"text-align: justify;\">Vlastn\u011b jsem v\u016fbec nem\u011bl v\u00a0\u00famyslu zve\u0159ej\u0148ovat n\u011bjak\u00e9 \u00favahy o stavu ODS, ale kdy\u017e se pan Houfek v\u00a0\u010dl\u00e1nku <a href=\"http:\/\/neviditelnypes.lidovky.cz\/politika-o-dvou-vejcich-a-pravicovem-kaviaru-f32-\/p_politika.asp?c=A100915_195729_p_politika_wag\"><strong>O dvou vejc\u00edch a pravicov\u00e9m kavi\u00e1ru<\/strong><\/a> pustil s\u00a0vervou do Svobodn\u00fdch, pokus\u00edm se nazna\u010dit pohled na sou\u010dasnou politickou situaci.<\/p>\n<p style=\"text-align: justify;\"><span style=\"color: #99ccff;\"><strong>ODS je v\u00e1\u017en\u011b nemocn\u00e1 instituce a nel\u00e9\u010d\u00ed se<\/strong><\/span><\/p>\n<p style=\"text-align: justify;\">Po ztr\u00e1t\u011b poloviny voli\u010d\u016f b\u00fdv\u00e1 v\u00a0politick\u00fdch stran\u00e1ch obvykl\u00e9, \u017ee se od\u011bj\u00ed v\u00a0\u010dern\u00e9 sukno a \u017ee \u010din\u00ed pok\u00e1n\u00ed. Hlubokou ideovou sebereflexi doprov\u00e1z\u00ed person\u00e1ln\u00ed zem\u011bt\u0159esen\u00ed. Za n\u011bkolik let se pak p\u0159\u00edpadn\u011b m\u016f\u017ee obrozen\u00e1 strana uch\u00e1zet znovu o d\u016fv\u011bru.<\/p>\n<p style=\"text-align: justify;\">Po prohran\u00fdch region\u00e1ln\u00edch volb\u00e1ch se v\u00a0ODS nekonalo nic, po proh\u0159e ve\u00a0sn\u011bmovn\u00edch volb\u00e1ch historickou shodou okolnost\u00ed ODS sestavuje vl\u00e1du a dost\u00e1v\u00e1 se k\u00a0moci. Odm\u011bnu pro v\u00edt\u011bze dostal pora\u017een\u00fd.<\/p>\n<p style=\"text-align: justify;\">N\u00e1prava ODS, n\u00e1vrat svobodn\u00e9 sout\u011b\u017ee n\u00e1zor\u016f, n\u00e1pad\u016f, my\u0161lenek a iniciativ, svobodn\u00e9 sout\u011b\u017ee osobnost\u00ed v\u00a0prost\u0159ed\u00ed z\u00e1kulisn\u00edch dohod a manipulac\u00ed, se tak odsouv\u00e1 do nedohledna. Zm\u011bna pohodln\u00e9ho n\u00e1vyku, \u017ee veden\u00ed v\u00a0r\u00e1mci stranick\u00e9 hierarchie nemus\u00ed br\u00e1t \u017e\u00e1dn\u00fd ohled na m\u00edn\u011bn\u00ed \u010dlen\u016f, tak\u00e9. \u010clenov\u00e9 rezignovali na svou odpov\u011bdnost za\u00a0politiku strany. Absence zp\u011btn\u00e9 vazby a autokratick\u00e9 veden\u00ed m\u00e1 za n\u00e1sledek neefektivnost jedn\u00e1n\u00ed: a\u010dkoliv se st\u00e1le sch\u016fzuje, mno\u017estv\u00ed politick\u00fdch rozhodnut\u00ed za jednotku \u010dasu je t\u00e9m\u011b\u0159 nulov\u00e9. Obsahem jedn\u00e1n\u00ed nen\u00ed t\u0159\u00edben\u00ed n\u00e1zor\u016f sm\u011b\u0159uj\u00edc\u00ed k\u00a0rozhodnut\u00ed, politika je \u010dlen\u016fm oznamov\u00e1na, nepod\u00edlej\u00ed se na n\u00ed.<\/p>\n<p style=\"text-align: justify;\"><span style=\"color: #99ccff;\"><strong>Koalice pr\u016fm\u011brn\u00fdch s neschopn\u00fdmi<\/strong><\/span><\/p>\n<p style=\"text-align: justify;\">Zku\u0161enosti ukazuj\u00ed, \u017ee profil politik\u016f p\u0159esn\u011b odpov\u00edd\u00e1 tomu, jak byli vybr\u00e1ni. Proto se ji\u017e n\u011bkolik des\u00edtek let zam\u011b\u0159uje pozornost ve\u0159ejnosti v\u00a0mnoha zemn\u00edch na prim\u00e1rky politick\u00fdch stran. Nominace kandid\u00e1t\u016f se stala ve\u0159ejnou z\u00e1le\u017eitost\u00ed, proto\u017ee se zjistilo, \u017ee kolem v\u00fdb\u011bru kandid\u00e1t\u016f se d\u011bj\u00ed ty nejodporn\u011bj\u0161\u00ed v\u011bci, jak\u00e9 v\u00a0politice mohou b\u00fdt. Je velk\u00fd rozd\u00edl, zda se kandid\u00e1t vyb\u00edr\u00e1 na z\u00e1klad\u011b f\u00e9rov\u00e9ho konkuren\u010dn\u00edho st\u0159et\u00e1v\u00e1n\u00ed, nebo zda se stal politikem na z\u00e1klad\u011b z\u00e1kulisn\u00edch manipulac\u00ed a tajn\u00fdch dohod. Hlavn\u011b se to pozn\u00e1 na vlastnostech vybran\u00fdch politik\u016f, kte\u0159\u00ed pak maj\u00ed j\u00edt do voleb. Kdy\u017e jsou politikov\u00e9 vyb\u00edr\u00e1ni na z\u00e1klad\u011b z\u00e1kulisn\u00edch dohod bez konkuren\u010dn\u00edho soupe\u0159en\u00ed, nejsou schopn\u00ed v\u00a0m\u00e9di\u00edch argumentovat, nejsou politicky kreativn\u00ed. Kdy\u017e jsou zvoleni a maj\u00ed organizovat nap\u0159\u00edklad v\u00fdb\u011brov\u00e1 \u0159\u00edzen\u00ed, samoz\u0159ejm\u011b nam\u00edsto f\u00e9rov\u00e9 ve\u0159ejn\u00e9 sout\u011b\u017ee p\u0159i v\u00fdb\u011brov\u00fdch \u0159\u00edzen\u00edch daj\u00ed p\u0159ednost z\u00e1kulisn\u00edm dohod\u00e1m a v\u0161emu temn\u00e9mu, co se s\u00a0ve\u0159ejn\u00fdmi zak\u00e1zkami zpravidla spojuje. V\u017edy\u0165 do politiky se dostali jen proto, \u017ee obe\u0161li konkuren\u010dn\u00ed sout\u011b\u017e.<\/p>\n<p style=\"text-align: justify;\">Je ve\u0159ejn\u00fdm tajemstv\u00edm, \u017ee se na mnoha m\u00edstech v\u00a0ODS kandid\u00e1tka sestavuje z\u00e1kulisn\u00ed dohodou, n\u011bkdy a\u017e spikleneckou, a pak se sehraje podvodn\u00e1 divadeln\u00ed hra na demokracii: p\u0159edem domluven\u00e1 kandid\u00e1tka je jakoby vyprodukov\u00e1na procedurou, kter\u00e1 m\u00e1 vytvo\u0159it zd\u00e1n\u00ed demokracie. V\u00a0ODS dokonce potk\u00e1te v\u00fdznamn\u00e9 p\u0159edstavitele, kte\u0159\u00ed tvrd\u00ed, \u017ee syst\u00e9m z\u00e1kulisn\u00edch jedn\u00e1n\u00ed je tou jedin\u011b spr\u00e1vnou podobou politiky.<\/p>\n<p style=\"text-align: justify;\">Dlouhodob\u00e9 pou\u017e\u00edv\u00e1n\u00ed zmanipulovan\u00fdch voleb vede k\u00a0tomu, \u017ee se nakonec ustav\u00ed hlasovac\u00ed koalice pr\u016fm\u011brn\u00fdch s\u00a0neschopn\u00fdmi, jak to kdysi nazval jeden m\u016fj p\u0159\u00edtel. Neschopn\u00fdch je v\u011bt\u0161ina a pr\u016fm\u011brn\u00ed v\u011bd\u00ed, \u017ee v\u00a0konkuren\u010dn\u00edm prost\u0159ed\u00ed by nikdy nedostali \u0161anci. Spojenectv\u00ed pr\u016fm\u011brn\u00fdch s\u00a0neschopn\u00fdmi jim zaji\u0161\u0165uje neot\u0159esiteln\u00e9 mocensk\u00e9 postaven\u00ed. Mohou si zvolit kohokoli kamkoli, kdy\u017e se na tom dohodnou. Maj\u00ed jedin\u00e9 p\u0159ik\u00e1z\u00e1n\u00ed: nedovolit schopn\u00fdm, aby obnovili konkuren\u010dn\u00ed soupe\u0159en\u00ed.<\/p>\n<p style=\"text-align: justify;\">Nen\u00ed-li v\u0161ak konkurence kandid\u00e1t\u016f, nen\u00ed-li konkurence uvnit\u0159 strany, jak by pak mohla b\u00fdt v\u00a0politice a v\u00a0ekonomice? Nebo se snad n\u011bkdo domn\u00edv\u00e1, \u017ee den po volb\u00e1ch se zvolen\u00fdm politik\u016fm z\u00e1zra\u010dn\u011b prom\u011bn\u00ed k lep\u0161\u00edmu jejich my\u0161lenkov\u00fd sv\u011bt a mor\u00e1ln\u00ed charakter?<\/p>\n<p style=\"text-align: justify;\"><span style=\"color: #99ccff;\"><strong>Ne\u010das nem\u00e1 \u010das<\/strong><\/span><\/p>\n<p style=\"text-align: justify;\">Domn\u00edv\u00e1te se, \u017ee pr\u016fm\u011brn\u00ed, kte\u0159\u00ed zjistili, jak chutn\u00e1 moc, se j\u00ed dobrovoln\u011b vzdaj\u00ed? Naopak, co nejpevn\u011bji se dr\u017e\u00ed sv\u00e9ho k\u0159esla, nebo\u0165 dob\u0159e v\u011bd\u00ed, \u017ee jinde by podobnou p\u0159\u00edle\u017eitost nena\u0161li.<\/p>\n<p style=\"text-align: justify;\">ODS nutn\u011b pot\u0159ebuje vnit\u0159n\u00ed reformu, reformu jak organiza\u010dn\u00ed struktury a procedur, tak i mor\u00e1ln\u00edch hodnot. Pot\u0159ebuje, aby charismatick\u00fd l\u00eddr objel kraje i samo\u00fa\u010deln\u00e9 okresy a pomohl zm\u011bnit atmosf\u00e9ru volebn\u00edch sn\u011bm\u016f. Jen\u017ee koalice pr\u016fm\u011brn\u00fdch s\u00a0neschopn\u00fdmi, bude-li se c\u00edtit ohro\u017eena, um\u00ed i charismatick\u00e9ho l\u00eddra zlikvidovat.<\/p>\n<p style=\"text-align: justify;\">Petr Ne\u010das m\u00e1 pln\u00e9 ruce pr\u00e1ce jako p\u0159edseda vl\u00e1dy, tak\u017ee mu na zm\u011bny v\u00a0ODS nezb\u00fdv\u00e1 mnoho sil. Je to pochopiteln\u00e9 a nelze mu to vy\u010d\u00edtat. Kdyby byla strana v\u00a0opozici, asi by m\u011bl na n\u00e1pravu strany \u010dasu mnohem v\u00edce.<\/p>\n<p style=\"text-align: justify;\">Za t\u011bchto okolnost\u00ed se mohou \u201akmot\u0159i\u2019radovat. Podle nepsan\u00e9ho rozd\u011blen\u00ed sf\u00e9r vlivu kmot\u0159i nechaj\u00ed Ne\u010dase, aby \u0159\u00eddil vl\u00e1du, pokud on nech\u00e1 kmotry, aby d\u00e1l na sv\u00e9 \u00farovni disponovali nekontrolovanou moc\u00ed. Nanejv\u00fd\u0161 pod z\u00e1minkou \u00fadajn\u00e9 n\u00e1pravy ODS smete tlupa kolem jednoho kmotra jinou znep\u0159\u00e1telenou tlupu, ale samo od sebe se nic k\u00a0lep\u0161\u00edmu nezm\u011bn\u00ed. Pokud n\u011bkomu chyb\u00ed ur\u010dit\u00fd po\u010det \u201aneschopn\u00fdch\u2018 do koalice, prvn\u00edm krokem k\u00a0udr\u017een\u00ed moci je jak zn\u00e1mo p\u0159ij\u00edm\u00e1n\u00ed \u201amrtv\u00fdch du\u0161\u00ed\u2018 za \u010dleny. V\u00a0tom je paradoxn\u011b posledn\u00ed z\u00e1blesk konkurence, ov\u0161em mafi\u00e1nsk\u00e9.<\/p>\n<p style=\"text-align: justify;\"><span style=\"color: #99ccff;\"><strong>Ztr\u00e1ta filosofie<\/strong><\/span><\/p>\n<p style=\"text-align: justify;\">Ztr\u00e1ta svobodn\u00e9 sout\u011b\u017ee my\u0161lenek se projevuje nejen v\u00a0bezobsa\u017enosti ideov\u00fdch konferenc\u00ed, m\u00e1 daleko z\u00e1va\u017en\u011bj\u0161\u00ed dopad ve ztr\u00e1t\u011b prostoru v\u00a0politick\u00e9m spektru. Top09 si bez velk\u00e9ho \u00fasil\u00ed vykol\u00edkovala sv\u016fj filosofick\u00fd prostor napravo od ODS. Pro ODS tak zbyl st\u0159edov\u00fd prostor lidoveck\u00e9 beztvarosti. Zat\u00edmco skute\u010dn\u00ed lidovci museli vyklidit pole agresivn\u00ed amorfnosti ODS. Nechci urazit to dobr\u00e9, co snad bylo v\u00a0lidoveck\u00e9 politice, ale pou\u017e\u00edv\u00e1m zde slovo \u201alidoveck\u00fd\u2018 k ozna\u010den\u00ed ur\u010dit\u00e9ho druhu negativn\u00edho politick\u00e9ho chov\u00e1n\u00ed. M\u011bnit se podle pot\u0159eby \u2013 to byl p\u0159ece typick\u00fd znak zvl\u00e1\u0161tn\u00edho typu politiky, kter\u00e1 sto let proch\u00e1zela koalicemi s\u00a0nejrozporupln\u011bj\u0161\u00edmi politick\u00fdmi stranami. Ne\u010das\u016fv osobnostn\u00ed profil, zahrnuj\u00edc\u00ed i podporu pro katolickou c\u00edrkev, tento dojem je\u0161t\u011b zesiluje.<\/p>\n<p style=\"text-align: justify;\">Nepevnost n\u00e1zor\u016f a schopnost m\u011bnit n\u00e1zory podle situace z\u00e1rove\u0148 znamen\u00e1 snadnou ovlivnitelnost: nen\u00ed za co se j\u00edt poprat, nen\u00ed za co bojovat a kv\u016fli \u010demu riskovat. Kdysi se pro to pou\u017e\u00edval term\u00edn oportunismus. M\u00edsto politick\u00e9ho kr\u00e9da plat\u00ed: Mysl\u00edm si to, co mi p\u0159inese okam\u017eit\u00fd prosp\u011bch, co je v\u00a0dan\u00e9 chv\u00edli nejpohodln\u011bj\u0161\u00ed. Nept\u00e1m se, co je spr\u00e1vn\u00e9 v na\u0161\u00ed politick\u00e9 filosofii, ale \u010demu lid\u00e9 v\u00edce zatleskaj\u00ed.<\/p>\n<p style=\"text-align: justify;\">Z\u00e1rove\u0148 je to \u017eivn\u00e1 p\u016fda pro korupci. Kdy\u017e nem\u00e1m pevn\u00e9 z\u00e1sady, m\u016f\u017ee p\u0159ij\u00edt kdokoli a n\u011bco nab\u00eddnout, aby mne ovlivnil. Je-li zm\u011bna politick\u00e9ho n\u00e1zoru snadn\u00e1 a prob\u00edh\u00e1-li bez diskuse, bez zp\u011btn\u00e9 vazby a odpov\u011bdnosti, je pro politiky nep\u0159ekonateln\u00fdm poku\u0161en\u00edm m\u00edrn\u011b pozm\u011bnit n\u00e1zor (t\u0159eba p\u0159i v\u00fdb\u011brov\u00fdch \u0159\u00edzen\u00edch a ve\u0159ejn\u00fdch zak\u00e1zk\u00e1ch), kdy\u017e za to n\u011bco bude. Zato ob\u010dan a voli\u010d se pak nesta\u010d\u00ed divit n\u00e1zorov\u00fdm veleto\u010d\u016fm politik\u016f.<\/p>\n<p style=\"text-align: justify;\">Politik, kter\u00fd m\u00e1 svou filosofii a sv\u00e9 z\u00e1sady, kter\u00e9 ka\u017ed\u00fd zn\u00e1, \u017e\u00e1dnou korup\u010dn\u00ed nab\u00eddku ani nedostane. Podvodn\u00edci toti\u017e v\u011bd\u00ed, \u017ee jej za \u017e\u00e1dn\u00fdch okolnost\u00ed neovlivn\u00ed, \u017ee se za sv\u00e9 ide\u00e1ly dok\u00e1\u017ee do krve poprat. Tam kde maj\u00ed politikov\u00e9 pevn\u011b zakotven\u00e9 filosofick\u00e9 z\u00e1sady, tam se o korupci v\u011bt\u0161ina podvodn\u00edk\u016f ani nepokus\u00ed.<\/p>\n<p style=\"text-align: justify;\">Paradoxn\u011b v\u0161echny n\u00e1pady jak bojovat proti korupci sice posiluj\u00ed policejn\u00ed charakter \u010desk\u00e9ho st\u00e1tu a lidem berou svobodu, av\u0161ak na omezen\u00ed korupce nemaj\u00ed t\u00e9m\u011b\u0159 \u017e\u00e1dn\u00fd vliv. Zat\u00edm je\u0161t\u011b nikdo nezm\u00ednil, \u017ee nejlep\u0161\u00edm bojem proti korupci je pevn\u00e1 politick\u00e1 filosofie.<\/p>\n<p style=\"text-align: justify;\">Vymizen\u00ed filosofie vede i ke ztr\u00e1t\u011b v\u011brohodnosti politiky. Z\u00e1rukou pro voli\u010de nem\u00e1 b\u00fdt volebn\u00ed program, ale filosofick\u00e9 kr\u00e9do strany. \u017d\u00e1dn\u00fd volebn\u00ed program nesta\u010d\u00ed popsat, co v\u0161echno se m\u016f\u017ee p\u0159ihodit v\u00a0pr\u016fb\u011bhu volebn\u00edho obdob\u00ed. Kr\u00e1tce po volb\u00e1ch tak jako tak mus\u00ed v\u00a0politice p\u0159eva\u017eovat \u0159e\u0161en\u00ed\u00a0ne\u010dekan\u00fdch situac\u00ed nad my\u0161lenkami z volebn\u00edch program\u016f. U politika s\u00a0jasnou filosofi\u00ed je mo\u017en\u00e9 se spolehnout, \u017ee je bude \u0159e\u0161it v\u00a0r\u00e1mci mantinel\u016f, kter\u00e9 v\u00a0r\u00e1mci volebn\u00ed kampan\u011b na\u010drtnul. Pokud si voli\u010d vybere stranu filosoficky nezakotvenou, mus\u00ed b\u00fdt p\u0159ipraven i na to, co by od n\u00ed nikdy neo\u010dek\u00e1val: nap\u0159\u00edklad od pravicov\u00e9 strany n\u00e1vrhy z\u00e1kon\u016f na vyvlast\u0148ov\u00e1n\u00ed p\u016fdy ve ve\u0159ejn\u00e9m z\u00e1jmu, na zvy\u0161ov\u00e1n\u00ed dan\u00ed, na z\u0159izov\u00e1n\u00ed rozpo\u010dtov\u00fdch (socialistick\u00fdch) organizac\u00ed m\u00edsto pr\u00e1vnick\u00fdch osob atd. Ztr\u00e1ta politick\u00e9 filosofie je pak doprov\u00e1zena ztr\u00e1tou v\u011brohodnosti.<\/p>\n<p style=\"text-align: justify;\"><span style=\"color: #99ccff;\"><strong>Soci\u00e1ln\u00ed populismus<\/strong><\/span><\/p>\n<p style=\"text-align: justify;\">Stalo se u n\u00e1s zvykem kupovat si p\u0159ed volbami hlasy voli\u010d\u016f prost\u0159ednictv\u00edm soci\u00e1ln\u00edch program\u016f. Byl to jeden z\u00a0podstatn\u00fdch moment\u016f, kter\u00fd n\u00e1\u0161 st\u00e1t p\u0159ivedl do sou\u010dasn\u00e9ho zadlu\u017een\u00ed. P\u0159ed patn\u00e1cti lety si do sv\u00e9ho politick\u00e9ho programu ODS napsala: <em>\u201e<\/em><em>Jsou v\u0161ak oblasti ve\u0159ejn\u00e9ho z\u00e1jmu, jako soci\u00e1ln\u00ed solidarita, ochrana \u017eivotn\u00edho prost\u0159ed\u00ed apod., kter\u00e9 p\u0159\u00edslu\u0161\u00ed z hlediska odpov\u011bdnosti jak st\u00e1tu, tak i ob\u010dan\u016fm. V nich je t\u0159eba v\u017edy usilovn\u011b hledat tu \u010d\u00e1st, kterou je t\u0159eba st\u00e1tem zajistit jako spole\u010dn\u00e9 a nevyhnuteln\u00e9 minimum. <\/em><em>Pr\u00e1v\u011b v t\u011bchto oblastech je v\u0161ak nebezpe\u010d\u00ed rozp\u00edn\u00e1n\u00ed st\u00e1tu sm\u011brem k v\u011bt\u0161\u00ed regulaci, vy\u0161\u0161\u00edm ve\u0159ejn\u00fdm v\u00fddaj\u016fm a k p\u0159eb\u00edr\u00e1n\u00ed odpov\u011bdnosti za ob\u010dana nejv\u011bt\u0161\u00ed.\u201c<\/em><em>\u00a0<\/em> <em>(<\/em><span style=\"color: #99ccff;\"><a style=\"color: #99ccff;\" href=\"http:\/\/archiv.ods.cz\/ods_se_predstavuje\/program_1995.php\"><em>1995 Politick\u00fd program ODS<\/em><\/a><\/span><em>)<\/em> Tehdy pat\u0159ilo k\u00a0filosofii ODS, aby st\u00e1t zaji\u0161\u0165oval pouze to, co mus\u00ed b\u00fdt pro v\u0161echny spole\u010dn\u00e9 a jen v\u00a0rozsahu nevyhnuteln\u00e9ho minima. Ve volb\u00e1ch do EP, a\u010dkoliv to tam kompeten\u010dn\u011b ani trochu nepat\u0159ilo, p\u0159i\u0161la ODS s\u00a0v\u00fdk\u0159ikem: <em>\u201e\u010clov\u011bk mus\u00ed m\u00edt jistotu, \u017ee v p\u0159\u00edpad\u011b nezavin\u011bn\u00e9 nouze mu st\u00e1t pom\u016f\u017ee.\u201d<\/em> To je dost z\u00e1sadn\u00ed obrat, v\u00a0devades\u00e1t\u00fdch letech ODS vyzn\u00e1vala, \u017ee st\u00e1t sm\u00ed pomoci, a\u017e kdy\u017e ka\u017ed\u00fd s\u00e1m vy\u010derp\u00e1 v\u0161echny ostatn\u00ed mo\u017enosti \u2013 tehdy se pou\u017e\u00edval obraz z\u00e1chrann\u00e9 s\u00edt\u011b, kter\u00e1 se uplatn\u00ed a\u017e jako nejposledn\u011bj\u0161\u00ed mo\u017enost. Dne\u0161n\u00ed ODS je jin\u00e1, ne\u017e byla ta v\u00a0devades\u00e1t\u00fdch letech.<\/p>\n<p style=\"text-align: justify;\"><span style=\"color: #99ccff;\"><strong>Pravice se snadno pozn\u00e1<\/strong><\/span><\/p>\n<p style=\"text-align: justify;\">Vznik nov\u00fdch politick\u00fdch stran nen\u00ed p\u0159\u00ed\u010dinou probl\u00e9m\u016f ODS, ale d\u016fsledkem. Je to p\u0159irozen\u00e1 reakce na ODS, kter\u00e1 m\u011bn\u00ed n\u00e1zory podle okam\u017eit\u00e9 situace. Sta\u010d\u00ed p\u0159ipomenout postoj k\u00a0Lisabonsk\u00e9 smlouv\u011b. Strana bez politick\u00e9 filosofie nem\u00e1 smysl, ztr\u00e1c\u00ed od\u016fvodn\u011bn\u00ed sv\u00e9 existence. Pravicov\u00e1 strana se snadno pozn\u00e1 podle toho, \u017ee se jen obt\u00ed\u017en\u011b kritizuje zprava. Svobodn\u00ed v\u011bd\u00ed, \u017ee jejich postaven\u00ed v\u00a0politick\u00e9m spektru m\u00e1 dob\u0159e zapu\u0161t\u011bn\u00e9 ko\u0159eny, \u017ee v\u00a0politick\u00e9m spektru maj\u00ed d\u016fle\u017eit\u00e9 m\u00edsto. Pot\u0159ebuj\u00ed \u010das na p\u0159\u00edpravu sv\u00fdch politik\u016f, ale nemaj\u00ed na sp\u011bch. Oproti zka\u017een\u00e9mu vejci m\u00e1 toti\u017e kavi\u00e1r jednu komparativn\u00ed v\u00fdhodu: m\u016f\u017ee z\u00a0n\u011bj n\u011bco vyr\u016fst.<\/p>\n<p>&nbsp;<\/p>\n<p>&nbsp;<\/p>\n<p>&nbsp;<\/p>\n","protected":false},"excerpt":{"rendered":"<p>Ji\u0159\u00ed Payne 3.5.2015 Vlastn\u011b jsem v\u016fbec nem\u011bl v\u00a0\u00famyslu zve\u0159ej\u0148ovat n\u011bjak\u00e9 \u00favahy o stavu ODS, ale kdy\u017e se pan Houfek v\u00a0\u010dl\u00e1nku O dvou vejc\u00edch a pravicov\u00e9m kavi\u00e1ru pustil s\u00a0vervou do Svobodn\u00fdch,&#8230; <a class=\"read-more-button\" href=\"https:\/\/www.payne.cz\/WP15\/tak-se-z-lesa-ozyva\/\">\u010c\u00edst v\u00edce &gt;<\/a><\/p>\n","protected":false},"author":2,"featured_media":0,"comment_status":"closed","ping_status":"closed","sticky":false,"template":"","format":"standard","meta":{"ngg_post_thumbnail":0,"_monsterinsights_skip_tracking":false,"_monsterinsights_sitenote_active":false,"_monsterinsights_sitenote_note":"","_monsterinsights_sitenote_category":0,"footnotes":""},"categories":[3,13],"tags":[6],"class_list":["post-463","post","type-post","status-publish","format-standard","hentry","category-clanky","category-dompol","tag-dompol"],"_links":{"self":[{"href":"https:\/\/www.payne.cz\/WP15\/wp-json\/wp\/v2\/posts\/463","targetHints":{"allow":["GET"]}}],"collection":[{"href":"https:\/\/www.payne.cz\/WP15\/wp-json\/wp\/v2\/posts"}],"about":[{"href":"https:\/\/www.payne.cz\/WP15\/wp-json\/wp\/v2\/types\/post"}],"author":[{"embeddable":true,"href":"https:\/\/www.payne.cz\/WP15\/wp-json\/wp\/v2\/users\/2"}],"replies":[{"embeddable":true,"href":"https:\/\/www.payne.cz\/WP15\/wp-json\/wp\/v2\/comments?post=463"}],"version-history":[{"count":2,"href":"https:\/\/www.payne.cz\/WP15\/wp-json\/wp\/v2\/posts\/463\/revisions"}],"predecessor-version":[{"id":465,"href":"https:\/\/www.payne.cz\/WP15\/wp-json\/wp\/v2\/posts\/463\/revisions\/465"}],"wp:attachment":[{"href":"https:\/\/www.payne.cz\/WP15\/wp-json\/wp\/v2\/media?parent=463"}],"wp:term":[{"taxonomy":"category","embeddable":true,"href":"https:\/\/www.payne.cz\/WP15\/wp-json\/wp\/v2\/categories?post=463"},{"taxonomy":"post_tag","embeddable":true,"href":"https:\/\/www.payne.cz\/WP15\/wp-json\/wp\/v2\/tags?post=463"}],"curies":[{"name":"wp","href":"https:\/\/api.w.org\/{rel}","templated":true}]}}