{"id":438,"date":"2015-05-03T19:44:48","date_gmt":"2015-05-03T18:44:48","guid":{"rendered":"http:\/\/www.payne.cz\/WP15\/?p=438"},"modified":"2015-05-04T09:24:04","modified_gmt":"2015-05-04T08:24:04","slug":"kalouskova-parlamentni-diktatura","status":"publish","type":"post","link":"https:\/\/www.payne.cz\/WP15\/kalouskova-parlamentni-diktatura\/","title":{"rendered":"Kalouskova parlamentn\u00ed diktatura"},"content":{"rendered":"<p style=\"text-align: right;\"><span style=\"color: #339966;\">Ji\u0159\u00ed Payne\u00a028.10.2012<\/span><\/p>\n<p style=\"text-align: justify;\">Ministr Kalousek a po n\u011bm i premi\u00e9r Ne\u010das st\u00e1le opakuj\u00ed, \u017ee nem\u00e1 cenu vl\u00e1dnout, pokud koali\u010dn\u00ed poslanci jednotn\u011b nepodporuj\u00ed v\u0161e, co si p\u0159edsedov\u00e9 stran a vl\u00e1da spolu dohodnou, \u017ee nem\u00e1 cenu vl\u00e1dnout, pokud koalice nem\u016f\u017ee prosadit, co chce, co si domluvila a co si p\u0159edsevzala. K\u00a0tomu pat\u0159\u00ed i to, \u017ee se volebn\u00ed programy a n\u00e1sledn\u011b koali\u010dn\u00ed dohoda st\u00e1le v\u00edce ch\u00e1pou jako jist\u00e1 forma \u010dty\u0159let\u00e9 \u201ap\u011btiletky\u2018. Pl\u00e1n se mus\u00ed plnit, jinak basta fidli. Basta mimochodem znamen\u00e1 v\u00a0ital\u0161tin\u011b dost nebo sta\u010d\u00ed. A Kalousek t\u00edm \u201abasta\u2018 samoz\u0159ejm\u011b vyhro\u017euje. Ve funguj\u00edc\u00ed demokracii by za takov\u00fd v\u00fdrok musel b\u00fdt ministr odvol\u00e1n Sn\u011bmovnou.<\/p>\n<p style=\"text-align: justify;\">St\u00e1t, ve kter\u00e9m se sice konaj\u00ed volby a form\u00e1ln\u011b rozhoduje parlament, av\u0161ak ve skute\u010dnosti parlament p\u0159eb\u011bhnul na opa\u010dnou stranu barik\u00e1dy, se naz\u00fdv\u00e1 parlamentn\u00ed diktaturou. Parlament vzniknul jako protivl\u00e1dn\u00ed instituce, kter\u00e1 m\u00e1 proti v\u016fli vl\u00e1dy h\u00e1jit z\u00e1jmy ob\u010dan\u016f, voli\u010d\u016f. Princip d\u011blby moci je zalo\u017een\u00fd na p\u0159edpokladu, \u017ee poslanci jsou si v\u011bdomi toho, \u017ee hlavn\u00edm jejich posl\u00e1n\u00edm je h\u00e1jit z\u00e1jmy sv\u00fdch voli\u010d\u016f. Ve chv\u00edli, kdy parlament za\u010dne h\u00e1jit z\u00e1jmy vl\u00e1dy proti v\u016fli ob\u010dan\u016f, ztr\u00e1c\u00ed se d\u011blba moci a a\u010dkoli na prvn\u00ed pohled se zd\u00e1, jakoby d\u00e1l pokra\u010doval demokratick\u00fd parlamentn\u00ed syst\u00e9m, jde ve skute\u010dnosti o totalitu. Pokud p\u0159eb\u011bhne z\u00e1konod\u00e1rn\u00e1 moc na stranu vl\u00e1dy, je totalita neodvratn\u00e1. Zept\u00e1te-li se n p\u0159\u00ed\u010dinu, pak jsou to jednozna\u010dn\u011b nevzd\u011blan\u00ed a\u017e hloup\u00ed poslanci, pro kter\u00e9 je pohodln\u011bj\u0161\u00ed papou\u0161kovat vl\u00e1dn\u00ed r\u00e9toriku, ne\u017e jakkoli samostatn\u011b myslet a jednat ve prosp\u011bch sv\u00fdch voli\u010d\u016f. Ve Sn\u011bmovn\u011b prost\u011b nem\u00e1me osobnosti, kter\u00e9 by toho byly schopny. Nespokojenost ob\u010dan\u016f se st\u00e1vaj\u00edc\u00ed politikou a ztr\u00e1ta d\u016fv\u011bry politik\u016f jsou d\u00e1ny pr\u00e1v\u011b t\u00edm, \u017ee se politika utrhla od ka\u017edodenn\u00ed odpov\u011bdnosti ob\u010dan\u016fm, \u017ee zmizela d\u011blba moci. Poslanci voli\u010d\u016fm neodpov\u00eddaj\u00ed na dopisy, nekomunikuj\u00ed, jen prosazuj\u00ed \u201ap\u011btilet\u00fd pl\u00e1n\u2018. O tom, \u017ee jejich posl\u00e1n\u00edm je korigovat n\u00e1pady vl\u00e1dy (a \u010dast\u011bji \u00fa\u0159edn\u00edk\u016f) pohledem ob\u010dan\u016f a voli\u010d\u016f, nemaj\u00ed ani pon\u011bt\u00ed. Naprosto nefand\u00edm rebel\u016fm v\u00a0ODS, je jasn\u00e9, \u017ee jim nejde o voli\u010de, ale o z\u00e1jmy kmotr\u016f, dokonce jsem p\u0159esv\u011bd\u010den, \u017ee podstatn\u00e1 \u010d\u00e1st klubu ODS by r\u00e1da zabr\u00e1nila zvy\u0161ov\u00e1n\u00ed dan\u00ed a hloup\u00e9 extr\u00e9mn\u011b levicov\u00e9 reform\u011b d\u016fchodov\u00e9ho syst\u00e9mu, ale neodv\u00e1\u017e\u00ed se s\u00a0t\u00edm vystoupit. Proto jsou rebelov\u00e9 nev\u011brohodn\u00ed. V\u00a0demokratick\u00e9m syst\u00e9mu Parlament dovol\u00ed vl\u00e1d\u011b uskute\u010dnit z\u00a0vl\u00e1dn\u00edho programu jen to, o \u010dem dovede p\u0159esv\u011bd\u010dit ve\u0159ejnost, v\u00a0demokratick\u00e9m syst\u00e9mu \u0159e\u0161\u00ed vl\u00e1da tis\u00edce v\u011bc\u00ed, kter\u00e9 ve volebn\u00edch programech v\u016fbec nebyly. Jen totalitn\u00ed p\u011btilet\u00fd pl\u00e1n se pln\u00ed bez ohledu na to, co se d\u011bje.<\/p>\n<p style=\"text-align: justify;\">\u017de neexistuj\u00ed \u017e\u00e1dn\u00e9 demokratick\u00e9 mechanismy v\u00a0prapodivn\u00e9m seskupen\u00ed TOP09 a Starostov\u00e9 je z\u0159ejm\u00e9 ji\u017e d\u00e1vno. S\u00a0bl\u00ed\u017e\u00edc\u00edm se kongresem ODS je na m\u00edst\u011b se pt\u00e1t, jak\u00e9 pom\u011bry vl\u00e1dnou v\u00a0ODS. Pro\u010d se ned\u00e1 od kongresu ODS o\u010dek\u00e1vat \u017e\u00e1dn\u00e9 \u0159e\u0161en\u00ed? Odpov\u011b\u010f je prost\u00e1: Zd\u00e1nliv\u00e9 demokratick\u00e9 postupy se jako divadlo v\u00a0ODS st\u00e1le hraj\u00ed, n\u011bkdy natolik \u0161patn\u011b, \u017ee je fale\u0161n\u00e1 hra o\u010dividn\u00e1. Kmotrov\u00e9, kte\u0159\u00ed si udr\u017euj\u00ed svou moc t\u00edm, \u017ee kupuj\u00ed za \u010dleny \u201amrtv\u00e9 du\u0161e\u2018 pot\u0159ebn\u00e9 na p\u0159ehlasov\u00e1n\u00ed neposlu\u0161n\u00fdch se staly z\u00e1konitost\u00ed. Proto nem\u016f\u017ee nastat \u017e\u00e1dn\u00e1 obnova ODS, proto\u017ee slu\u0161n\u00ed v\u00a0ODS ji\u017e nikdy nevyhraj\u00ed. Podstatou vnit\u0159n\u00edch pom\u011br\u016f ODS nen\u00ed svobodn\u00e1 demokratick\u00e1 sout\u011b\u017e politick\u00fdch n\u00e1zor\u016f a kandid\u00e1t\u016f, ale kabinetn\u00ed a z\u00e1kulisn\u00ed dohody a komploty. Nen\u00ed pochyb, \u017ee v\u00a0sou\u010dasn\u00e9 dob\u011b tyto \u201apolitick\u00e9 k\u0161efty\u2018 mezi regiony prob\u00edhaj\u00ed a budou d\u00e1l prob\u00edhat. Takov\u00e1 politika obchodov\u00e1n\u00ed \u201aj\u00e1 tob\u011b n\u011bco podpo\u0159\u00edm zato, \u017ee ty mn\u011b podpo\u0159\u00ed\u0161 \u2026\u2018 je vid\u011bna jako mistrovsk\u00e9 um\u011bn\u00ed spr\u00e1vn\u00e9 politiky. Nov\u00ed \u010dlenov\u00e9 se bu\u010f rychle p\u0159idaj\u00ed do syst\u00e9mu, nebo znechucen\u011b odejdou. Na m\u00edstn\u00ed \u00farovni se syst\u00e9m n\u011bkde bl\u00ed\u017e\u00ed principu N\u00e1rodn\u00ed fronty: \u201achce\u0161 byt, chce\u0161 pr\u00e1ci, tak dr\u017e hubu a hlasuj, jak ti \u0159ekneme\u2018. Informace o tom, jak se m\u00e1 hlasovat dost\u00e1vaj\u00ed p\u0159\u00edslu\u0161n\u00ed deleg\u00e1ti prost\u0159ednictv\u00edm SMS. Nen\u00ed to a\u017e tak p\u0159ekvapiv\u00e9, \u017ee se ztratil cit pro f\u00e9rovou hru z politiky, kdy\u017e vezmeme v\u00a0\u00favahu, \u017ee vymizel d\u00e1vno i ze sportu.<\/p>\n<p style=\"text-align: justify;\">Nezam\u00fd\u0161len\u00fdm vedlej\u0161\u00edm d\u016fsledkem takov\u00e9ho syst\u00e9mu je my\u0161lenkov\u00e1 pr\u00e1zdnota, filosofick\u00e1 nezakotvenost (leckdy h\u00e1j\u00ed ODS levicov\u011bj\u0161\u00ed politiku, ne\u017e \u010cSSD), nedostatek v\u011brohodn\u00fdch osobnost\u00ed.<\/p>\n<p style=\"text-align: justify;\">Kongres m\u016f\u017ee vym\u011bnit jednoho m\u00edstop\u0159edsedu za jin\u00e9ho, m\u016f\u017ee dokonce pozm\u011bnit rovnov\u00e1hu kmotrovsk\u00fdch klan\u016f, ale nad\u011bje, \u017ee by mohlo doj\u00edt k\u00a0obratu v\u00a0politice ODS je nulov\u00e1. Nikdo s\u00a0takov\u00fdm n\u00e1vrhem nep\u0159ich\u00e1z\u00ed (to u\u017e bychom o tom v\u011bd\u011bli) a musel by to b\u00fdt projekt na nejm\u00e9n\u011b deset let. Proto se domn\u00edv\u00e1m, \u017ee analogicky k\u00a0tomu, co zn\u00e1me z\u00a0d\u011bjin politick\u00fdch stran t\u0159eba v\u00a0N\u011bmecku nebo v\u00a0Polsku, je to, \u017ee ODS zanikne. Nev\u00edm, zda to je posta\u010duj\u00edc\u00ed podm\u00ednka pro to, abychom p\u0159estali b\u00fdt parlamentn\u00ed diktaturou, ale je to podm\u00ednka nutn\u00e1.<\/p>\n","protected":false},"excerpt":{"rendered":"<p>Ji\u0159\u00ed Payne\u00a028.10.2012 Ministr Kalousek a po n\u011bm i premi\u00e9r Ne\u010das st\u00e1le opakuj\u00ed, \u017ee nem\u00e1 cenu vl\u00e1dnout, pokud koali\u010dn\u00ed poslanci jednotn\u011b nepodporuj\u00ed v\u0161e, co si p\u0159edsedov\u00e9 stran a vl\u00e1da spolu dohodnou,&#8230; <a class=\"read-more-button\" href=\"https:\/\/www.payne.cz\/WP15\/kalouskova-parlamentni-diktatura\/\">\u010c\u00edst v\u00edce &gt;<\/a><\/p>\n","protected":false},"author":2,"featured_media":0,"comment_status":"closed","ping_status":"closed","sticky":false,"template":"","format":"standard","meta":{"ngg_post_thumbnail":0,"_monsterinsights_skip_tracking":false,"_monsterinsights_sitenote_active":false,"_monsterinsights_sitenote_note":"","_monsterinsights_sitenote_category":0,"footnotes":""},"categories":[3,13,16],"tags":[6,18],"class_list":["post-438","post","type-post","status-publish","format-standard","hentry","category-clanky","category-dompol","category-svobodni","tag-dompol","tag-svobodi"],"_links":{"self":[{"href":"https:\/\/www.payne.cz\/WP15\/wp-json\/wp\/v2\/posts\/438","targetHints":{"allow":["GET"]}}],"collection":[{"href":"https:\/\/www.payne.cz\/WP15\/wp-json\/wp\/v2\/posts"}],"about":[{"href":"https:\/\/www.payne.cz\/WP15\/wp-json\/wp\/v2\/types\/post"}],"author":[{"embeddable":true,"href":"https:\/\/www.payne.cz\/WP15\/wp-json\/wp\/v2\/users\/2"}],"replies":[{"embeddable":true,"href":"https:\/\/www.payne.cz\/WP15\/wp-json\/wp\/v2\/comments?post=438"}],"version-history":[{"count":1,"href":"https:\/\/www.payne.cz\/WP15\/wp-json\/wp\/v2\/posts\/438\/revisions"}],"predecessor-version":[{"id":439,"href":"https:\/\/www.payne.cz\/WP15\/wp-json\/wp\/v2\/posts\/438\/revisions\/439"}],"wp:attachment":[{"href":"https:\/\/www.payne.cz\/WP15\/wp-json\/wp\/v2\/media?parent=438"}],"wp:term":[{"taxonomy":"category","embeddable":true,"href":"https:\/\/www.payne.cz\/WP15\/wp-json\/wp\/v2\/categories?post=438"},{"taxonomy":"post_tag","embeddable":true,"href":"https:\/\/www.payne.cz\/WP15\/wp-json\/wp\/v2\/tags?post=438"}],"curies":[{"name":"wp","href":"https:\/\/api.w.org\/{rel}","templated":true}]}}