{"id":415,"date":"2015-05-01T10:18:05","date_gmt":"2015-05-01T09:18:05","guid":{"rendered":"http:\/\/www.payne.cz\/WP15\/?p=415"},"modified":"2015-06-01T11:38:34","modified_gmt":"2015-06-01T10:38:34","slug":"dopis-ministru-kocabovi","status":"publish","type":"post","link":"https:\/\/www.payne.cz\/WP15\/dopis-ministru-kocabovi\/","title":{"rendered":"Dopis ministru Koc\u00e1bovi"},"content":{"rendered":"<p style=\"text-align: right;\"><span style=\"color: #339966;\"> Ji\u0159\u00ed Payne 27.1.2009 <\/span><\/p>\n<p>V\u00e1\u017een\u00fd pane minist\u0159e,<\/p>\n<p style=\"text-align: justify;\">rozhodl jste se <em>\u201es velikou silou\u201c<\/em> za\u010d\u00edt budovat d\u016fstojn\u00e9 pam\u00e1tn\u00edky men\u0161in posti\u017een\u00fdch nespravedlnost\u00ed d\u011bjin. Mo\u017en\u00e1 V\u00e1s zaraz\u00ed, pro\u010d hovo\u0159\u00edm o men\u0161in\u00e1ch, kdy\u017e Vy asi chcete h\u00e1jit jen jednu. Podle \u010desk\u00fdch z\u00e1kon\u016f v\u0161ak nem\u016f\u017eete v\u016f\u010di r\u016fzn\u00fdm skupin\u00e1m, kter\u00e9 se dostaly do podobn\u00e9 historick\u00e9 situace, uplat\u0148ovat r\u016fzn\u00e1 kriteria. \u00a0Zp\u016fsobil byste tak novou diskriminaci. Jist\u011b ch\u00e1pete, \u017ee m\u00e1m na mysli Va\u0161e vyj\u00e1d\u0159en\u00ed ze dne 24. ledna: <em>\u201eS velkou silou najedu na to, aby byl kone\u010dn\u011b zlikvidov\u00e1n ten prase\u010d\u00e1k v Letech, kter\u00fd tedy sv\u011bd\u010d\u00ed o na\u0161\u00ed t\u00e9m\u011b\u0159 ubohosti, \u017ee nejsme schopni prost\u011b z koncentra\u010dn\u00edho t\u00e1bora pro Romy ud\u011blat pam\u011btn\u00ed m\u00edsto.&#8220;<\/em><\/p>\n<p style=\"text-align: justify;\">Rozhodl jste se uplat\u0148ovat mor\u00e1ln\u00ed kriteria zahrnut\u00e1 do\u00a0dokument\u016f o lidsk\u00fdch pr\u00e1vech, kter\u00e9 byly p\u0159ijaty po druh\u00e9 sv\u011btov\u00e9 v\u00e1lce, na obdob\u00ed p\u0159ed jejich p\u0159ijet\u00edm. Zejm\u00e9na chcete uplatnit mor\u00e1ln\u00ed retroaktivitu na protektor\u00e1tn\u00ed re\u017eim &#8211; slepou odbo\u010dku \u010desk\u00e9 st\u00e1tnosti. Protektor\u00e1t vznikl na z\u00e1klad\u011b Mnichovsk\u00e9 smlouvy a n\u00e1sledn\u00e9 okupace, kter\u00e9 pova\u017eujeme za neplatn\u00e9 od sam\u00e9ho po\u010d\u00e1tku. \u010cesk\u00e1 republika nikdy neakceptovala pr\u00e1vn\u00ed kontinuitu protektor\u00e1tn\u00edho re\u017eimu. Do\u0161lo-li v\u00a0dob\u011b protektor\u00e1tu k\u00a0n\u011bjak\u00fdm ud\u00e1lostem, kter\u00e9 dnes v\u0161ichni bez rozd\u00edlu odsuzuj\u00ed, mohou b\u00fdt zejm\u00e9na podle dosud platn\u00fdch pov\u00e1le\u010dn\u00fdch dekret\u016f vol\u00e1ny k\u00a0odpov\u011bdnosti konkr\u00e9tn\u00ed osoby, kter\u00e9 se na nich pod\u00edlely, ale t\u011b\u017eko lze vyvozovat odpov\u011bdnost sou\u010dasn\u00e9ho \u010desk\u00e9ho st\u00e1tu.<\/p>\n<p style=\"text-align: justify;\">Vych\u00e1zejme ze z\u00e1sady z\u00e1kazu diskriminace, aby platila stejn\u00e1 pravidla pro v\u0161echny p\u0159\u00edpady, kter\u00e9 spl\u0148uj\u00ed stejn\u00e9 podm\u00ednky. Pokud bude cht\u00edt vl\u00e1da investovat ve\u0159ejn\u00e9 prost\u0159edky do z\u0159izov\u00e1n\u00ed pam\u011btn\u00edho m\u00edsta v\u00a0Letech, mo\u017en\u00e1 bude p\u0159inucena vybudovat srovnateln\u00fd pam\u00e1tn\u00edk vyvra\u017ed\u011bn\u00fdm Slavn\u00edkovc\u016fm v\u00a0Libici, rovn\u011b\u017e vyvra\u017ed\u011bn\u00fdm Vr\u0161ovc\u016fm na vhodn\u00e9m m\u00edst\u011b, mo\u017en\u00e1 bude nutn\u00e9 zbourat Um\u011bleckopr\u016fmyslov\u00e9 muzeum, proto\u017ee bylo vybudov\u00e1no bez souhlasu \u017eidovsk\u00e9 komunity na m\u00edst\u011b star\u00e9ho \u017eidovsk\u00e9ho h\u0159bitova, kde byly poh\u0159beny ob\u011bti \u017eidovsk\u00fdch pogrom\u016f. Jist\u011b je V\u00e1m zn\u00e1mo, pane minist\u0159e, \u017ee podle \u017eidovsk\u00e9 tradice je hrob nedotknutelnou pam\u00e1tkou zem\u0159el\u00e9ho a pokud n\u011bkdo poru\u0161\u00ed hrob, bere zem\u0159el\u00e9mu pr\u00e1vo na spravedliv\u00fd v\u011b\u010dn\u00fd soud a posmrtn\u00e9 spole\u010denstv\u00ed v\u00a0kruhu p\u0159edk\u016f p\u0159ed tv\u00e1\u0159\u00ed Bo\u017e\u00ed. Dokonce asi bude muset st\u00e1t vykoupit na mnoha m\u00edstech p\u016fdu za \u00fa\u010delem vybudov\u00e1n\u00ed d\u016fstojn\u00e9ho pam\u00e1tn\u00edku ob\u011btem husitstv\u00ed a z\u00e1rove\u0148 ob\u011btem rekatolizace. Ve v\u0161ech t\u011bchto p\u0159\u00edpadech se jednalo v dne\u0161n\u00edm smyslu o rasov\u011b nebo n\u00e1bo\u017eensky motivovan\u00e9 poru\u0161ov\u00e1n\u00ed lidsk\u00fdch pr\u00e1v a nav\u00edc, \u010cesk\u00e1 republika je za to mnohem v\u00edce odpov\u011bdn\u00e1.<\/p>\n<p style=\"text-align: justify;\">Nehodl\u00e1-li vl\u00e1da v\u00a0p\u0159\u00ed\u0161t\u00edch desetilet\u00edch v\u011bnovat ve\u0161ker\u00e9 rozpo\u010dtov\u00e9 prost\u0159edky na mo\u017en\u00e1 spravedliv\u00e9, ale n\u00e1kladn\u00e9 budov\u00e1n\u00ed d\u016fstojn\u00fdch pam\u00e1tn\u00edk\u016f v\u0161em v\u00a0d\u011bjin\u00e1ch uk\u0159ivd\u011bn\u00fdm na \u00fazem\u00ed \u010desk\u00e9ho st\u00e1tu, mohla by se odvolat na ustanoven\u00ed \u010dl. 2. odst. 1 Listiny z\u00e1kladn\u00edch pr\u00e1v a svobod, \u017ee se st\u00e1t nesm\u00ed v\u00e1zat ani na v\u00fdlu\u010dnou ideologii, ani na n\u00e1bo\u017eensk\u00e9 vyzn\u00e1n\u00ed. V\u011bzen\u00ed, kter\u00e9 za\u010dalo fungovat v\u00a0roce 1940 a ve kter\u00e9m byl za okupace v\u00a0roce 1942 na z\u00e1klad\u011b rozhodnut\u00ed protektor\u00e1tn\u00edho ministra vnitra Richarda Bienerta z\u0159\u00edzen koncentra\u010dn\u00ed t\u00e1bor, nem\u00e1 \u017e\u00e1dnou historickou hodnotu a nen\u00ed \u017e\u00e1dn\u00fd d\u016fvod toto m\u00edsto pietn\u011b uct\u00edvat. Pokud ov\u0161em nev\u011b\u0159\u00edme, \u017ee dokud k\u0159ivda nen\u00ed od\u010din\u011bna, duchov\u00e9 zem\u0159el\u00fdch stra\u0161\u00ed na m\u00edstech, kde k\u00a0\u00famrt\u00ed do\u0161lo. Nekonfesn\u00ed st\u00e1t, kter\u00fd by asi m\u011bl nev\u011b\u0159it na stra\u0161idla, si m\u016f\u017ee pam\u00e1tku ob\u011bt\u00ed bezpr\u00e1v\u00ed p\u0159ipom\u00ednat kdekoli.<\/p>\n<p style=\"text-align: justify;\">Nicm\u00e9n\u011b pokud by vl\u00e1da na\u0161la n\u011bjak\u00e9 p\u0159ebyte\u010dn\u00e9 finan\u010dn\u00ed prost\u0159edky v\u00a0rozpo\u010dtu a rozhodla by se jak\u00fdkoli pam\u00e1tn\u00edk budovat, r\u00e1d bych upozornil, \u017ee nap\u0159ed mus\u00ed split \u00fakoly, kter\u00e9 j\u00ed v\u00a0t\u00e9to oblasti ukl\u00e1d\u00e1 z\u00e1kon. Z\u00e1kon 35\/1933 Sb., o z\u0159\u00edzen\u00ed pomn\u00edk\u016f Dr. Aloisu Ra\u0161\u00ednovi a Dr. Mil\u00e1nu Rostislavu \u0160tef\u00e1nikovi ukl\u00e1d\u00e1 vl\u00e1d\u011b, \u017ee <em>\u201ep<\/em><em>rvn\u00edmu ministru financ\u00ed Dr. Aloisu Ra\u0161\u00ednovi a prvn\u00edmu ministru vojenstv\u00ed Dr. Mil\u00e1nu Rostislavu \u0160tef\u00e1nikovi v uzn\u00e1n\u00ed jejich z\u00e1sluh o st\u00e1t z\u0159\u00edd\u00ed se pomn\u00edky n\u00e1kladem st\u00e1tn\u00edm v hlavn\u00edm m\u011bst\u011b Praze.\u201c<\/em> V\u011b\u0159\u00edm, \u017ee V\u00e1m le\u017e\u00ed na srdci, aby \u010cesk\u00e1 republika byla pr\u00e1vn\u00edm st\u00e1tem, a \u017ee budete \u201az\u00e1kony uv\u00e1d\u011bt v\u00a0\u017eivot\u2018 podle slibu, kter\u00fd jste slo\u017eil. Proto jist\u011b v\u00a0prvn\u00ed \u0159ad\u011b vybudujete dosud chyb\u011bj\u00edc\u00ed pomn\u00edk Dr. Aloise Ra\u0161\u00edna, kter\u00fd byl u n\u00e1s prvn\u00ed ob\u011bt\u00ed komunistick\u00e9 t\u0159\u00eddn\u00ed nen\u00e1visti.<\/p>\n<p style=\"text-align: justify;\">Na druh\u00e9 stran\u011b pokud vl\u00e1da nev\u00ed co s\u00a0pen\u011bzi, mo\u017en\u00e1, \u017ee by pro diskriminovan\u00e9 men\u0161iny, co\u017e jsou mo\u017en\u00e1 v\u0161ichni obyvatel\u00e9 \u010cesk\u00e9 republiky, mohla zalo\u017eit nadaci p\u0159ipom\u00ednaj\u00edc\u00ed ob\u011bti nen\u00e1visti, kter\u00e1 by sponzorovala stipendia pro mlad\u00e9 studenty studuj\u00edc\u00ed na nejlep\u0161\u00edch \u0161kol\u00e1ch v\u00a0zahrani\u010d\u00ed. Pam\u00e1tku minul\u00fdch k\u0159ivd by p\u0159ipom\u00ednala aktivn\u011bji a pro potomky diskriminovan\u00fdch by to bylo prosp\u011b\u0161n\u011bj\u0161\u00ed.<\/p>\n<p style=\"text-align: right;\">Dr. Ji\u0159\u00ed Payne 27.1.2009<\/p>\n<p>&nbsp;<\/p>\n<p>V\u00e1\u017een\u00fd pan<br \/>\n<strong>Michael Koc\u00e1b\u00a0<\/strong><br \/>\nministr pro lidsk\u00e1 pr\u00e1va<\/p>\n","protected":false},"excerpt":{"rendered":"<p>Ji\u0159\u00ed Payne 27.1.2009 V\u00e1\u017een\u00fd pane minist\u0159e, rozhodl jste se \u201es velikou silou\u201c za\u010d\u00edt budovat d\u016fstojn\u00e9 pam\u00e1tn\u00edky men\u0161in posti\u017een\u00fdch nespravedlnost\u00ed d\u011bjin. Mo\u017en\u00e1 V\u00e1s zaraz\u00ed, pro\u010d hovo\u0159\u00edm o men\u0161in\u00e1ch, kdy\u017e Vy asi&#8230; <a class=\"read-more-button\" href=\"https:\/\/www.payne.cz\/WP15\/dopis-ministru-kocabovi\/\">\u010c\u00edst v\u00edce &gt;<\/a><\/p>\n","protected":false},"author":2,"featured_media":0,"comment_status":"closed","ping_status":"closed","sticky":false,"template":"","format":"standard","meta":{"ngg_post_thumbnail":0,"_monsterinsights_skip_tracking":false,"_monsterinsights_sitenote_active":false,"_monsterinsights_sitenote_note":"","_monsterinsights_sitenote_category":0,"footnotes":""},"categories":[3,13],"tags":[6],"class_list":["post-415","post","type-post","status-publish","format-standard","hentry","category-clanky","category-dompol","tag-dompol"],"_links":{"self":[{"href":"https:\/\/www.payne.cz\/WP15\/wp-json\/wp\/v2\/posts\/415","targetHints":{"allow":["GET"]}}],"collection":[{"href":"https:\/\/www.payne.cz\/WP15\/wp-json\/wp\/v2\/posts"}],"about":[{"href":"https:\/\/www.payne.cz\/WP15\/wp-json\/wp\/v2\/types\/post"}],"author":[{"embeddable":true,"href":"https:\/\/www.payne.cz\/WP15\/wp-json\/wp\/v2\/users\/2"}],"replies":[{"embeddable":true,"href":"https:\/\/www.payne.cz\/WP15\/wp-json\/wp\/v2\/comments?post=415"}],"version-history":[{"count":2,"href":"https:\/\/www.payne.cz\/WP15\/wp-json\/wp\/v2\/posts\/415\/revisions"}],"predecessor-version":[{"id":417,"href":"https:\/\/www.payne.cz\/WP15\/wp-json\/wp\/v2\/posts\/415\/revisions\/417"}],"wp:attachment":[{"href":"https:\/\/www.payne.cz\/WP15\/wp-json\/wp\/v2\/media?parent=415"}],"wp:term":[{"taxonomy":"category","embeddable":true,"href":"https:\/\/www.payne.cz\/WP15\/wp-json\/wp\/v2\/categories?post=415"},{"taxonomy":"post_tag","embeddable":true,"href":"https:\/\/www.payne.cz\/WP15\/wp-json\/wp\/v2\/tags?post=415"}],"curies":[{"name":"wp","href":"https:\/\/api.w.org\/{rel}","templated":true}]}}