{"id":379,"date":"2015-05-01T06:12:53","date_gmt":"2015-05-01T05:12:53","guid":{"rendered":"http:\/\/www.payne.cz\/WP15\/?p=379"},"modified":"2015-06-08T08:38:26","modified_gmt":"2015-06-08T07:38:26","slug":"zijeme-blbe-2","status":"publish","type":"post","link":"https:\/\/www.payne.cz\/WP15\/zijeme-blbe-2\/","title":{"rendered":"\u017dijeme blb\u011b"},"content":{"rendered":"<p style=\"text-align: right;\"><span style=\"color: #008080;\">4.4.2015<\/span><\/p>\n<p style=\"text-align: justify;\">Kdysi za minul\u00e9ho re\u017eimu jsem s n\u011bkolika p\u0159\u00e1teli na v\u00fdlet\u011b v Pos\u00e1zav\u00ed narazil na zpustl\u00fd statek. Jako v\u017edycky na mne dolehl t\u00edsniv\u00fd pocit, \u017ee je n\u011bco \u0161patn\u011b, kdy\u017e se takto nakl\u00e1d\u00e1 s odkazem p\u0159edk\u016f. S \u00fa\u017easem, kdy\u017e jsem nahl\u00e9dnul vytlu\u010den\u00fdm oknem dovnit\u0159, jsem objevil na zdi metrov\u00fdmi p\u00edsmeny v\u00e1pnem \u010di jakou barvou napsan\u00fd n\u00e1pis: \u017dIJEME BLB\u011a! Je to vzkaz b\u00fdval\u00e9ho majitele budouc\u00edm generac\u00edm? Je to soud nad komunisty vedenou spole\u010dnost\u00ed? Je to proroctv\u00ed z d\u00e1vn\u00fdch dob? Je to z\u00e1znam o tom, jak dopadnul b\u00fdval\u00fd majitel po vyvlastn\u011bn\u00ed statku? Je to orwellovsk\u00fd povzdech nad spole\u010dnost\u00ed, kter\u00e1 unifikuje \u017eivot, likviduje individualitu, potla\u010duje svobodu, ni\u010d\u00ed hodnoty? Je to hodnocen\u00ed syst\u00e9mu, kter\u00fd p\u0159edepisuje, co si m\u00e1me myslet, jak\u00e9 hodnoty mus\u00edme uct\u00edvat, jakou propagandu mus\u00edme akceptovat, s jakou l\u017e\u00ed se mus\u00edme sm\u00ed\u0159it? Je to vyj\u00e1d\u0159en\u00ed pocitu, \u017ee nedok\u00e1\u017eeme nahl\u00e9dnout, co v\u0161echno je \u0161patn\u011b? Je to v\u00fdzva, \u017ee v takov\u00e9m syst\u00e9mu ten, kdo chce z\u016fstat s\u00e1m sv\u016fj, mus\u00ed bu\u010f emigrovat, nebo se schovat v koteln\u011b?<\/p>\n<p style=\"text-align: justify;\"><a href=\"http:\/\/www.payne.cz\/WP15\/wp-content\/uploads\/2015\/05\/456740_article_photo_MwDYHjx0_900x.jpeg\"><img loading=\"lazy\" decoding=\"async\" class=\" size-medium wp-image-381 alignright\" src=\"http:\/\/www.payne.cz\/WP15\/wp-content\/uploads\/2015\/05\/456740_article_photo_MwDYHjx0_900x-300x252.jpeg\" alt=\"456740_article_photo_MwDYHjx0_900x\" width=\"300\" height=\"252\" srcset=\"https:\/\/www.payne.cz\/WP15\/wp-content\/uploads\/2015\/05\/456740_article_photo_MwDYHjx0_900x-300x252.jpeg 300w, https:\/\/www.payne.cz\/WP15\/wp-content\/uploads\/2015\/05\/456740_article_photo_MwDYHjx0_900x.jpeg 900w\" sizes=\"auto, (max-width: 300px) 100vw, 300px\" \/><\/a>Jak jsme na tom dnes, p\u0159em\u00fd\u0161l\u00edm. Studen\u00e1 v\u00e1lka sice skon\u010dila, ale bezpe\u010dn\u011bji se nec\u00edt\u00edme, sp\u00ed\u0161 naopak. V osmdes\u00e1t\u00fdch letech jsme se neb\u00e1li glob\u00e1ln\u00edho konfliktu. Prob\u00edhala jedn\u00e1n\u00ed v r\u00e1mci KBSE, vyjedn\u00e1valo se o omezen\u00ed zbran\u00ed, \u017eelezn\u00e1 opona byla m\u00e9n\u011b \u017eelezn\u00e1. Helsinsk\u00fd proces uvedl do souvislost\u00ed spolupr\u00e1ci hospod\u00e1\u0159skou, bezpe\u010dnostn\u00ed a lidsk\u00e1 pr\u00e1va. Jedno bez druh\u00e9ho a bez t\u0159et\u00edho ned\u00e1v\u00e1 smysl. Jedinou mo\u017enost\u00ed je kombinace v\u0161ech t\u0159\u00ed helsinsk\u00fdch \u201eko\u0161\u016f\u201c. Nakonec se z\u00e1v\u011bre\u010dn\u00fd dokument KBSE stal impulzem k na\u0161\u00ed Chart\u011b 77.<\/p>\n<p style=\"text-align: justify;\">Dnes jsou lidsk\u00e1 pr\u00e1va odd\u011blena od ostatn\u00edch dvou oblast\u00ed a monopol si na n\u011b vytvo\u0159ila Rada Evropy. Zat\u00edmco v osmdes\u00e1t\u00fdch letech jsme v\u011bd\u011bli, \u017ee lidsk\u00e1 pr\u00e1va jsou n\u011bco protivl\u00e1dn\u00edho \u2013 n\u011bco na zp\u016fsob sebeobrany proti st\u00e1tu, dnes tyto spont\u00e1nn\u00ed aktivity p\u0159ehlu\u0161ila vl\u00e1dn\u00ed podpora lidsk\u00fdch pr\u00e1v. O lidsk\u00fdch pr\u00e1vech se p\u00ed\u0161\u00ed diplomov\u00e9 pr\u00e1ce, p\u0159edn\u00e1\u0161\u00ed se o nich na univerzit\u00e1ch, vl\u00e1da m\u00e1 lidsk\u00e1 pr\u00e1va ve sv\u00e9m prohl\u00e1\u0161en\u00ed a z\u0159\u00eddila si dokonce ministra lidsk\u00fdch pr\u00e1v, kter\u00fd mimo jin\u00e9 nest\u00e1tn\u00ed agendu z velk\u00e9 \u010d\u00e1sti financuje, tak\u017ee je v\u0161e pod vl\u00e1dn\u00ed kontrolou a t\u00edm p\u00e1dem ne\u0161kodn\u00e9. N\u011bjak se pozapomn\u011blo na to, \u017ee tato pr\u00e1va si vybojovaly generace na\u0161ich p\u0159edk\u016f a \u017ee za na\u0161e dne\u0161n\u00ed pr\u00e1va trp\u011bl nap\u0159\u00edklad Karel Havl\u00ed\u010dek Borovsk\u00fd, \u017ee lidsk\u00e1 pr\u00e1va si p\u0159edkov\u00e9 vyvzdorovali proti v\u016fli vl\u00e1dy a st\u00e1tu, \u010dasto i za cenu prolit\u00e9 krve. Lidskopr\u00e1vn\u00ed aktivity placen\u00e9 vl\u00e1dou nikdy nebudou kritizovat to, \u017ee vl\u00e1da shroma\u017e\u010fuje o ob\u010danech mnohem v\u00edc informac\u00ed, ne\u017e si dovolil kter\u00fdkoli totalitn\u00ed re\u017eim, \u017ee odposlouch\u00e1v\u00e1 stokr\u00e1t v\u00edc telefonn\u00edch spojen\u00ed, ne\u017e komunistick\u00fd re\u017eim, \u017ee neexistuje dostate\u010dn\u00e1 kontrola nad odposlechy, \u017ee vl\u00e1da zasahuje do soukrom\u00ed ob\u010dan\u016f bezprecedentn\u00edm zp\u016fsobem. Nikdo nepoukazuje na to, \u017ee se st\u00e1le posiluj\u00ed pravomoci policie, \u00fa\u0159ad\u016f, celn\u00ed spr\u00e1vy, finan\u010dn\u00edch \u00fa\u0159ad\u016f, ale zcela se vytratilo v\u011bdom\u00ed, \u017ee ka\u017ed\u00e9 pos\u00edlen\u00ed pravomoc\u00ed mus\u00ed b\u00fdt v dvojn\u00e1sobn\u00e9 m\u00ed\u0159e pokryto funguj\u00edc\u00ed ve\u0159ejnou civiln\u00ed kontrolou. Neexistuj\u00ed samizdatov\u00e9 dokumenty poukazuj\u00edc\u00ed na to, \u017ee poslanci slou\u017e\u00ed vl\u00e1d\u011b, m\u00edsto aby h\u00e1jili z\u00e1jmy sv\u00fdch voli\u010d\u016f. Zru\u0161en\u00ed imunity m\u00e1 samoz\u0159ejm\u011b za n\u00e1sledek, \u017ee se poslanci neodv\u00e1\u017e\u00ed h\u00e1jit z\u00e1jmy voli\u010d\u016f proti v\u016fli vl\u00e1dy. D\u016fvodem zru\u0161en\u00ed imunity nebylo jej\u00ed zneu\u017e\u00edv\u00e1n\u00ed, nebo\u0165 i podez\u0159en\u00ed bylo jen ojedin\u011bl\u00e9 a nikterak takov\u00fdch p\u0159\u00edpad\u016f nep\u0159ib\u00fdvalo. Imunita byla zru\u0161ena, proto\u017ee se to hodilo stran\u00e1m vl\u00e1dn\u00ed koalice k upevn\u011bn\u00ed vlastn\u00ed moci a k oslaben\u00ed nez\u00e1vislosti poslanc\u016f. Parlament zkr\u00e1tka p\u0159estal plnit sv\u00e9 posl\u00e1n\u00ed. Nem\u00e1me ani \u017e\u00e1dn\u00e9 \u201e\u0161tvav\u00e9\u201c zahrani\u010dn\u00ed vys\u00edl\u00e1n\u00ed, ve kter\u00e9m bychom se dozv\u00eddali, jak n\u00e1\u0161 politick\u00fd syst\u00e9m nefunguje a \u017ee by mohl fungovat jinak. Ba nedozv\u00edd\u00e1me se dokonce ani to, jak st\u00e1le m\u00e9n\u011b n\u00e1\u0161 st\u00e1t funguje. Policie doraz\u00ed na m\u00edsto \u010dinu hodinu post festum, drobn\u00e9 kr\u00e1de\u017ee v\u016fbec nevy\u0161et\u0159uje, dokonce se od policisty dozv\u00edte, \u017ee je nutn\u00e9 pova\u017eovat drobn\u00e9 kr\u00e1de\u017ee za p\u0159\u00edsp\u011bvek na soci\u00e1ln\u00ed syst\u00e9m. Selh\u00e1vaj\u00ed registry (nap\u0159\u00edklad vozidel), zav\u00e1d\u011bj\u00ed se st\u00e1le nesmysln\u011bj\u0161\u00ed regulace, tak\u017ee p\u0159edpisy p\u0159est\u00e1vaj\u00ed platit. St\u00e1t arogantn\u011b nut\u00ed ob\u010dany st\u00e1t v mnohahodinov\u00fdch front\u00e1ch (p\u0159i v\u00fdm\u011bn\u011b pas\u016f a pr\u016fkaz\u016f, p\u0159i \u017e\u00e1dostech o d\u00e1vky atd.), zat\u00edmco v supermarketech je d\u00e1vno zvykem, \u017ee p\u0159ijde dal\u0161\u00ed pokladn\u00ed, jakmile stoj\u00ed ve front\u011b t\u0159i nebo \u010dty\u0159i z\u00e1kazn\u00edci. Soudy se vle\u010dou l\u00e9ta, drobn\u00ed podnikatel\u00e9, pou\u017eijeme-li t\u0159\u00eddn\u00ed terminologii, jsou v podstat\u011b vyko\u0159is\u0165ov\u00e1ni. Z\u0159eteln\u00fdm z\u00e1m\u011brem vl\u00e1dy je ud\u011blat z \u017eivnostn\u00edk\u016f snadno ovladateln\u00e9 zam\u011bstnance. Nesmysln\u00e9 exeku\u010dn\u00ed p\u0159edpisy, kter\u00e9 m\u011bly zamaskovat nefunk\u010dnost soud\u016f, zb\u00edda\u010dily t\u0159etinu ob\u010dan\u016f. St\u00e1le m\u00e9n\u011b funguj\u00edc\u00ed st\u00e1tn\u00ed spr\u00e1va je nahrazov\u00e1na t\u00edm, \u017ee se povinnosti st\u00e1tu p\u0159esouvaj\u00ed na ob\u010dany a podnikatele. Nefunguj\u00edc\u00ed Policie se \u0159e\u0161ila p\u0159id\u00e1n\u00edm str\u00e1\u017en\u00edk\u016f. Nefunguj\u00edc\u00ed str\u00e1\u017en\u00edci se vy\u0159e\u0161ili zaveden\u00edm bezprecedentn\u00edho trest\u00e1n\u00ed spr\u00e1vn\u00edch delikt\u016f pro fyzick\u00e9 osoby. Nefunguj\u00edc\u00ed finan\u010dn\u00ed \u00fa\u0159ady se \u0159e\u0161\u00ed zaveden\u00edm dal\u0161\u00edch povinnost\u00ed a n\u00e1klad\u016f pro podnikatele. Nepo\u0159\u00e1dek ve spisech st\u00e1tn\u00ed spr\u00e1vy se \u0159e\u0161\u00ed povinnost\u00ed soukromn\u00edk\u016f m\u00edt po\u010d\u00edta\u010d. \u0160patn\u011b konstituovan\u00e9 z\u00e1kony se \u0159e\u0161\u00ed slep\u00fdm zvy\u0161ov\u00e1n\u00edm sankc\u00ed. \u00dastavn\u011b chr\u00e1n\u011bn\u00e9 jistoty, kter\u00e9 m\u011bl ob\u010dan pro p\u0159\u00edpad zadr\u017een\u00ed je\u0161t\u011b p\u0159ed dvaceti lety, zmizely pod vlivem evropsk\u00e9ho zatyka\u010de. N\u00e1\u0161 politick\u00fd syst\u00e9m se stal v mnoha ohledech podobn\u011b nedemokratick\u00fdm, jako byl ten minul\u00fd. Smutn\u00e9.<\/p>\n<p style=\"text-align: justify;\">Pokud jde o hospod\u00e1\u0159skou spolupr\u00e1ci, n\u011bkter\u00e9 postkomunistick\u00e9 zem\u011b se sice p\u0159ipojily k z\u00e1padoevropsk\u00e9 ekonomice, ale ta se mezit\u00edm uzav\u0159ela do sv\u00e9ho vnit\u0159n\u00edho trhu a v d\u016fsledku p\u0159eregulace podnikatelsk\u00e9ho prost\u0159ed\u00ed ztr\u00e1c\u00ed konkurenceschopnost na sv\u011btov\u00fdch trz\u00edch. Na vnit\u0159n\u00edm trhu si z\u00e1padn\u00ed Evropa zavedla da\u0148ov\u00e9 diskriminace n\u011bkter\u00fdch zp\u016fsob\u016f v\u00fdroby elekt\u0159iny, tak\u017ee podnikatel\u00e9 nev\u011bd\u00ed, podle \u010deho by se m\u011bli do budoucna orientovat, co\u017e konkurenceschopnost tak\u00e9 sni\u017euje. V\u016f\u010di sousedn\u00edm st\u00e1t\u016fm se spole\u010dn\u00fd evropsk\u00fd trh chov\u00e1 bezohledn\u011b a arogantn\u011b. T\u00e9m\u011b\u0159 v\u0161echny sousedn\u00ed st\u00e1ty EU jsou destabilizov\u00e1ny. Evropa hazarduje s riziky, kter\u00e1 v takov\u00e9 m\u00ed\u0159e nem\u011bla nikdy v historii. V takto riskantn\u00edm postaven\u00ed byla Evropa naposledy v dob\u011b st\u011bhov\u00e1n\u00ed n\u00e1rod\u016f, kter\u00e9 nakonec smetlo zbytky antick\u00e9 civilizace. A za t\u011bchto okolnost\u00ed si s Ruskem vz\u00e1jemn\u011b vyhla\u0161ujeme sankce nam\u00edsto spolupr\u00e1ce.<\/p>\n<p style=\"text-align: justify;\">Pokud jde o bezpe\u010dnostn\u00ed situaci, s t\u00edm, jak se NATO roz\u0161i\u0159ovalo, za\u017eila se p\u0159edstava, \u017ee nen\u00ed nutn\u00e9 poskytovat stejn\u00e9 bezpe\u010dnostn\u00ed garance v\u0161em \u010dlensk\u00fdm st\u00e1t\u016fm. Kdy\u017e m\u011bly do NATO vstupovat pobaltsk\u00e9 st\u00e1ty, vzpom\u00edn\u00e1m, jak nejvy\u0161\u0161\u00ed vojen\u0161t\u00ed p\u0159edstavitel\u00e9 Aliance tehdy varovali politiky, \u017ee Pobalt\u00ed nelze ubr\u00e1nit proti Rusk\u00e9 invazi ani s pou\u017eit\u00edm jadern\u00fdch zbran\u00ed. Rusov\u00e9 to moc dob\u0159e v\u011bd\u00ed.<\/p>\n<p style=\"text-align: justify;\">V t\u011bsn\u00e9 bl\u00edzkosti Evropy prob\u00edhaj\u00ed dva regul\u00e9rn\u00ed v\u00e1le\u010dn\u00e9 konflikty: v S\u00fdrii a na Ukrajin\u011b. Ob\u010dansk\u00e1 v\u00e1lka v S\u00fdrii se stala nesrozumitelnou, proto\u017ee tam nenach\u00e1z\u00edme nikoho, komu bychom mohli fandit. \u017d\u00e1dn\u00e9 \u0159e\u0161en\u00ed nen\u00ed ani na obzoru. S pocitem bezradnosti m\u016f\u017eeme pom\u00e1hat uprchl\u00edk\u016fm a m\u016f\u017eeme zv\u011bdav\u011b \u010dekat, a\u017e jedna strana poraz\u00ed druhou. Nebo a\u017e st\u00e1t p\u0159evezmou isl\u00e1m\u0161t\u00ed terorist\u00e9. \u017d\u00e1dn\u00e9 pozitivn\u00ed \u0159e\u0161en\u00ed si neum\u00edme ani p\u0159edstavit.<\/p>\n<p style=\"text-align: justify;\">Ukrajina funguje ji\u017e po dv\u011b desetilet\u00ed jako hrac\u00ed plocha pro tajn\u00e9 slu\u017eby. Evropsk\u00e9 a americk\u00e9 tam prosazovaly sv\u00e9 pojet\u00ed ukrajinsk\u00e9 politiky, rusk\u00e9 s\u00edly zase jin\u00e9. Boj tajn\u00fdch slu\u017eeb nakonec na druh\u00fd pokus poddoloval nep\u0159\u00edli\u0161 demokratick\u00fd re\u017eim a p\u0159ivedl zemi k otev\u0159en\u00e9 v\u00e1lce. S pokra\u010dov\u00e1n\u00edm ukrajinsk\u00e9 v\u00e1lky miz\u00ed posledn\u00ed zbytky d\u016fv\u011bry a nad\u011bje v cel\u00e9m sv\u011bt\u011b. Rusk\u00fd prezident se vychloub\u00e1, jak obelhal sv\u011bt, kdy\u017e tvrdil, \u017ee na Krymu nejsou \u017e\u00e1dn\u00ed ru\u0161t\u00ed voj\u00e1ci. P\u0159izn\u00e1v\u00e1, \u017ee uva\u017eoval o nasazen\u00ed jadern\u00fdch zbran\u00ed. Rusk\u00e1 federace p\u0159i ukrajinsk\u00e9 hranici rozmis\u0165uje sv\u00e9 s\u00edly a po\u0159\u00e1d\u00e1 tam rozs\u00e1hl\u00e1 varovn\u00e1 vojensk\u00e1 cvi\u010den\u00ed jako demonstraci s\u00edly. Podobn\u00e1 demonstra\u010dn\u00ed cvi\u010den\u00ed organizuje NATO v Pobalt\u00ed a ve v\u00fdchodn\u00ed Evrop\u011b. V cel\u00e9m sv\u011bt\u011b za\u010d\u00ednaj\u00ed r\u016fst n\u00e1klady na zbrojen\u00ed a je jist\u00e9, \u017ee od nyn\u011bj\u0161ka porostou hodn\u011b dlouho. Obnoven\u00ed d\u016fv\u011bry bude zdlouhav\u00e9 a obt\u00ed\u017en\u00e9.<\/p>\n<p style=\"text-align: justify;\">Pravidla, bezpe\u010dnostn\u00ed principy, \u010di sv\u011btov\u00fd \u0159\u00e1d, jak by \u0159ekl Henry Kissinger, p\u0159est\u00e1vaj\u00ed platit. Jakkoliv se sna\u017e\u00ed euroatlantick\u00e1 civilizace bagatelizovat humanit\u00e1rn\u00ed bombardov\u00e1n\u00ed B\u011blehradu, po kter\u00e9m odtr\u017een\u00ed Kosova od Srbska pop\u0159elo jak\u00fdkoli humanit\u00e1rn\u00ed aspekt intervence, velmi t\u011b\u017eko se vysv\u011btluje lidem t\u0159eba z P\u00e1kist\u00e1nu, \u017ee odtr\u017een\u00ed Krymu od Ukrajiny a p\u0159ipojen\u00ed k Rusku je jaksi z\u00e1sadn\u011b odli\u0161nou z\u00e1le\u017eitost\u00ed. Tehdej\u0161\u00ed p\u0159\u00edslib EU, \u017ee se Kosovo stane \u010dlenem EU, jakmile to bude mo\u017en\u00e9, ud\u011blal z humanit\u00e1rn\u00ed intervence oby\u010dejnou \u00fazemn\u00ed agresi. P\u0159\u00ed\u0161t\u00edch pades\u00e1t let bude jak\u00e1koli humanit\u00e1rn\u00ed intervence neospravedlniteln\u00e1 a nep\u0159ijateln\u00e1. I oby\u010dejn\u00fd prost\u00fd \u010dlov\u011bk n\u011bkde v Indon\u00e9sii pouk\u00e1\u017ee na to, \u017ee Rusko ani trochu nebombardovalo Kyjev, na rozd\u00edl od \u201ehumanit\u00e1rn\u00ed\u201d bombardovac\u00ed pomoci B\u011blehradu.<\/p>\n<p style=\"text-align: justify;\">V\u00e1lka na Ukrajin\u011b z\u0159eteln\u011b uk\u00e1zala, jak funguje soudob\u00e1 propaganda. Informace v m\u00e9di\u00edch jsou tak rozporupln\u00e9, \u017ee je skoro nemo\u017en\u00e9 se zorientovat. Proto\u017ee m\u00e1me sv\u00e9 zku\u0161enosti s komunistickou propagandou, nev\u011b\u0159\u00edme ani v\u00fdchodn\u00ed, ani z\u00e1padn\u00ed propagand\u011b. Inteligentn\u00ed lid\u00e9 up\u0159\u00edmn\u011b konstatuj\u00ed, \u017ee nemaj\u00ed dostatek ov\u011b\u0159en\u00fdch informac\u00ed, aby mohli situaci skute\u010dn\u011b posoudit. Z\u00e1rove\u0148 p\u0159est\u00e1vaj\u00ed v\u011b\u0159it i novin\u00e1\u0159\u016fm, proto\u017ee jejich prvn\u00edm p\u0159ik\u00e1z\u00e1n\u00edm je p\u0159ece zprost\u0159edkov\u00e1vat jen ov\u011b\u0159en\u00e9 pravdiv\u00e9 informace, nikoli pod\u00edlet se na propagand\u011b.<\/p>\n<p style=\"text-align: justify;\">Pokud se v\u00edce ne\u017e sto let uva\u017eovalo o tom, zda m\u00e1 nebo nem\u00e1 ka\u017ed\u00fd n\u00e1rod pr\u00e1vo na sebeur\u010den\u00ed, pova\u017eovalo se za nezpochybniteln\u00e9, \u017ee pr\u00e1vo na sebeur\u010den\u00ed m\u00e1 jen jednou. Jakmile n\u011bjak\u00fd n\u00e1rod m\u00e1 sv\u016fj st\u00e1t, mohou se p\u0159\u00edslu\u0161n\u00edci tohoto n\u00e1roda \u017eij\u00edc\u00ed v zahrani\u010d\u00ed rozhodnout. Bu\u010f z\u016fstanou, kde jsou, a sm\u00ed\u0159\u00ed se s t\u00edm, \u017ee jsou tam men\u0161inou, a pak existuj\u00ed n\u00e1stroje, jak chr\u00e1nit pr\u00e1va takov\u00fdch men\u0161in, nebo se seberou a p\u0159est\u011bhuj\u00ed se do sv\u00e9ho st\u00e1tu, kde budou v\u011bt\u0161inou. Poprv\u00e9 v p\u0159\u00edpad\u011b Kosova jsme precedentn\u011b umo\u017enili Alb\u00e1nc\u016fm pr\u00e1vo na sebeur\u010den\u00ed podruh\u00e9. U\u017e tehdy mnoz\u00ed upozor\u0148ovali, \u017ee to je cesta do pekel, proto bychom se nyn\u00ed nem\u011bli divit, \u017ee Rusov\u00e9 na Krymu tak\u00e9 pou\u017eili duplicitn\u00edho pr\u00e1va na sebeur\u010den\u00ed. Cesta do pekel ji\u017e za\u010dala. Velmi ji urychluje podivn\u00e1 argumentace mnoh\u00fdch eurohujer\u016f, \u017ee st\u00e1tn\u00ed svrchovanost je p\u0159e\u017eitkem, co\u017e m\u00e1 zamaskovat \u00famysln\u00fd demokratick\u00fd deficit panuj\u00edc\u00ed po desetilet\u00ed v EU. Je-li suverenita p\u0159e\u017eitkem, tak p\u0159ece nen\u00ed nutn\u00e9 br\u00e1t ohled na jin\u00e9 st\u00e1ty. Jen\u017ee v\u00e1lky nevznikaj\u00ed z respektov\u00e1n\u00ed suverenity jin\u00fdch st\u00e1t\u016f, ale z jej\u00edho podr\u00fdv\u00e1n\u00ed, zpochyb\u0148ov\u00e1n\u00ed a poru\u0161ov\u00e1n\u00ed. To peklo, ke kter\u00e9mu sm\u011b\u0159ujeme, pokud se rychle nevzpamatujeme, je glob\u00e1ln\u00ed nezvladateln\u00fd konflikt.<\/p>\n<p style=\"text-align: justify;\">Z\u00e1rove\u0148 je zpochybn\u011bna p\u0159edstava, \u017ee touha po blahobytu je siln\u011bj\u0161\u00ed ne\u017e vlastenectv\u00ed. Na tom byla zalo\u017eena evropsk\u00e1 integrace &#8211; touha po v\u0161eobecn\u00e9m blahobytu m\u011bla nahradit n\u00e1rodn\u00ed c\u00edt\u011bn\u00ed. Jen\u017ee se ukazuje, \u017ee politika se nacionalizuje pr\u00e1v\u011b pod vlivem protin\u00e1rodn\u00ed propagandy. Carl Gustav Jung kdysi napsal zaj\u00edmav\u00e9 pojedn\u00e1n\u00ed o n\u00e1rodn\u00edch archetypech. P\u0159irovnal je k prehistorick\u00fdm besti\u00edm, kter\u00e9 poklidn\u011b posp\u00e1vaj\u00ed na zelen\u00fdch pl\u00e1n\u00edch v dob\u011b klidu a blahobytu. Ale pokud se probud\u00ed, a\u0165 u\u017e t\u00edm, \u017ee je nedostatek zelen\u00fdch pastvin, nebo pokud je n\u011bkdo za\u010dne po\u0161\u0165uchovat, t\u0159eba pop\u00edr\u00e1n\u00edm jejich existence, pak se za\u010dnou d\u00edt v\u011bci, kter\u00e9 si nikdo nep\u0159eje. S\u00edla t\u011bchto prehistorick\u00fdch oblud se d\u00e1 p\u0159irovnat k energii blesku proti elekt\u0159in\u011b v z\u00e1suvce. Nem\u00e1me proti nim obranu. Kultivovan\u00ed vzd\u011blan\u00ed slu\u0161n\u00ed lid\u00e9 pod jejich vlivem se dok\u00e1\u017e\u00ed osobn\u011b pod\u00edlet na vyhlazov\u00e1n\u00ed jin\u00fdch n\u00e1rod\u016f a ud\u011blaj\u00ed v r\u00e1mci masov\u00fdch emoc\u00ed i to, co by jako rozv\u00e1\u017en\u00ed jednotlivci nikdy nedopustili.<\/p>\n<p style=\"text-align: justify;\">Krom\u011b toho prob\u00edh\u00e1 n\u00e1bo\u017eensk\u00e1 v\u00e1lka isl\u00e1msk\u00e9ho st\u00e1tu proti zbytku sv\u011bta. N\u011bkte\u0159\u00ed na\u0161i nedovzd\u011blan\u00ed politikov\u00e9 zah\u00e1jili boj proti isl\u00e1mu. Neuv\u011bdomuj\u00ed si, \u017ee proti isl\u00e1mu nevyhrajeme. K\u0159es\u0165ansk\u00e1 civilizace &#8211; cynicky bezhodnotov\u00e1 &#8211; l\u00e9pe \u0159e\u010deno nihilistick\u00e1 a hedonistick\u00e1 &#8211; nev\u011b\u0159\u00ed v\u016fbec ni\u010demu. T\u00edm l\u00e1k\u00e1 mision\u00e1\u0159e v\u0161ech sekt a n\u00e1bo\u017eenstv\u00ed z cel\u00e9ho sv\u011bta. Oslaben\u00e1 a mor\u00e1ln\u011b zpochybn\u011bn\u00e1 euroatlantick\u00e1 civilizace se st\u00e1v\u00e1 obl\u00edben\u00fdm ter\u010dem nejenom kritiky, ale i teroristick\u00fdch \u00fatok\u016f. Jej\u00ed v\u011brohodnost ve sv\u011bt\u011b je dost vetch\u00e1. Zkus\u00edte-li si promluvit s oby\u010dejn\u00fdmi lidmi n\u011bkde v Indon\u00e9sii nebo v Africe, vid\u00ed n\u00e1s jako \u201cchytr\u00e9 d\u011bti\u201d, kter\u00e9 sice vyr\u00e1b\u011bj\u00ed \u00fa\u017easn\u00e9 hra\u010dky &#8211; kr\u00e1sn\u00e1 auta, v\u00fdkonn\u00e9 po\u010d\u00edta\u010de, dokonal\u00e9 zbran\u011b &#8211; ale \u017eij\u00ed blb\u011b. Z k\u0159es\u0165anstv\u00ed n\u00e1m zbyl jen barvotisk. K\u0159es\u0165ansk\u00e9 asketick\u00e9 sv\u00e1tky, pro kter\u00e9 byl typick\u00fd p\u016fst a koncentrace, se zm\u011bnily ve sv\u00e1tky konzumu a spot\u0159eby. M\u00edsto, abychom proti nez\u0159\u00edzen\u00e9mu konzumu postavili duchovn\u00ed hodnoty, zak\u00e1\u017eeme o sv\u00e1tc\u00edch prodej. Jedin\u00e9, \u010deho t\u00edm dos\u00e1hneme, je posun reklamn\u00edch aktivit o dal\u0161\u00ed t\u00fddny a m\u011bs\u00edce dop\u0159edu. Konzumn\u00ed zp\u016fsob \u017eivota se je\u0161t\u011b pos\u00edl\u00ed. A duchovn\u00ed pr\u00e1zdnota se prohloub\u00ed. C\u00edrkve bojuj\u00ed o majetek m\u00edsto o du\u0161e. Zaujet\u00ed pro v\u00edru je pova\u017eov\u00e1no za psychickou \u00fachylku. Zejm\u00e9na z\u00e1padn\u00ed Evropa v\u011b\u0159ila, \u017ee v r\u00e1mci teorie multikulturalismu se bude da\u0159it korupce p\u0159ist\u011bhovalc\u016f, kte\u0159\u00ed pod vlivem blahobytu ztrat\u00ed svou v\u00edru a p\u0159izp\u016fsob\u00ed se spot\u0159eb\u011b. To se ale nepotvrzuje. Naopak \u0161\u00ed\u0159\u00ed se sekty a mnoh\u00e1 n\u00e1bo\u017eenstv\u00ed se radikalizuj\u00ed. V mor\u00e1ln\u011b zdevastovan\u00e9 spole\u010dnosti n\u011bkte\u0159\u00ed lid\u00e9, \u010dasto mlad\u00ed, hledaj\u00ed vzory, mor\u00e1ln\u00ed autority, vnit\u0159n\u00ed pravdivost a hodnoty, pro kter\u00e9 stoj\u00ed za to \u017e\u00edt. Nenach\u00e1zej\u00ed je mezi k\u0159es\u0165any, ale mezi probuzeneck\u00fdmi mision\u00e1\u0159i. Mo\u017en\u00e1 bychom nam\u00edsto py\u0161n\u00e9ho odsuzov\u00e1n\u00ed jin\u00fdch kultur m\u011bli zva\u017eovat, zda si sami pod sebou nepod\u0159ez\u00e1v\u00e1me v\u011btev.<\/p>\n<p style=\"text-align: justify;\">Pro\u010d tedy nad muslimy nevyhrajeme? Proto\u017ee na rozd\u00edl od k\u0159es\u0165an\u016f muslimov\u00e9 berou svou v\u00edru v\u00e1\u017en\u011b a jsou pro ni ochotni ledacos ob\u011btovat. K\u0159es\u0165anstv\u00ed m\u00e1 sice jako \u00fast\u0159edn\u00ed pojem ob\u011b\u0165 pro druh\u00e9 &#8211; na k\u0159\u00ed\u017ei, ale c\u00edrkvi p\u0159ipad\u00e1 obt\u00ed\u017en\u00e9 d\u00e1t p\u0159ednost okraden\u00fdm lidem p\u0159ed vlastn\u00edmi restitu\u010dn\u00edmi n\u00e1roky. C\u00edrkve si pro sebe vyjednaly od\u0161kodn\u011bn\u00ed, na kter\u00e9 oby\u010dejn\u00fd \u010dlov\u011bk nem\u011bl n\u00e1rok. B\u00fdvaly doby, kdy by se k\u0159es\u0165an\u00e9 pro sp\u00e1su lidsk\u00fdch du\u0161\u00ed vzdali sv\u00fdch n\u00e1rok\u016f. Jen\u017ee sp\u00e1sa nevzejde z proinvestovan\u00e9ho c\u00edrkevn\u00edho majetku, ale jen z ob\u011bti pro druh\u00e9.<\/p>\n<p style=\"text-align: justify;\">\u010casto zapom\u00edn\u00e1me, \u017ee isl\u00e1m je stabilizuj\u00edc\u00edm n\u00e1bo\u017eenstv\u00edm pro t\u00e9m\u011b\u0159 polovinu sv\u011bta, tak\u017ee to, proti \u010demu m\u00e1me bojovat, je isl\u00e1msk\u00fd terorismus, nikoliv isl\u00e1m. P\u0159ed 23 lety jsem psal, \u017ee hlavn\u00edm \u00fakolem c\u00edrkv\u00ed je v\u00e9st dialog s isl\u00e1mem. Zat\u00edm se o to pokusili jen v\u00fdjime\u010dn\u00ed jednotlivci. Proto\u017ee jsme se vzdali sv\u00fdch vlastn\u00edch duchovn\u00edch hodnot, neum\u00edme v\u00e9st dialog s jin\u00fdmi n\u00e1bo\u017eensk\u00fdmi syst\u00e9my. Dialog by toti\u017e uk\u00e1zal, \u017ee muslimov\u00e9 nejsou tak docela konkurence. M\u00e1me mnoho spole\u010dn\u00e9ho, m\u00e1me mnoho ke sd\u00edlen\u00ed, a m\u00e1me se i co u\u010dit. M\u00edsto, abychom se pokusili muslim\u016fm rozum\u011bt, dopou\u0161t\u00edme se pau\u0161alizace a s poukazem na teroristy \u010dasto odsuzujeme v\u0161echny muslimy. Kdo nem\u00e1 jasno ve sv\u00fdch hodnot\u00e1ch, je odsouzen ke konfrontaci a pau\u0161alizov\u00e1n\u00ed.<\/p>\n<p style=\"text-align: justify;\">Vr\u00e1t\u00edm-li se na za\u010d\u00e1tek, op\u011bt \u017dIJEME BLB\u011a. Tentokr\u00e1t za to ji\u017e nemohou ONI, tentokr\u00e1t jsme si to zavinili sami. Zm\u00ednil-li jsem se o tom, \u017ee se mus\u00edme vzpamatovat, slu\u0161elo by se nazna\u010dit jak. Pot\u0159ebujeme politiky, kte\u0159\u00ed dok\u00e1\u017e\u00ed nejenom verb\u00e1ln\u011b, ale sv\u00fdm \u017eivotem a hodnotami, na kter\u00fdch postavili sv\u016fj \u017eivot, integrovat v\u0161echny t\u0159i ko\u0161e b\u00fdval\u00e9ho helsinsk\u00e9ho procesu. Pr\u00e1v\u011b \u00facta k mor\u00e1ln\u00edm hodnot\u00e1m m\u016f\u017ee p\u0159isp\u011bt k obnoven\u00ed d\u016fv\u011bry. D\u016fv\u011bra je \u00fast\u0159edn\u00ed hodnotou. Vzpome\u0148me, jak ztr\u00e1ta d\u016fv\u011bry v bankovn\u00ed sektor zp\u016fsobila glob\u00e1ln\u00ed hospod\u00e1\u0159skou krizi. Ztr\u00e1ta d\u016fv\u011bry v mezin\u00e1rodn\u00edch vztaz\u00edch m\u00e1 mnohem hor\u0161\u00ed n\u00e1sledky. M\u00e1-li se obnovit d\u016fv\u011bra, bude nutn\u00e9 zm\u011bnit OSN. Sou\u010dasn\u00e1 podoba je neudr\u017eiteln\u00e1 a samotn\u00e1 existence OSN vyvol\u00e1v\u00e1 nap\u011bt\u00ed. Nap\u0159\u00edklad proto, \u017ee britsk\u00e1 a francouzsk\u00e1 ekonomika byla p\u0159edsti\u017eena jin\u00fdmi zem\u011bmi, kter\u00e9 se hl\u00e1s\u00ed o slovo v Rad\u011b bezpe\u010dnosti. Evropa by si m\u011bla prov\u00e9st inventuru. Jak\u00fd smysl m\u00e1 smlouva o otev\u0159en\u00e9m nebi, kter\u00e1 m\u011bla posilovat d\u016fv\u011bru, kdy\u017e se d\u016fv\u011bra ztratila a navz\u00e1jem na sebe uvalujeme sankce? V\u0161echna opat\u0159en\u00ed na posilov\u00e1n\u00ed d\u016fv\u011bry by m\u011bla b\u00fdt pozastavena do doby, ne\u017e budou p\u0159\u00edpadn\u011b zasazena do nov\u00e9ho kontextu. Rovn\u011b\u017e pojet\u00ed lidsk\u00fdch pr\u00e1v, vyhandlovan\u00e9 mezi Z\u00e1padem a V\u00fdchodem po druh\u00e9 sv\u011btov\u00e9 v\u00e1lce, je mo\u017en\u00e1 pon\u011bkud zastydl\u00e9 a st\u00e1lo by za to reflektovat posledn\u00ed v\u00fdvoj. Nap\u0159\u00edklad ochranu listovn\u00edho tajemstv\u00ed by m\u011bla nahradit ochrana elektronick\u00e9 komunikace p\u0159ed st\u00e1tn\u00ed evidenc\u00ed a st\u00e1tn\u00edmi odposlechy.<\/p>\n<p style=\"text-align: justify;\">N\u011bkter\u00e9 kroky V\u00fdchodu i Z\u00e1padu n\u00e1m mohou p\u0159ipadat jako v\u00fdsm\u011bch, kdy\u017e si p\u0159e\u010dteme p\u00e1r cit\u00e1t\u016f z Charty OSN: \u201eOrganizace je zalo\u017eena na z\u00e1sad\u011b svrchovan\u00e9 rovnosti v\u0161ech sv\u00fdch \u010dlen\u016f.\u201d \u201eV\u0161ichni \u010dlenov\u00e9 \u0159e\u0161\u00ed sv\u00e9 mezin\u00e1rodn\u00ed spory pokojn\u00fdmi prost\u0159edky tak, aby ani mezin\u00e1rodn\u00ed m\u00edr a bezpe\u010dnost, ani spravedlnost nebyly ohro\u017eov\u00e1ny.\u201d \u201eV\u0161ichni \u010dlenov\u00e9 se vyst\u0159\u00edhaj\u00ed ve sv\u00fdch mezin\u00e1rodn\u00edch styc\u00edch hrozby silou nebo pou\u017eit\u00ed s\u00edly jak proti \u00fazemn\u00ed celistvosti nebo politick\u00e9 nez\u00e1vislosti kter\u00e9hokoli st\u00e1tu, tak jak\u00fdmkoli jin\u00fdm zp\u016fsobem neslu\u010diteln\u00fdm s c\u00edli Organizace spojen\u00fdch n\u00e1rod\u016f.\u201d Nem\u00e1 smysl tv\u00e1\u0159it se, jako \u017ee plat\u00ed Charta OSN, kdy\u017e ji nerespektujeme. Nen\u00ed divu, \u017ee v\u011brohodnost na\u0161\u00ed civilizace ve sv\u011bt\u011b je mal\u00e1.<\/p>\n<p style=\"text-align: justify;\">Ano, \u017eijeme blb\u011b, ale snad se s t\u00edm d\u00e1 je\u0161t\u011b n\u011bco d\u011blat.<\/p>\n","protected":false},"excerpt":{"rendered":"<p>4.4.2015 Kdysi za minul\u00e9ho re\u017eimu jsem s n\u011bkolika p\u0159\u00e1teli na v\u00fdlet\u011b v Pos\u00e1zav\u00ed narazil na zpustl\u00fd statek. Jako v\u017edycky na mne dolehl t\u00edsniv\u00fd pocit, \u017ee je n\u011bco \u0161patn\u011b, kdy\u017e se&#8230; <a class=\"read-more-button\" href=\"https:\/\/www.payne.cz\/WP15\/zijeme-blbe-2\/\">\u010c\u00edst v\u00edce &gt;<\/a><\/p>\n","protected":false},"author":2,"featured_media":0,"comment_status":"closed","ping_status":"closed","sticky":false,"template":"","format":"standard","meta":{"ngg_post_thumbnail":0,"_monsterinsights_skip_tracking":false,"_monsterinsights_sitenote_active":false,"_monsterinsights_sitenote_note":"","_monsterinsights_sitenote_category":0,"footnotes":""},"categories":[3,16,9],"tags":[6,18,5],"class_list":["post-379","post","type-post","status-publish","format-standard","hentry","category-clanky","category-svobodni","category-zahrpol","tag-dompol","tag-svobodi","tag-zahrpol"],"_links":{"self":[{"href":"https:\/\/www.payne.cz\/WP15\/wp-json\/wp\/v2\/posts\/379","targetHints":{"allow":["GET"]}}],"collection":[{"href":"https:\/\/www.payne.cz\/WP15\/wp-json\/wp\/v2\/posts"}],"about":[{"href":"https:\/\/www.payne.cz\/WP15\/wp-json\/wp\/v2\/types\/post"}],"author":[{"embeddable":true,"href":"https:\/\/www.payne.cz\/WP15\/wp-json\/wp\/v2\/users\/2"}],"replies":[{"embeddable":true,"href":"https:\/\/www.payne.cz\/WP15\/wp-json\/wp\/v2\/comments?post=379"}],"version-history":[{"count":4,"href":"https:\/\/www.payne.cz\/WP15\/wp-json\/wp\/v2\/posts\/379\/revisions"}],"predecessor-version":[{"id":1155,"href":"https:\/\/www.payne.cz\/WP15\/wp-json\/wp\/v2\/posts\/379\/revisions\/1155"}],"wp:attachment":[{"href":"https:\/\/www.payne.cz\/WP15\/wp-json\/wp\/v2\/media?parent=379"}],"wp:term":[{"taxonomy":"category","embeddable":true,"href":"https:\/\/www.payne.cz\/WP15\/wp-json\/wp\/v2\/categories?post=379"},{"taxonomy":"post_tag","embeddable":true,"href":"https:\/\/www.payne.cz\/WP15\/wp-json\/wp\/v2\/tags?post=379"}],"curies":[{"name":"wp","href":"https:\/\/api.w.org\/{rel}","templated":true}]}}