{"id":355,"date":"2015-05-01T02:50:24","date_gmt":"2015-05-01T01:50:24","guid":{"rendered":"http:\/\/www.payne.cz\/WP15\/?p=355"},"modified":"2015-06-01T11:47:04","modified_gmt":"2015-06-01T10:47:04","slug":"odejdete","status":"publish","type":"post","link":"https:\/\/www.payne.cz\/WP15\/odejdete\/","title":{"rendered":"Odejd\u011bte!"},"content":{"rendered":"<p style=\"text-align: right;\"><span style=\"color: #008000;\">3.10.2014<\/span><\/p>\n<p style=\"text-align: justify;\"><span style=\"color: #999999;\"><em>Dostal jsem n\u011bkolik dotaz\u016f, pro\u010d jsem p\u0159ed v\u00edce ne\u017e p\u011bti lety ode\u0161el z\u00a0ODS, zda to nen\u00ed p\u0159evl\u00e9k\u00e1n\u00ed kab\u00e1tu a podobn\u011b. N\u011bkolik slov k\u00a0tomu.<\/em><\/span><\/p>\n<p style=\"text-align: justify;\">Neode\u0161el jsem z\u00a0ODS za lep\u0161\u00edm. Tomu se obvykle \u0159\u00edk\u00e1 oportunismus. Oportunista odch\u00e1z\u00ed za lep\u0161\u00ed p\u0159\u00edle\u017eitost\u00ed i za cenu, \u017ee se vzd\u00e1 vlastn\u00edho p\u0159esv\u011bd\u010den\u00ed. Ode\u0161el jsem proto, \u017ee jsem cht\u011bl z\u016fstat v\u011brn\u00fd sv\u00e9mu p\u0159esv\u011bd\u010den\u00ed a \u017ee ODS v\u011bdom\u011b zvolila jin\u00e9 my\u0161lenky. ODS byla tehdy na historick\u00e9m vrcholu sil. Nam\u00edsto pohodln\u00e9ho setrv\u00e1v\u00e1n\u00ed ve vl\u00e1dnouc\u00edch struktur\u00e1ch jsem se vydal do nejist\u00e9 a nam\u00e1hav\u00e9 budoucnosti p\u0159i zakl\u00e1d\u00e1n\u00ed nov\u00e9 politick\u00e9 strany. Nikdo tehdy nem\u011bl ani pon\u011bt\u00ed o tom, \u017ee by se mohlo postaven\u00ed ODS n\u011bjak oslabit.<\/p>\n<p style=\"text-align: justify;\">Napsal jsem tehdy dopis na rozlou\u010denou s\u00a0ODS (viz d\u00e1le v p\u0159\u00edloze). Popsal jsem tehdy d\u016fvody, kter\u00e9 mne k vystoupen\u00ed z ODS vedly (chyb\u011bj\u00edc\u00ed rozprava, chyb\u011bj\u00edc\u00ed odpov\u011bdnost a chyb\u011bj\u00edc\u00ed f\u00e9rov\u00e1 sout\u011b\u017e), a nem\u00e1m, co bych tomu d\u00e1l dod\u00e1val. Zalo\u017eil jsem stranu Svobodn\u00fdch, kter\u00e1 pova\u017euje f\u00e9rovou sout\u011b\u017e za \u201aposv\u00e1tn\u00fd\u2018 princip (mimo jin\u00e9 i za l\u00e9k proti korupci), stranu, kter\u00e1 v\u011bnuje prostor otev\u0159en\u00e9 politick\u00e9 debat\u011b i odpov\u011bdnosti. Jak jsem v dopisu sl\u00edbil, nepokusil jsem se od\u0161t\u011bpit n\u011bjakou \u010d\u00e1st \u010dlen\u016f ODS.<\/p>\n<p style=\"text-align: justify;\">Pokud jde o dialog a polemiku, na stran\u011b ODS\u00a0partnery\u00a0st\u00e1le nenach\u00e1z\u00edm. Sp\u00ed\u0161 se d\u00e1 diskutovat s\u00a0nez\u00e1visl\u00fdmi publicisty, kte\u0159\u00ed se pokou\u0161ej\u00ed diskutovat jakoby jm\u00e9nem ODS (nap\u0159\u00edklad Tom\u00e1\u0161 Haas).<\/p>\n<p style=\"text-align: justify;\">Vad\u00ed mi, \u017ee vl\u00e1da ODS (Ne\u010dasova) p\u0159ed rokem prosadila dva z\u00e1kony o vyvlast\u0148ov\u00e1n\u00ed za netr\u017en\u00ed ceny. Dokonce i \u010cSSD se tehdy od nich distancovala s\u00a0t\u00edm, \u017ee tak extr\u00e9mn\u011b levicov\u00e9 n\u00e1vrhy nem\u016f\u017ee podpo\u0159it. S\u00a0pot\u011b\u0161en\u00edm mus\u00edm konstatovat, \u017ee Sobotkova vl\u00e1da od takov\u00e9ho vyvlast\u0148ov\u00e1n\u00ed odstupuje a m\u011bn\u00ed v\u00a0tomto smyslu legislativu. Z\u00e1le\u017eitost je ji\u017e pas\u00e9, k politick\u00e9 diskusi jsem v\u0161ak v\u00a0ODS nena\u0161el partnera, nikomu z \u010dlen\u016f to tehdy nevadilo.<\/p>\n<p style=\"text-align: justify;\">Jin\u00fdm p\u0159\u00edkladem m\u016f\u017ee b\u00fdt p\u0159\u00edsp\u011bvkov\u00e1 organizace. Je to pojem typicky sv\u00e1zan\u00fd se socialistick\u00fdm pr\u00e1vem a s\u00a0tzv. omezenou pr\u00e1vn\u00ed subjektivitou. Komunist\u00e9 cht\u011bli m\u00edt v\u0161echno pod kontrolou, a proto zlikvidovali tradi\u010dn\u00ed pojet\u00ed pr\u00e1vnick\u00e9 osoby na z\u00e1klad\u011b slov V. I. Lenina, \u017ee pr\u00e1vnick\u00e1 osoba je \u00fahlavn\u00edm nep\u0159\u00edtelem komunismu. V\u00a0devades\u00e1t\u00fdch letech se nepoda\u0159ilo pojem &#8218;organizace&#8216; zcela vym\u00fdtit. P\u0159ekvapiv\u011b to ud\u011blala a\u017e vl\u00e1da \u010cSSD. Prosadila, \u017ee \u010desk\u00fd st\u00e1t je jedna pr\u00e1vnick\u00e1 osoba, kter\u00e1 m\u00e1 pouze organiza\u010dn\u00ed slo\u017eky, nebo m\u016f\u017ee b\u00fdt vlastn\u00edkem n\u011bkter\u00fdch pr\u00e1vnick\u00fdch osob. O st\u00e1tn\u00ed majetek se pak star\u00e1 \u00da\u0159ad pro zastupov\u00e1n\u00ed st\u00e1tu ve v\u011bcech majetkov\u00fdch. N\u011bkolik let pot\u00e9 p\u0159i\u0161li poslanci ODS a legislativn\u00ed iniciativou, kter\u00e1 znovuvzk\u0159\u00edsila p\u0159\u00edsp\u011bvkov\u00e9 organizace z\u0159izovan\u00e9 obcemi. P\u0159\u00edsp\u011bvkov\u00e1 organizace je zvl\u00e1\u0161tn\u00ed \u00fatvar, kter\u00fd se li\u0161\u00ed od pr\u00e1vnick\u00e9 osoby t\u00edm, \u017ee kdy\u017e se to hod\u00ed, m\u00e1 \u201apr\u00e1vn\u00ed subjektivitu\u2018 a m\u016f\u017ee v\u00e1s za\u017ealovat u soudu. Kdy\u017e se to nehod\u00ed, t\u0159eba kdy\u017e organizaci za\u017ealujete, prohl\u00e1s\u00ed, \u017ee za jejich z\u00e1vazky odpov\u00edd\u00e1 z\u0159izovatel. Dalo by se \u0159\u00edci jednosm\u011brn\u00e1 odpov\u011bdnost. Tak\u00e9 jsem k\u00a0diskusi o znovuvzk\u0159\u00ed\u0161en\u00ed komunistick\u00fdch kategori\u00ed v ODS nena\u0161el partnera.<\/p>\n<p style=\"text-align: justify;\">Znovu mus\u00edm jako p\u0159ed p\u011bti lety\u00a0zopakovat, \u017ee bych si b\u00fdval byl p\u0159\u00e1l, aby ODS na\u0161la cestu k\u00a0n\u00e1prav\u011b. Spolu s\u00a0mnoha jin\u00fdmi na n\u00e1pravu v\u011b\u0159\u00edm st\u00e1le m\u00e9n\u011b a m\u00e9n\u011b. Ob\u00e1v\u00e1m se, \u017ee n\u00e1prava ODS je\u0161t\u011b neza\u010dala. ODS dosahuje patrn\u011b sv\u011btov\u00e9ho rekordu ve vypuzov\u00e1n\u00ed schopn\u011bj\u0161\u00edch \u010dlen\u016f. Projevuje se to nakonec my\u0161lenkovou pr\u00e1zdnotou. Jak kdysi kdosi podotknul: V\u00a0ODS do\u0161lo k\u00a0uzav\u0159en\u00ed koalice pr\u016fm\u011brn\u00fdch s\u00a0neschopn\u00fdmi. To je jasn\u00fd a st\u00e1le platn\u00fd sign\u00e1l pro ty schopn\u00e9: Odejd\u011bte!<\/p>\n<p style=\"text-align: justify;\">&#8212;&#8212;&#8212;&#8212;&#8212;&#8212;&#8212;&#8212;&#8212;&#8212;&#8212;&#8212;&#8212;&#8212;&#8212;&#8212;&#8212;&#8212;&#8212;&#8212;&#8212;&#8212;&#8212;&#8212;&#8212;&#8212;&#8212;&#8212;&#8212;&#8212;&#8212;&#8212;&#8212;&#8212;&#8212;&#8212;&#8212;&#8212;&#8212;&#8212;&#8212;&#8212;&#8212;&#8212;-<\/p>\n<p style=\"text-align: justify;\"><span style=\"color: #339966;\"><strong>Na rozlou\u010denou s ODS<\/strong><\/span><\/p>\n<p style=\"text-align: center;\">RNDr. Ji\u0159\u00ed Payne<\/p>\n<p style=\"text-align: right;\" align=\"right\">V Praze dne 22. ledna 2009<\/p>\n<p style=\"text-align: justify;\">V\u00e1\u017een\u00ed kolegov\u00e9 a p\u0159\u00e1tel\u00e9,<\/p>\n<p style=\"text-align: justify;\">je tomu bez n\u011bkolika t\u00fddn\u016f sedmn\u00e1ct let, co jsem, spolu s V\u00e1clavem Klausem a dal\u0161\u00edmi spoluzakl\u00e1dal ODS. R\u00e1d bych alespo\u0148 nazna\u010dil n\u011bkter\u00e9 argumenty, kter\u00e9 mne p\u0159ivedly k tomu, \u017ee se chyst\u00e1m podpo\u0159it vznik nov\u00e9 politick\u00e9 strany.<\/p>\n<p style=\"text-align: justify;\">V tehdej\u0161\u00ed dob\u011b a v n\u00e1sleduj\u00edc\u00edch letech vznikla \u0159ada programov\u00fdch dokument\u016f a na utv\u00e1\u0159en\u00ed politiky ODS se tehdy pod\u00edleli v\u0161ichni \u010dlenov\u00e9, kte\u0159\u00ed o to m\u011bli z\u00e1jem. V odpov\u011bdn\u00e9m vztahu veden\u00ed v\u016f\u010di \u010dlen\u016fm strany spo\u010d\u00edv\u00e1 z\u00e1ruka stability ka\u017ed\u00e9ho demokratick\u00e9ho politick\u00e9ho syst\u00e9mu. Ji\u017e del\u0161\u00ed dobu programov\u00e9 dokumenty v ODS nevznikaj\u00ed, tak\u017ee m\u016f\u017eeme porovn\u00e1vat jen sou\u010dasnou politiku ODS s p\u016fvodn\u00edmi dokumenty. ODS se oproti sv\u00e9 vlastn\u00ed historii posunula z hlediska politick\u00e9 filosofie, z hlediska vnitrostranick\u00e9 praxe, v uplat\u0148ov\u00e1n\u00ed svobodn\u00e9 sout\u011b\u017ee uvnit\u0159 strany, z hlediska veden\u00ed politick\u00e9ho dialogu o politick\u00e9m sm\u011b\u0159ov\u00e1n\u00ed i v respektov\u00e1n\u00ed demokratick\u00fdch postup\u016f. Na ne\u0159e\u0161en\u00e9 probl\u00e9my jsem upozor\u0148oval po \u0159adu let\u00a0a jist\u011b jsem nebyl s\u00e1m (Nap\u0159\u00edklad reakce na text M. \u0158\u00edmana nazvan\u00e1 \u201aResponsum Quiriti\u2018 (tj. Odpov\u011b\u010f \u0158\u00edmanovi) z tehdej\u0161\u00ed doby: <a href=\"http:\/\/payne.cz\/cl008.htm\">http:\/\/payne.cz\/cl008.htm<\/a>). Na posledn\u00edm kongresu ve sv\u00fdch vystoupen\u00edch nejvy\u0161\u0161\u00ed p\u0159edstavitel\u00e9 ODS p\u0159edlo\u017eili \u00fadajn\u011b nov\u00fd politick\u00fd p\u016fdorys \u2013 cht\u011bj\u00ed se pokusit z ODS u\u010dinit catch all party, cht\u011bj\u00ed v\u00fdrazn\u00fdm zp\u016fsobem obm\u011bnit politick\u00fd profil strany. Ve skute\u010dnosti v praktick\u00e9m p\u016fsoben\u00ed ve vl\u00e1d\u011b k tomuto posunu ji\u017e do\u0161lo a kongres znovuzvolen\u00edm dosavadn\u00edch p\u0159edstavitel\u016f tento posun potvrdil.<\/p>\n<p style=\"text-align: justify;\">Po\u010d\u00e1tkem listopadu lo\u0148sk\u00e9ho roku jsem sepsal n\u011bkter\u00e9 n\u00e1vrhy, kter\u00e9 m\u011bly nazna\u010dit cestu ke zlep\u0161en\u00ed vnit\u0159n\u00ed atmosf\u00e9ry v ODS. Nesetkaly se s pochopen\u00edm, pro informaci p\u0159ikl\u00e1d\u00e1m tehdej\u0161\u00ed text v p\u0159\u00edloze, budete-li jej cht\u00edt jakkoli vyu\u017e\u00edt, pot\u011b\u0161\u00ed mne to.<\/p>\n<p style=\"text-align: justify;\">\u017de nejde jen o m\u00e9 vlastn\u00ed pocity, dosv\u011bd\u010duje nap\u0159\u00edklad n\u00e1sleduj\u00edc\u00ed cit\u00e1t: <em>\u201eStran\u00e1m chyb\u00ed pohyb, otev\u0159enost, pe\u010dliv\u00fd v\u00fdb\u011br vedouc\u00edho person\u00e1lu, mnohdy se neorientuj\u00ed ani na odpov\u011bdn\u00e9 vl\u00e1dn\u00ed programy, ale na zachov\u00e1n\u00ed vlastn\u00ed identity a voli\u010dsk\u00e9ho potenci\u00e1lu. Nikde v zastupitelsk\u00fdch demokraci\u00edch nejsou poslanci \u201eproto\u017ee jsou odpov\u011bdni v\u0161em, vlastn\u011b odpov\u011bdni nikomu\u201c (Nov\u00e1k), a u\u017e v\u016fbec ne zprost\u0159edkovac\u00edmu \u010dl\u00e1nku, jak\u00fdm se pro n\u011b staly politick\u00e9 strany. Deficity v politick\u00e9 kultu\u0159e i uzav\u0159enost politick\u00fdch stran vyvolaly selh\u00e1n\u00ed p\u0159irozen\u00fdch ob\u010dansk\u00fdch iniciativ. Ve\u0159ejnost nez\u00edskala \u017e\u00e1dnou politickou v\u00e1hu, aby ve v\u011bt\u0161\u00ed m\u00ed\u0159e p\u0159edstavovala pro politick\u00fd syst\u00e9m \u00fa\u010dinn\u00fd participa\u010dn\u00ed a kontroln\u00ed mechanismus.\u201c ( <a href=\"http:\/\/www.e-polis.cz\/komparace\/129-politicke-strany-z-hlediska-teorie-catch-all-party.html\">http:\/\/www.e-polis.cz\/komparace\/129-politicke-strany-z-hlediska-teorie-catch-all-party.html<\/a>) <\/em><\/p>\n<p style=\"text-align: justify;\">Po dlouh\u00e9m zva\u017eov\u00e1n\u00ed jsem se nakonec pod vlivem nemo\u017enosti cokoli ovlivnit rozhodl p\u0159ijmout \u00fa\u010dast na p\u0159\u00edprav\u00e1ch nov\u00e9 politick\u00e9 strany, kter\u00e1 se pokus\u00ed vyplnit uvoln\u011bnou \u010d\u00e1st politick\u00e9ho spektra, kterou ODS opustila, kdy\u017e se posunula, aby vy\u0161la vst\u0159\u00edc voli\u010dsk\u00e9 popt\u00e1vce nam\u00edsto pracn\u011bj\u0161\u00edho z\u00edsk\u00e1v\u00e1n\u00ed podpory pro svou politickou filosofii.<\/p>\n<p style=\"text-align: justify;\">Zda se jednalo o spr\u00e1vn\u00e9 rozhodnut\u00ed ODS a zda jsem se spr\u00e1vn\u011b rozhodnul, to se uk\u00e1\u017ee a\u017e v dlouhodob\u00e9 perspektiv\u011b. Kdy\u017e jsem se tento t\u00fdden lou\u010dil s p\u0159\u00e1teli a kolegy v oblastn\u00ed rad\u011b, zm\u00ednil jsem se o tom, \u017ee ODS m\u00e1 p\u0159ed sebou mnoho \u00fakol\u016f a probl\u00e9m\u016f, kter\u00e9 mus\u00ed vy\u0159e\u0161it. Neut\u00edk\u00e1m od probl\u00e9m\u016f, l\u00e9ta jsem na n\u011b upozor\u0148oval. Jsem p\u0159esv\u011bd\u010den, \u017ee jsem projevil dostate\u010dnou trp\u011blivost: po dobu \u0161esti let m\u00e9 zku\u0161enosti a znalosti nena\u0161ly v ODS \u017e\u00e1dn\u00e9 uplatn\u011bn\u00ed a perspektiva, \u017ee bych mohl b\u00fdt ODS n\u011bjak prosp\u011b\u0161n\u00fd do budoucna, je natolik vzd\u00e1len\u00e1, \u017ee s n\u00ed nemohu v horizontu sv\u00e9ho aktivn\u00edho \u017eivota po\u010d\u00edtat. Proto\u017ee m\u016fj politick\u00fd vliv byl po dobu posledn\u00edch \u0161esti let nulov\u00fd, nem\u016f\u017ee v politick\u00e9 oblasti vzniknout m\u00fdm odchodem \u017e\u00e1dn\u00fd deficit. V\u011b\u0159\u00edm v\u0161ak, \u017ee mnoh\u00e9 osobn\u00ed p\u0159\u00e1telsk\u00e9 vztahy s \u010dleny ODS m\u00fdm odchodem nekon\u010d\u00ed.<\/p>\n<p style=\"text-align: justify;\">Nep\u0159eji si po\u0161kodit ODS \u017e\u00e1dn\u00fdm zp\u016fsobem a nov\u00fd politick\u00fd subjekt Strana svobodn\u00fdch ob\u010dan\u016f neusiluje o od\u0161t\u011bpen\u00ed \u010d\u00e1sti ODS. Naopak, zam\u011b\u0159uje se p\u0159ednostn\u011b na z\u00edsk\u00e1n\u00ed podpory a z\u00edsk\u00e1v\u00e1n\u00ed \u010dlen\u016f z \u00fapln\u011b jin\u00fdch skupin ob\u010dan\u016f. Jsem p\u0159esv\u011bd\u010den, \u017ee to je v\u00fdznamn\u00e1 odli\u0161nost od mnoha d\u0159\u00edv\u011bj\u0161\u00edch pokus\u016f \u0161t\u011bpit ODS a p\u0159et\u00e1hnout \u010d\u00e1st politik\u016f. Proto tak\u00e9 v\u011b\u0159\u00edm, \u017ee nen\u00ed \u017e\u00e1dn\u00fd d\u016fvod k n\u011bjak\u00e9 nevra\u017eivosti. Na druh\u00e9 stran\u011b konkuren\u010dn\u00ed politick\u00e9 prost\u0159ed\u00ed m\u016f\u017ee ODS jedin\u011b prosp\u011bt a v argumenta\u010dn\u00ed rovin\u011b bezesporu dialog a polemiku povedeme a bude to bezesporu ku prosp\u011bchu obou politick\u00fdch stran.<\/p>\n<p style=\"text-align: justify;\">Proto pros\u00edm p\u0159ijm\u011bte toto prohl\u00e1\u0161en\u00ed, j\u00edm\u017e \u017e\u00e1d\u00e1m o ukon\u010den\u00ed \u010dlenstv\u00ed v ODS.<\/p>\n<p style=\"text-align: justify;\" align=\"right\">RNDr. Ji\u0159\u00ed Payne<\/p>\n<p style=\"text-align: justify;\" align=\"center\"><span style=\"color: #339966;\"><strong>P\u0159\u00edloha:<\/strong><\/span><\/p>\n<p style=\"text-align: center;\" align=\"center\">N\u00e1stin nutn\u00fdch, nikoli posta\u010duj\u00edc\u00edch krok\u016f k z\u00e1chran\u011b ODS, nazvan\u00fd<\/p>\n<p style=\"text-align: center;\" align=\"center\"><strong>MODR\u00c1 N\u00c1PRAVA<\/strong><\/p>\n<p style=\"text-align: center;\" align=\"center\"><strong><em>napsan\u00e1 s odvol\u00e1n\u00edm na stanovy ODS 3.8.g: \u010clen strany m\u00e1 pr\u00e1vo upozor\u0148ovat na nedostatky ve stranick\u00e9 \u010dinnosti a navrhovat jejich odstran\u011bn\u00ed.<\/em><\/strong><\/p>\n<p style=\"text-align: justify;\"><strong><em>\u00a0<\/em><\/strong>ODS z\u00edskala pocit neohroziteln\u00e9ho monopoln\u00edho postaven\u00ed v prav\u00e9 \u010d\u00e1sti \u010desk\u00e9ho politick\u00e9ho spektra, postupn\u011b bylo posti\u017eeno fungov\u00e1n\u00ed vnit\u0159n\u00edch struktur ODS\u00a0demokratick\u00fdm deficitem.<\/p>\n<p style=\"text-align: justify;\"><strong>1.<\/strong><strong>\u00a0\u00a0\u00a0\u00a0\u00a0 <\/strong><strong>Otev\u0159en\u00e1 politick\u00e1 rozprava<\/strong><\/p>\n<p style=\"text-align: justify;\">Stanovy ODS 3.8.c:<em> \u010clen strany m\u00e1 pr\u00e1vo p\u0159edkl\u00e1dat v\u0161em org\u00e1n\u016fm strany n\u00e1m\u011bty, st\u00ed\u017enosti a p\u0159ipom\u00ednky a b\u00fdt vyrozum\u011bn o \u0159e\u0161en\u00ed.<\/em><\/p>\n<p style=\"text-align: justify;\">Stanovy ODS 3.8.e:<em> \u010clen strany m\u00e1 pr\u00e1vo obhajovat sv\u00e9 n\u00e1zory, prosazovat je a p\u0159edkl\u00e1dat je volen\u00fdm org\u00e1n\u016fm strany k rozhodnut\u00ed.<\/em><\/p>\n<p style=\"text-align: justify;\">Z obvykl\u00e9ho po\u0159adu jedn\u00e1n\u00ed na v\u0161ech \u00farovn\u00edch (na sn\u011bmech, na kongresech, v rad\u00e1ch) se vytratila otev\u0159en\u00e1 politick\u00e1 rozprava, kter\u00e1 reflektuje ud\u00e1losti ve sv\u011btle vlastn\u00ed politick\u00e9 filosofie a kter\u00e1 sm\u011b\u0159uje k p\u0159ijet\u00ed politick\u00e9ho rozhodnut\u00ed. Rozprava, kter\u00e1 by m\u011bla b\u00fdt t\u00e9m\u011b\u0159 posv\u00e1tn\u00fdm n\u00e1strojem politiky, je mnohdy pova\u017eov\u00e1na za ztr\u00e1tu \u010dasu. V d\u016fsledku toho mno\u017estv\u00ed skute\u010dn\u00fdch politick\u00fdch rozhodnut\u00ed na jednotku prosch\u016fzovan\u00e9ho \u010dasu je zoufale mal\u00e9.<\/p>\n<p style=\"text-align: justify;\">Mnoho cenn\u00e9ho \u010dasu na sch\u016fz\u00edch je v\u011bnov\u00e1no technick\u00fdm z\u00e1le\u017eitostem jako nap\u0159\u00edklad informac\u00edm z jin\u00fdch jedn\u00e1n\u00ed. P\u0159enos informac\u00ed maj\u00ed zaji\u0161\u0165ovat dostate\u010dn\u011b podrobn\u00e9 z\u00e1pisy, p\u0159\u00edstupn\u00e9 ka\u017ed\u00e9mu \u010dlenu ODS.<\/p>\n<p style=\"text-align: justify;\">Vr\u00e1tit diskusi do \u017eivota ODS nen\u00ed kr\u00e1tkodob\u00fd \u00fakol, m\u016f\u017ee trvat n\u011bkolik let, ne\u017e se vr\u00e1t\u00ed v\u011bdom\u00ed, \u017ee rozhodnut\u00ed, kter\u00e9 nepro\u0161lo ohn\u011bm skute\u010dn\u00e9 diskuse, ve v\u011bt\u0161in\u011b p\u0159\u00edpad\u016f vede k chybn\u00fdm politick\u00fdm v\u00fdsledk\u016fm.<\/p>\n<p style=\"text-align: justify;\" align=\"center\"><strong>2. Odpov\u011bdnost<\/strong><\/p>\n<p style=\"text-align: justify;\">Stanovy ODS 2.2.e: <em>Hlavn\u00ed \u00fakoly strany: b\u00fdt dvojsm\u011brn\u00fdm komunika\u010dn\u00edm kan\u00e1lem mezi \u010dleny strany na stran\u011b jedn\u00e9 a mezi p\u0159edsedou, veden\u00edm strany a parlamentn\u00edmi kluby na stran\u011b druh\u00e9.<\/em><\/p>\n<p style=\"text-align: justify;\">Ze \u017eivota ODS zmizely zp\u011btn\u00e9 vazby. Odborn\u00e9 komise, kter\u00e9 m\u011bly b\u00fdt ideov\u00fdm z\u00e1zem\u00edm, poskytuj\u00edc\u00edm podn\u011bty, p\u0159ipom\u00ednky a oponenturu k politice ODS byly nahrazeny modelem st\u00ednov\u00e9 vl\u00e1dy, opsan\u00fdm z britsk\u00e9ho parlamentn\u00edho syst\u00e9mu, kter\u00fd v\u0161ak nen\u00ed vhodn\u00fd pro parlamenty kontinent\u00e1ln\u00edho typu, jako je i na\u0161e Sn\u011bmovna. V parlamentech, ve kter\u00fdch prob\u00edh\u00e1 podstatn\u00e1 \u010d\u00e1st pr\u00e1ce ve st\u00e1l\u00fdch odborn\u00fdch v\u00fdborech, by m\u011bla b\u00fdt zachov\u00e1v\u00e1na funkce pov\u011b\u0159en\u00e9ho nejzku\u0161en\u011bj\u0161\u00edho politika v dan\u00e9m v\u00fdboru, kter\u00fd m\u00e1 b\u00fdt mluv\u010d\u00edm strany k dan\u00e9 problematice.<\/p>\n<p style=\"text-align: justify;\">Pokud opakovan\u011b nen\u00ed nejkvalitn\u011bj\u0161\u00ed \u010dlen strany v p\u0159\u00edslu\u0161n\u00e9m odborn\u00e9m v\u00fdboru a nen\u00ed na n\u011bj p\u0159enesena p\u0159\u00edslu\u0161n\u00e1 odpov\u011bdnost, dosv\u011bd\u010duje to deformaci vnit\u0159n\u00edch mechanism\u016f politick\u00e9 strany zejm\u00e9na p\u0159i v\u00fdb\u011bru kandid\u00e1t\u016f.<\/p>\n<p style=\"text-align: justify;\">Z\u00e1rove\u0148 je oslabena odpov\u011bdnost volen\u00fdch v\u016f\u010di vol\u00edc\u00edm. Ti, kdo vol\u00ed, \u010dasto zcela zapom\u00ednaj\u00ed, \u017ee je jejich povinnost\u00ed tak\u00e9 po\u017eadovat \u201aslo\u017een\u00ed \u00fa\u010dt\u016f\u2018 za vykon\u00e1vanou \u010dinnost. Z rozpor\u016f mezi pov\u011b\u0159en\u00edm a skute\u010dnou \u010dinnost\u00ed se nevyvozuj\u00ed d\u016fsledky. N\u011bkdy m\u016f\u017ee b\u00fdt dokonce nutn\u00e9 okam\u017eit\u00e9 vyvozen\u00ed d\u016fsledk\u016f podob\u011b odvol\u00e1n\u00ed, n\u011bkdy z\u00e1sadn\u00ed op\u011btovn\u00e9 nezvolen\u00ed.<\/p>\n<p style=\"text-align: justify;\">Nap\u0159\u00edklad Usnesen\u00ed I\/5 ze XIII. kongresu ODS ve Franti\u0161kov\u00fdch L\u00e1zn\u00edch z 15.12.2002:\u00a0<em>Kongres ukl\u00e1d\u00e1 VR ODS, aby v pr\u016fb\u011bhu roku 2003 zpracovala n\u00e1vrh pravidel pro mo\u017enost p\u0159\u00edm\u00e9 volby v\u0161ech org\u00e1n\u016f ODS i pro sestavov\u00e1n\u00ed kandid\u00e1tek pro v\u0161echny druhy voleb.<\/em>Zru\u0161eno pro nespln\u011bn\u00ed 19. 11. 2006.<\/p>\n<p style=\"text-align: justify;\">Jin\u00fd p\u0159\u00edklad, usnesen\u00ed 2.3.3 a 4 XVII. Kongresu ODS v Praze ze dne 19. 11. 2006: <em>\u00a0<\/em><em>2.3.3. Kongres ODS ukl\u00e1d\u00e1 V\u00fdkonn\u00e9 rad\u011b ODS, aby p\u0159ipravila programov\u00fd dokument k \u010desk\u00e9mu p\u0159edsednictv\u00ed v Evropsk\u00e9 unii.<\/em>Dosud nespln\u011bno.<\/p>\n<p style=\"text-align: justify;\"><em>2.3.4. Kongres ODS zakazuje v\u0161em politik\u016fm ODS p\u0159ed\u00e1vat dal\u0161\u00ed kompetence \u010cR na \u00farove\u0148 Evropsk\u00e9 unie a roz\u0161i\u0159ovat rozsah evropsk\u00e9 agendy schvalovan\u00e9 kvalifikovanou v\u011bt\u0161inou.<\/em> Nezru\u0161eno, opakovan\u011b se poru\u0161uje, z poru\u0161ov\u00e1n\u00ed nejsou vyvozeny \u017e\u00e1dn\u00e9 d\u016fsledky.<\/p>\n<p style=\"text-align: justify;\">D\u016fsledkem absence zp\u011btn\u00e9 vazby je to, \u017ee kongres nem\u00e1 vliv na \u010dinnost v\u00fdkonn\u00e9 rady, v\u00fdkonn\u00e1 rada nem\u00e1 vliv na \u010dinnost gr\u00e9mia. Gr\u00e9mium nem\u00e1 vliv na \u010dinnost p\u0159edsedy strany. V\u00fdkonn\u00e1 rada nepln\u00ed povinnost b\u00fdt zp\u011btnou vazbou ministr\u016f ve vl\u00e1d\u011b, vl\u00e1da nepova\u017euje za nutn\u00e9 p\u0159ich\u00e1zet do v\u00fdkonn\u00e9 rady s ka\u017ed\u00fdm z\u00e1sadn\u00edm politick\u00fdm rozhodnut\u00edm. P\u016fsoben\u00ed z\u00e1stupc\u016f ODS ve vl\u00e1d\u011b je zcela odd\u011bleno od politick\u00e9 odpov\u011bdnosti ODS. Podobn\u00e1 situace se mnohdy opakuje na v\u0161ech ostatn\u00edch \u00farovn\u00edch v ODS. Obnovit zp\u011btn\u00e9 vazby, kter\u00e9 by p\u0159inesly ozdrav\u011bn\u00ed, nevy\u017eaduje nic jin\u00e9ho, ne\u017e v\u016fli \u010dlen\u016f ODS svou stranu zachr\u00e1nit.<\/p>\n<p style=\"text-align: justify;\"><strong>3. F\u00e9rov\u00e1 a svobodn\u00e1 sout\u011b\u017e<\/strong><\/p>\n<p style=\"text-align: justify;\">Stanovy ODS 3.8.b:<em>\u010clen strany m\u00e1 pr\u00e1vo volit \u2026 a b\u00fdt volen do v\u0161ech funkc\u00ed <\/em><\/p>\n<p style=\"text-align: justify;\">Stanovy ODS 2.2.c:<em> Hlavn\u00ed \u00fakoly strany jsou stanovovat normy a pravidla jedn\u00e1n\u00ed tak, aby poskytovala v\u0161em \u010dlen\u016fm strany \u00faplnou, v\u010dasnou a stejnou p\u0159\u00edle\u017eitost \u00fa\u010dastnit se formulov\u00e1n\u00ed politick\u00e9 linie a veden\u00ed jin\u00fdch z\u00e1le\u017eitost\u00ed strany, volit a b\u00fdt volen do v\u0161ech funkc\u00ed.<\/em><\/p>\n<p style=\"text-align: justify;\">Poku\u0161en\u00ed obch\u00e1zet principy f\u00e9rov\u00e9 svobodn\u00e9 sout\u011b\u017ee p\u016fsob\u00ed paral\u00fdzu volebn\u00edch procedur, kter\u00e9 by m\u011bly generovat nejlep\u0161\u00ed z nejlep\u0161\u00edch. Namnoze je v prvn\u00ed f\u00e1zi demokratick\u00e1 procedura svobodn\u00e9 volby zkarikov\u00e1na z\u00e1kulisn\u00edmi dohodami. V druh\u00e9 f\u00e1zi se \u010dasto dokonce opou\u0161t\u00ed i form\u00e1ln\u00ed dodr\u017eov\u00e1n\u00ed princip\u016f svobodn\u00e9 volby. N\u011bkter\u00fdm funkcion\u00e1\u0159\u016fm p\u0159ipad\u00e1 hra divadeln\u00edho p\u0159edstaven\u00ed \u201ademokratick\u00e9 svobodn\u00e9 f\u00e9rov\u00e9 volby\u2018 zbyte\u010dn\u00e1, proto\u017ee by se hr\u00e1la jen pro obecenstvo t\u011bch, kte\u0159\u00ed na f\u00e9rov\u00e9 volby je\u0161t\u011b v\u011b\u0159\u00ed. Jednou z nejcitliv\u011bj\u0161\u00edch a z\u00e1rove\u0148 nejz\u00e1va\u017en\u011bj\u0161\u00edch procedur pro ka\u017edou stranu jsou nominace kandid\u00e1t\u016f a prim\u00e1rky. Nelze vymyslet dokonal\u00fd volebn\u00ed \u0159\u00e1d, kter\u00fd by zabr\u00e1nil manipulac\u00edm. Slu\u0161nost nelze kodifikovat. Je v\u0161ak odpov\u011bdnost\u00ed ka\u017ed\u00e9ho \u010dlena ODS f\u00e9rov\u00e9 jedn\u00e1n\u00ed od v\u0161ech ostatn\u00edch po\u017eadovat. P\u0159esto je nutn\u00e9 tak\u00e9 hledat opat\u0159en\u00ed, kter\u00e1 by manipulaci alespo\u0148 zt\u00ed\u017eila. Kongres ve Franti\u0161kov\u00fdch L\u00e1zn\u00edch v roce 2002 se o takov\u00fd krok pokusil, ulo\u017eil v\u00fdkonn\u00e9 rad\u011b, aby v pr\u016fb\u011bhu roku 2003 zpracovala n\u00e1vrh pravidel pro mo\u017enost p\u0159\u00edm\u00e9 volby v\u0161ech org\u00e1n\u016f ODS i pro sestavov\u00e1n\u00ed kandid\u00e1tek pro v\u0161echny druhy voleb. Jist\u011b to nen\u00ed jedin\u00e9 opat\u0159en\u00ed, kter\u00e9 by mohlo b\u00fdt navr\u017eeno na podporu skute\u010dn\u00e9 konkurence. Jist\u00e9 je, \u017ee by \u010dlenov\u00e9 ODS m\u011bli urychlen\u011b hledat v\u0161echny prost\u0159edky, jak svobodnou konkurenci obnovit.M\u00e1-li zn\u00edt p\u0159esv\u011bd\u010div\u011b politick\u00fd po\u017eadavek ODS prosazovat principy svobodn\u00e9 a f\u00e9rov\u00e9 sout\u011b\u017ee, mus\u00ed ji sama d\u016fsledn\u011b chr\u00e1nit ve v\u0161ech vnit\u0159n\u00edch procedur\u00e1ch.<\/p>\n<p style=\"text-align: justify;\"><strong>4. Z\u00e1v\u011br<\/strong><\/p>\n<p style=\"text-align: justify;\">Je mo\u017en\u00e9, \u017ee by k uveden\u00fdm n\u011bkolika pozn\u00e1mk\u00e1m m\u011bla b\u00fdt p\u0159id\u00e1na \u0159ada dal\u0161\u00edch. Podstatn\u00e9 je v\u0161ak konstatov\u00e1n\u00ed, \u017ee ODS trp\u00ed podstatn\u00fdmi nedostatky a \u017ee demokratick\u00fd deficit nal\u00e9hav\u011b vy\u017eaduje l\u00e9\u010den\u00ed. O budoucnosti ODS nerozhodnou funkcion\u00e1\u0159i, ale \u0159adov\u00ed \u010dlenov\u00e9. Budou-li m\u00edt v\u016fli svou stranu zachr\u00e1nit, budou-li m\u00edt odvahu pro z\u00e1chranu n\u011bco ud\u011blat a budou-li d\u016fsledn\u00ed, najdou dostatek podn\u011bt\u016f, jak sv\u00e9ho c\u00edle dos\u00e1hnout.<\/p>\n<p style=\"text-align: justify;\" align=\"right\">Ji\u0159\u00ed Payne ned\u011ble, 9. listopadu 2008<\/p>\n<p style=\"text-align: justify;\">\n","protected":false},"excerpt":{"rendered":"<p>3.10.2014 Dostal jsem n\u011bkolik dotaz\u016f, pro\u010d jsem p\u0159ed v\u00edce ne\u017e p\u011bti lety ode\u0161el z\u00a0ODS, zda to nen\u00ed p\u0159evl\u00e9k\u00e1n\u00ed kab\u00e1tu a podobn\u011b. N\u011bkolik slov k\u00a0tomu. Neode\u0161el jsem z\u00a0ODS za lep\u0161\u00edm. Tomu&#8230; <a class=\"read-more-button\" href=\"https:\/\/www.payne.cz\/WP15\/odejdete\/\">\u010c\u00edst v\u00edce &gt;<\/a><\/p>\n","protected":false},"author":2,"featured_media":0,"comment_status":"closed","ping_status":"closed","sticky":false,"template":"","format":"standard","meta":{"ngg_post_thumbnail":0,"_monsterinsights_skip_tracking":false,"_monsterinsights_sitenote_active":false,"_monsterinsights_sitenote_note":"","_monsterinsights_sitenote_category":0,"footnotes":""},"categories":[3,13,16],"tags":[6,18],"class_list":["post-355","post","type-post","status-publish","format-standard","hentry","category-clanky","category-dompol","category-svobodni","tag-dompol","tag-svobodi"],"_links":{"self":[{"href":"https:\/\/www.payne.cz\/WP15\/wp-json\/wp\/v2\/posts\/355","targetHints":{"allow":["GET"]}}],"collection":[{"href":"https:\/\/www.payne.cz\/WP15\/wp-json\/wp\/v2\/posts"}],"about":[{"href":"https:\/\/www.payne.cz\/WP15\/wp-json\/wp\/v2\/types\/post"}],"author":[{"embeddable":true,"href":"https:\/\/www.payne.cz\/WP15\/wp-json\/wp\/v2\/users\/2"}],"replies":[{"embeddable":true,"href":"https:\/\/www.payne.cz\/WP15\/wp-json\/wp\/v2\/comments?post=355"}],"version-history":[{"count":7,"href":"https:\/\/www.payne.cz\/WP15\/wp-json\/wp\/v2\/posts\/355\/revisions"}],"predecessor-version":[{"id":704,"href":"https:\/\/www.payne.cz\/WP15\/wp-json\/wp\/v2\/posts\/355\/revisions\/704"}],"wp:attachment":[{"href":"https:\/\/www.payne.cz\/WP15\/wp-json\/wp\/v2\/media?parent=355"}],"wp:term":[{"taxonomy":"category","embeddable":true,"href":"https:\/\/www.payne.cz\/WP15\/wp-json\/wp\/v2\/categories?post=355"},{"taxonomy":"post_tag","embeddable":true,"href":"https:\/\/www.payne.cz\/WP15\/wp-json\/wp\/v2\/tags?post=355"}],"curies":[{"name":"wp","href":"https:\/\/api.w.org\/{rel}","templated":true}]}}