{"id":316,"date":"2015-05-01T02:10:31","date_gmt":"2015-05-01T01:10:31","guid":{"rendered":"http:\/\/www.payne.cz\/WP15\/?p=316"},"modified":"2015-06-01T12:37:01","modified_gmt":"2015-06-01T11:37:01","slug":"svobodni-ve-druhe-etape","status":"publish","type":"post","link":"https:\/\/www.payne.cz\/WP15\/svobodni-ve-druhe-etape\/","title":{"rendered":"Svobodn\u00ed ve druh\u00e9 etap\u011b"},"content":{"rendered":"<p style=\"text-align: right;\"><span style=\"color: #008080;\">28.5.2014<\/span><\/p>\n<p style=\"text-align: justify;\"><em><span style=\"color: #999999;\">P\u0159ekro\u010den\u00ed p\u011btiprocentn\u00ed hranice otev\u00edr\u00e1 druhou etapu d\u011bjin Svobodn\u00fdch. Vyd\u00e1v\u00e1me se na cestu z\u00edsk\u00e1n\u00ed re\u00e1ln\u00e9 podpory pro svobodn\u00fd st\u00e1t a pro vytvo\u0159en\u00ed svobodn\u00e9 Evropy.<\/span><\/em><\/p>\n<p style=\"text-align: justify;\">Volbami kon\u010d\u00ed etapa zakl\u00e1d\u00e1n\u00ed strany. V\u011bd\u011bli jsme a v\u00edme, \u017ee forma hnut\u00ed v del\u0161\u00ed perspektiv\u011b nem\u016f\u017ee m\u00edt v politice v\u00fdsledky. Stejn\u011b jako v dob\u00e1ch Ob\u010dansk\u00e9ho f\u00f3ra, ani dnes nem\u016f\u017ee zaru\u010dit demokratick\u00e9 rozhodov\u00e1n\u00ed. Proto jsme v\u011bdom\u011b od po\u010d\u00e1tku dali p\u0159ednost budov\u00e1n\u00ed politick\u00e9 strany. Strana Svobodn\u00fdch m\u00e1 dnes funguj\u00edc\u00ed z\u00e1kladn\u00ed \u00fazemn\u00ed strukturu po cel\u00e9 republice.<\/p>\n<p style=\"text-align: justify;\">Svobodn\u00ed si uv\u011bdomuj\u00ed, \u017ee pozvoln\u00fd r\u016fst znamen\u00e1 daleko lep\u0161\u00ed z\u00e1klad do budoucnosti, ne\u017e p\u0159ekotn\u011b vytvo\u0159en\u00e9 hnut\u00ed, kter\u00e9 stejn\u011b p\u0159ekotn\u011b svou podporu ztr\u00e1c\u00ed. Uplynul\u00fdch p\u011bt let bylo <a href=\"http:\/\/www.payne.cz\/WP15\/wp-content\/uploads\/2015\/05\/411581_clanok_foto_690.jpg\"><img loading=\"lazy\" decoding=\"async\" class=\" size-full wp-image-317 alignright\" src=\"http:\/\/www.payne.cz\/WP15\/wp-content\/uploads\/2015\/05\/411581_clanok_foto_690.jpg\" alt=\"411581_clanok_foto_690\" width=\"300\" height=\"300\" srcset=\"https:\/\/www.payne.cz\/WP15\/wp-content\/uploads\/2015\/05\/411581_clanok_foto_690.jpg 300w, https:\/\/www.payne.cz\/WP15\/wp-content\/uploads\/2015\/05\/411581_clanok_foto_690-150x150.jpg 150w\" sizes=\"auto, (max-width: 300px) 100vw, 300px\" \/><\/a>nezbytn\u00fdm p\u0159edpokladem pro vybudov\u00e1n\u00ed z\u00e1klad\u016f strany. I zde plat\u00ed z\u00e1kon zachov\u00e1n\u00ed obt\u00ed\u017enosti: slo\u017eit\u00fd \u00fakol jako je zalo\u017een\u00ed strany nen\u00ed mo\u017en\u00e9 obej\u00edt n\u011bjak\u00fdm jednoduch\u00fdm a rychl\u00fdm trikem.<\/p>\n<p style=\"text-align: justify;\">Dost p\u0159esn\u011b jsme si vykol\u00edkovali politick\u00fd prostor a m\u00e1me velmi uv\u011bdom\u011bl\u00e9 voli\u010dsk\u00e9 j\u00e1dro, kter\u00e9 se s hrdost\u00ed hl\u00e1s\u00ed k my\u0161lenk\u00e1m Svobodn\u00fdch. Dok\u00e1zali jsme z\u00edskat mlad\u00e9 lidi, pon\u011bkud selh\u00e1v\u00e1me u jin\u00fdch generac\u00ed. Jsme sami p\u0159ekvapeni, \u017ee m\u00e1me a\u017e neuv\u011b\u0159iteln\u011b rovnom\u011brn\u011b rozlo\u017eenou podporu po cel\u00e9m \u00fazem\u00ed i ve vesnic\u00edch, kde jsme prokazateln\u011b nikdy \u017e\u00e1dnou volebn\u00ed kampa\u0148 nevedli. To je komparativn\u00ed v\u00fdhoda proti stran\u00e1m, kter\u00e9 maj\u00ed svou podporu soust\u0159ed\u011bnou jen ve m\u011bstech. Povedeme-li d\u00e1l spr\u00e1vn\u011b sv\u00e9 p\u016fsoben\u00ed, m\u011bli bychom se op\u0159\u00edt o tyto podporovatele, kte\u0159\u00ed n\u00e1s sleduj\u00ed na internetu, a pokusit se tuto podporu roz\u0161\u00ed\u0159it v mal\u00fdch obc\u00edch. Je mnohem snadn\u011bj\u0161\u00ed roz\u0161i\u0159ovat st\u00e1vaj\u00edc\u00ed podporu, ne\u017e pronikat do m\u00edst, kde \u017e\u00e1dnou podporu nem\u00e1me. Proto\u017ee jsme s na\u0161imi voli\u010di prost\u0159ednictv\u00edm internetu v siln\u011bj\u0161\u00edm kontaktu, ne\u017e ostatn\u00ed strany, jde o dosa\u017eiteln\u00fd c\u00edl.<\/p>\n<p style=\"text-align: justify;\">Jako prvn\u00ed jsme vyzkou\u0161eli elektronick\u00e9 hlasov\u00e1n\u00ed a m\u016f\u017eeme konstatovat, \u017ee spolehliv\u011b funguje. Prakticky to znamen\u00e1, \u017ee efektivita a demokrati\u010dnost rozhodov\u00e1n\u00ed je \u0159\u00e1dov\u011b vy\u0161\u0161\u00ed, ne\u017e v ostatn\u00edch stran\u00e1ch. Zat\u00edmco pro v\u011bt\u0161\u00ed stranu rozhodnut\u00ed na celost\u00e1tn\u00ed \u00farovni (sjezd, kongres) vy\u017eaduje p\u016flro\u010dn\u00ed p\u0159\u00edpravu a stoj\u00ed \u0159\u00e1dov\u011b miliony korun, jsme schopni s nulov\u00fdmi n\u00e1klady rozhodnout na celost\u00e1tn\u00ed \u00farovni zhruba do t\u00fddne, v nal\u00e9hav\u00e9 situaci i b\u011bhem t\u0159\u00ed dn\u016f. Nav\u00edc mo\u017enost \u00fa\u010dasti v\u0161ech \u010dlen\u016f na takov\u00e9m rozhodnut\u00ed v\u00fdra\u017en\u011b sni\u017euje riziko kmotrovsk\u00fdch praktik.<\/p>\n<p style=\"text-align: justify;\">My\u0161lenka vytvo\u0159it demokratick\u00e9 struktury pro \u010dleny a zapojit p\u0159\u00edznivce do otev\u0159en\u00fdch prim\u00e1rek se uk\u00e1zala jako spr\u00e1vn\u00e1. Oboj\u00ed, otev\u0159en\u00e9 prim\u00e1rky i statut p\u0159\u00edznivc\u016f, u\u017e nach\u00e1zej\u00ed epigony. Dnes ji\u017e m\u016f\u017eeme s jistotou konstatovat, \u017ee otev\u0159en\u00e9 prim\u00e1rky se osv\u011bd\u010dily a pova\u017eujeme je za hlavn\u00ed opat\u0159en\u00ed proti kmotr\u016fm, kte\u0159\u00ed by cht\u011bli nedemokraticky prosazovat sv\u00e9 z\u00e1jmy. Svobodn\u00ed nevznikli na z\u00e1klad\u011b finan\u010dn\u00edho sponzora, kter\u00fd by prost\u0159ednictv\u00edm strany prosazoval sv\u00e9 z\u00e1jmy, proto si mohli do sv\u00fdch stanov zabudovat ochranu proti nekontrolovan\u00e9mu vlivu sponzor\u016f. Fakt, \u017ee m\u00e1me ve srovn\u00e1n\u00ed s jin\u00fdmi stranami obrovsk\u00fd po\u010det drobn\u00fdch sponzor\u016f, je p\u0159irozen\u00fdm d\u016fsledkem toho, \u017ee jsme zcela autonomn\u00ed stranou.<\/p>\n<p style=\"text-align: justify;\">Svobodn\u00ed nejsou revolu\u010dn\u00ed stranou. V polistopadov\u00e9m politick\u00e9m \u017eivot\u011b se p\u0159ekvapiv\u011b m\u00e1lo vn\u00edm\u00e1 d\u016fraz na to, \u010demu se za prvn\u00ed republiky \u0159\u00edkalo politick\u00e1 taktika. Strany se li\u0161\u00ed nejenom sv\u00fdmi my\u0161lenkami, programem, ale i taktikou, jak sv\u00e9 my\u0161lenky prosazuj\u00ed. Vedle sebe b\u011b\u017en\u011b existuj\u00ed strany, kter\u00e9 prosazuj\u00ed tyt\u00e9\u017e c\u00edle, ale r\u016fzn\u00fdmi metodami. Revolu\u010dn\u00ed strany po\u010d\u00edtaj\u00ed s t\u00edm, \u017ee k prosazen\u00ed sv\u00fdch n\u00e1zor\u016f pou\u017eij\u00ed radik\u00e1ln\u00ed metody, po\u010d\u00edtaj\u00ed s t\u00edm, \u017ee jakmile z\u00edskaj\u00ed dostate\u010dnou politickou podporu, budou prosazovat sv\u016fj program silou bez ohledu na n\u00e1zory voli\u010d\u016f. V tomto smyslu se uk\u00e1zaly jako revolu\u010dn\u00ed v\u0161echny velk\u00e9 strany sou\u010dasn\u00e9ho politick\u00e9ho spektra, kter\u00e9 se pod\u00edlely na vl\u00e1d\u011b. Svobodn\u00ed jako jedin\u00ed deklaruj\u00ed, \u017ee jsou evolu\u010dn\u00ed stranou, kter\u00e1 ze sv\u00e9ho programu uskute\u010dn\u00ed pouze to, pro co z\u00edsk\u00e1 p\u0159edem podporu ve\u0159ejnosti. Svobodn\u00ed se v\u011bdom\u011b rozhodli pro takzvanou konkordan\u010dn\u00ed demokracii, kter\u00e1 je typick\u00e1 pro \u0160v\u00fdcarsko a Lichten\u0161tejnsko a p\u0159\u00e1li by si, aby v tomto \u00fasil\u00ed na\u0161li spojence.<\/p>\n<p style=\"text-align: justify;\">Nen\u00ed n\u00e1hodou, \u017ee pr\u00e1v\u011b v dob\u011b p\u0159echodu od prvn\u00ed etapy k druh\u00e9 se rozv\u00edj\u00ed Svobodn\u00e1 akademie jako instituce, kter\u00e1 si klade za \u00fakol po v\u0161ech str\u00e1nk\u00e1ch p\u0159ipravovat \u010dleny strany na politickou pr\u00e1ci. Vzd\u011bl\u00e1v\u00e1n\u00ed a politick\u00e1 p\u0159\u00edprava pat\u0159\u00ed k z\u00e1kladn\u00edm tradi\u010dn\u00edm \u00fakol\u016fm politick\u00e9 strany. Douf\u00e1m, \u017ee akademick\u00e9 z\u00e1zem\u00ed strany rychle poroste a nab\u00eddne \u0161k\u00e1lu vzd\u011bl\u00e1vac\u00edch program\u016f a knihovnu vzd\u011bl\u00e1vac\u00edch dokument\u016f. Douf\u00e1m, \u017ee se tak\u00e9 stane platformou, na kter\u00e9 budou extern\u00ed odborn\u00edci se Svobodn\u00fdmi spolupracovat.<\/p>\n<p style=\"text-align: justify;\">Za \u00fast\u0159edn\u00ed pova\u017eujeme programov\u00fd d\u016fraz svobodn\u00fdch na svobodu a odpov\u011bdnost doslova pro ka\u017ed\u00e9ho souseda. V\u011bdom\u00ed, \u017ee ka\u017ed\u00e9 roz\u0161\u00ed\u0159en\u00ed svobody mus\u00ed b\u00fdt doprov\u00e1zeno odpov\u00eddaj\u00edc\u00edm zv\u00fd\u0161en\u00edm individu\u00e1ln\u00ed odpov\u011bdnosti a naopak, \u017ee bez r\u016fstu individu\u00e1ln\u00ed odpov\u011bdnosti nelze pot\u0159ebnou svobodu roz\u0161\u00ed\u0159it. To je vzkaz, kter\u00fdm bychom r\u00e1di oslovili st\u0159edn\u00ed a star\u0161\u00ed generaci.<\/p>\n<p style=\"text-align: justify;\">Svobodn\u00ed si zvolili f\u00e9rovou sout\u011b\u017e za \u00fast\u0159edn\u00ed princip jak ve vnitrostranick\u00e9m \u017eivot\u011b, ale i p\u0159i formulov\u00e1n\u00ed politiky. Svobodn\u00e1 konkurence je pro Svobodn\u00e9 tak\u00e9 hlavn\u00edm n\u00e1strojem v boji proti korupci a m\u011bli bychom v daleko v\u011bt\u0161\u00ed m\u00ed\u0159e tuto my\u0161lenku v jednoduch\u00e9 podob\u011b komunikovat. Oproti v\u0161em pom\u011brn\u011b ne\u00fasp\u011b\u0161n\u00fdm bojovn\u00edk\u016fm proti korupci, kte\u0159\u00ed nar\u00e1\u017eej\u00ed na to, \u017ee poctivost nelze uz\u00e1konit, jsme jedin\u00ed, kdo p\u0159ich\u00e1z\u00ed s pozitivn\u00ed hodnotou, kter\u00e1 by m\u011bla korupci vym\u00fdtit.<\/p>\n<p style=\"text-align: justify;\">Svobodn\u00fdm b\u00fdv\u00e1 podsouv\u00e1no, \u017ee jsou eurofobn\u00ed. Nen\u00ed to pravda a kritikov\u00e9 nena\u0161li \u017e\u00e1dn\u00fd doklad pro sv\u00e9 tvrzen\u00ed. Od za\u010d\u00e1tku st\u00e1le opakujeme, \u017ee jsme pro evropskou spolupr\u00e1ci, ale zalo\u017eenou na jin\u00fdch z\u00e1kladech. St\u00e1vaj\u00edc\u00ed unifika\u010dn\u00ed model spolupr\u00e1ce pova\u017eujeme za \u0161kodliv\u00fd jak z principi\u00e1ln\u00edch teoretick\u00fdch d\u016fvod\u016f, tak tak\u00e9 proto, \u017ee odporuje nejlep\u0161\u00edm evropsk\u00fdm tradic\u00edm plurality, svobody a demokracie. Nesouhlas s unifikac\u00ed nen\u00ed vzdorem ani projevem vlastenctv\u00ed, ale je d\u016fsledkem na\u0161eho p\u0159esv\u011bd\u010den\u00ed, \u017ee s\u00edla a hlavn\u00ed p\u0159\u00ednos evropsk\u00fdch d\u011bjin sv\u011btov\u00e9mu spole\u010denstv\u00ed je pr\u00e1v\u011b v d\u016frazu na svobodu. Faktick\u00fd stav Unie, kter\u00e1 vytvo\u0159ila syst\u00e9m nesrovnateln\u011b centralizovan\u011bj\u0161\u00ed ne\u017e je nap\u0159\u00edklad \u010c\u00edna, m\u00e1 destruktivn\u00ed vliv na celosv\u011btovou stabilitu. \u00dacta k Evrop\u011b, kter\u00e1 b\u00fdvala inspirac\u00ed a motorem sv\u011btov\u00e9ho d\u011bn\u00ed, je nulov\u00e1. Superst\u00e1t zalo\u017een\u00fd na \u00famysln\u00e9m trval\u00e9m demokratick\u00e9m deficitu legitimizuje v\u0161echny autoritativn\u00ed re\u017eimy na sv\u011bt\u011b.<\/p>\n<p style=\"text-align: justify;\">Podstatn\u00fdm argumentem pro zm\u011bnu unifikovan\u00e9 Evropy je fakt, \u017ee Lisabonsk\u00e1 smlouva zm\u011bnila hlasovac\u00ed pom\u011bry i zastoupen\u00ed v EP tak, \u017ee velk\u00e9 st\u00e1ty mohou uplat\u0148ovat sv\u016fj dominantn\u00ed vliv v\u016f\u010di mal\u00fdm zem\u00edm. Je to pop\u0159en\u00ed my\u0161lenky, \u017ee protiv\u00e1hou velk\u00fdch st\u00e1t\u016f se maj\u00ed st\u00e1t st\u00e1ty mal\u00e9 a st\u0159edn\u00ed, aby ty velk\u00e9 nemohly zneu\u017e\u00edvat sv\u00e9ho vlivu a aby nezvznikalo nap\u011bt\u00ed.<\/p>\n<p style=\"text-align: justify;\">Krom\u011b toho se ukazuje, \u017ee p\u016fvodn\u00ed smysl unifikace nebyl a ani nem\u016f\u017ee b\u00fdt napln\u011bn. Schumanova deklarace z 9. 5. 1950 vyhla\u0161uje za smysl evropsk\u00e9 unifikace: \u201eSdru\u017een\u00ed evropsk\u00fdch n\u00e1rod\u016f vy\u017eaduje, aby se skoncovalo s letit\u00fdm nep\u0159\u00e1telstv\u00edm mezi Franci\u00ed a N\u011bmeckem.\u201c Odklon Francouz\u016f od bezv\u00fdhradn\u00e9 podpory unifikaci nazna\u010duje, \u017ee nedemokratick\u00e1 centralizace naopak vytv\u00e1\u0159\u00ed prost\u0159ed\u00ed pro r\u016fst nacionalistick\u00fdch emoc\u00ed. Podobn\u00fd v\u00fdvoj lze zaznamenat v mnoha \u010dlensk\u00fdch st\u00e1tech. Pokus p\u0159ekonat nacionalismus unifikac\u00ed pova\u017eujeme za chybn\u00fd a bude-li se v n\u011bm pokra\u010dovat, p\u0159inese to evropsk\u00fdm n\u00e1rod\u016fm dal\u0161\u00ed nesm\u00edrn\u00e9 utrpen\u00ed.<\/p>\n<p style=\"text-align: justify;\">Svobodn\u00ed se od t\u011bchto nacionaliza\u010dn\u00edch trend\u016f distancovali a nehodlaj\u00ed je podporovat ani v budoucnosti. Za sv\u00e9 posl\u00e1n\u00ed pova\u017euj\u00ed nalezen\u00ed alternativy k unifika\u010dn\u00edmu pojet\u00ed evropsk\u00e9 spolupr\u00e1ce. Za z\u00e1klad uva\u017eov\u00e1n\u00ed o nov\u00e9 podob\u011b spolupr\u00e1ce berou Svobodn\u00ed princip dobrovolnosti. V d\u0159\u00edve pou\u017e\u00edvan\u00e9 terminologii se tato spolupr\u00e1ce naz\u00fdvala la carte \u2013 ka\u017ed\u00fd st\u00e1t si m\u016f\u017ee svobodn\u011b zvolit z j\u00eddeln\u00edho l\u00edstku, kter\u00e9 oblasti spolupr\u00e1ce pova\u017euje za v\u00fdhodn\u00e9. Je to nejjednodu\u0161\u0161\u00ed a z\u00e1rove\u0148 syst\u00e9mov\u00e1 a efektivn\u00ed cesta, jak odstranit Euronesmysly.<\/p>\n<p style=\"text-align: justify;\">Svobodn\u00ed nyn\u00ed vyraz\u00ed nejen do m\u011bst, ale i na vesnice, aby z\u00edskali p\u0159edev\u0161\u00edm voli\u010de Agrofertu. Je z\u0159ejm\u00e9, \u017ee se majitel Agrofertu v d\u016fsledku sv\u00e9ho vl\u00e1dn\u00edho anga\u017em\u00e1 mus\u00ed stav\u011bt kladn\u011b k my\u0161lence p\u0159ijet\u00ed Eura v \u010cesk\u00e9 republice. Ministr financ\u00ed, kter\u00fd by se postavil proti Euru, by musel po\u010d\u00edtat s exkomunikac\u00ed z unifikovan\u00e9 Evropy a asi i s exkomunikac\u00ed z vl\u00e1dy. S jistotou m\u016f\u017eeme p\u0159edpokl\u00e1dat, \u017ee nejm\u00e9n\u011b dv\u011b t\u0159etiny voli\u010d\u016f Agrofertu si nep\u0159ej\u00ed Euro. V\u011bt\u0161ina z nich jsou b\u00fdval\u00ed voli\u010di ODS, kte\u0159\u00ed hledaj\u00ed stranu, kter\u00e9 by mohli v\u011b\u0159it, \u017ee je nezklame. Pr\u00e1v\u011b ty m\u00e1me v \u00famyslu nyn\u00ed oslovit.<\/p>\n<p style=\"text-align: justify;\">Svobodn\u00ed se soust\u0159ed\u00ed na dom\u00e1c\u00ed t\u00e9mata. Postupn\u011b budou p\u0159edkl\u00e1dat podrobn\u011bj\u0161\u00ed rozpracov\u00e1n\u00ed programu pro zdravotnictv\u00ed, \u0161kolstv\u00ed, obranu, v\u011bdu a dal\u0161\u00ed oblasti. Proto\u017ee Svobodn\u00ed pova\u017euj\u00ed konkordan\u010dn\u00ed pojet\u00ed demokracie za jedin\u011b spr\u00e1vnou cestu a proto\u017ee politick\u00fd program Svobodn\u00fdch popisuje ucelen\u00e9 vlastn\u00ed pojet\u00ed st\u00e1tu, je z\u0159ejm\u00e9, \u017ee nebude mo\u017en\u00e9 okam\u017eit\u011b prosadit v\u0161e. Proto bude nutn\u00e9 v jednotliv\u00fdch oblastech vedle ide\u00e1ln\u00edho c\u00edle p\u0159edkl\u00e1dat tak\u00e9 d\u00edl\u010d\u00ed kroky, kter\u00e9 umo\u017en\u00ed aplikovat politickou filosofii Svobodn\u00fdch zp\u016fsobem tak, aby bylo mo\u017en\u00e9 v budoucnu za podpory ve\u0159ejnosti pokra\u010dovat.<\/p>\n<p style=\"text-align: justify;\">P\u0159ekro\u010den\u00ed p\u011btiprocentn\u00ed hranice otev\u00edr\u00e1 druhou etapu d\u011bjin Svobodn\u00fdch. Vyd\u00e1v\u00e1me se na cestu z\u00edsk\u00e1n\u00ed re\u00e1ln\u00e9 podpory pro svobodn\u00fd st\u00e1t a pro vytvo\u0159en\u00ed svobodn\u00e9 Evropy.<\/p>\n","protected":false},"excerpt":{"rendered":"<p>28.5.2014 P\u0159ekro\u010den\u00ed p\u011btiprocentn\u00ed hranice otev\u00edr\u00e1 druhou etapu d\u011bjin Svobodn\u00fdch. Vyd\u00e1v\u00e1me se na cestu z\u00edsk\u00e1n\u00ed re\u00e1ln\u00e9 podpory pro svobodn\u00fd st\u00e1t a pro vytvo\u0159en\u00ed svobodn\u00e9 Evropy. Volbami kon\u010d\u00ed etapa zakl\u00e1d\u00e1n\u00ed strany. V\u011bd\u011bli&#8230; <a class=\"read-more-button\" href=\"https:\/\/www.payne.cz\/WP15\/svobodni-ve-druhe-etape\/\">\u010c\u00edst v\u00edce &gt;<\/a><\/p>\n","protected":false},"author":2,"featured_media":0,"comment_status":"closed","ping_status":"closed","sticky":false,"template":"","format":"standard","meta":{"ngg_post_thumbnail":0,"_monsterinsights_skip_tracking":false,"_monsterinsights_sitenote_active":false,"_monsterinsights_sitenote_note":"","_monsterinsights_sitenote_category":0,"footnotes":""},"categories":[3,13,16],"tags":[6,18],"class_list":["post-316","post","type-post","status-publish","format-standard","hentry","category-clanky","category-dompol","category-svobodni","tag-dompol","tag-svobodi"],"_links":{"self":[{"href":"https:\/\/www.payne.cz\/WP15\/wp-json\/wp\/v2\/posts\/316","targetHints":{"allow":["GET"]}}],"collection":[{"href":"https:\/\/www.payne.cz\/WP15\/wp-json\/wp\/v2\/posts"}],"about":[{"href":"https:\/\/www.payne.cz\/WP15\/wp-json\/wp\/v2\/types\/post"}],"author":[{"embeddable":true,"href":"https:\/\/www.payne.cz\/WP15\/wp-json\/wp\/v2\/users\/2"}],"replies":[{"embeddable":true,"href":"https:\/\/www.payne.cz\/WP15\/wp-json\/wp\/v2\/comments?post=316"}],"version-history":[{"count":2,"href":"https:\/\/www.payne.cz\/WP15\/wp-json\/wp\/v2\/posts\/316\/revisions"}],"predecessor-version":[{"id":717,"href":"https:\/\/www.payne.cz\/WP15\/wp-json\/wp\/v2\/posts\/316\/revisions\/717"}],"wp:attachment":[{"href":"https:\/\/www.payne.cz\/WP15\/wp-json\/wp\/v2\/media?parent=316"}],"wp:term":[{"taxonomy":"category","embeddable":true,"href":"https:\/\/www.payne.cz\/WP15\/wp-json\/wp\/v2\/categories?post=316"},{"taxonomy":"post_tag","embeddable":true,"href":"https:\/\/www.payne.cz\/WP15\/wp-json\/wp\/v2\/tags?post=316"}],"curies":[{"name":"wp","href":"https:\/\/api.w.org\/{rel}","templated":true}]}}