{"id":2852,"date":"2024-12-30T16:42:29","date_gmt":"2024-12-30T15:42:29","guid":{"rendered":"https:\/\/www.payne.cz\/WP15\/?p=2852"},"modified":"2024-12-30T16:42:29","modified_gmt":"2024-12-30T15:42:29","slug":"demokracie-nam-nefunguje","status":"publish","type":"post","link":"https:\/\/www.payne.cz\/WP15\/demokracie-nam-nefunguje\/","title":{"rendered":"Demokracie n\u00e1m nefunguje"},"content":{"rendered":"\n\n\n<p style=\"text-align: right;\"><span style=\"color: #008080;\">30.12.2024<\/span><\/p>\n<p><span style=\"color: #008080;\">Z\u00e1konod\u00e1rci zcela p\u0159estali komunikovat s&nbsp;ob\u010dany. To se pak nem\u016f\u017eeme divit, \u017ee n\u00e1m to nefunguje.<\/span><\/p>\n<p><a href=\"http:\/\/www.payne.cz\/WP15\/wp-content\/uploads\/ceska-demokracie.png\"><img loading=\"lazy\" decoding=\"async\" class=\"aligncenter size-full wp-image-2857\" src=\"http:\/\/www.payne.cz\/WP15\/wp-content\/uploads\/ceska-demokracie.png\" alt=\"Ren\u010d\u00edn - p\u0159evzato se soci\u00e1ln\u00edch s\u00edt\u00ed\" width=\"949\" height=\"536\" srcset=\"https:\/\/www.payne.cz\/WP15\/wp-content\/uploads\/ceska-demokracie.png 949w, https:\/\/www.payne.cz\/WP15\/wp-content\/uploads\/ceska-demokracie-300x169.png 300w, https:\/\/www.payne.cz\/WP15\/wp-content\/uploads\/ceska-demokracie-768x434.png 768w\" sizes=\"auto, (max-width: 949px) 100vw, 949px\" \/><\/a><\/p>\n<p style=\"text-align: justify;\">M\u00e1te pocit, \u017ee si politikov\u00e9 d\u011blaj\u00ed bez ohledu na ob\u010dany, co se jim zachce? P\u0159esn\u011b tak tomu bylo za komunistick\u00e9 totality. Nejsiln\u011bj\u0161\u00edm prvkem demokracie je toti\u017e komunikace ob\u010dan\u016f s&nbsp;parlamentem.<\/p>\n<p style=\"text-align: justify;\">M\u00e1me pomaten\u00e9 pojmy. Vl\u00e1dy ob\u010das tvrd\u00ed, jak makaj\u00ed pro lidi. Jen\u017ee vl\u00e1da nem\u00e1 h\u00e1jit z\u00e1jmy lid\u00ed, vl\u00e1da m\u00e1 h\u00e1jit z\u00e1jmy st\u00e1tu. Z\u00e1jmy lid\u00ed maj\u00ed h\u00e1jit volen\u00ed z\u00e1stupci.<\/p>\n<p style=\"text-align: justify;\">Ob\u010das v&nbsp;n\u011bjak\u00e9 d\u016fle\u017eit\u00e9 z\u00e1le\u017eitosti p\u00ed\u0161u dopisy z\u00e1konod\u00e1rc\u016fm, n\u011bkdy v\u0161em, n\u011bkdy jen poslanc\u016fm nebo sen\u00e1tor\u016fm, n\u011bkdy jen \u010dlen\u016fm n\u011bjak\u00e9ho v\u00fdboru. U\u017e jsem to ud\u011blal asi desetkr\u00e1t. P\u00ed\u0161i v\u011bcn\u00e9 dopisy, nejsou to zbyte\u010dnosti. Zat\u00edm se mi ani jednou nestalo, \u017ee by mi n\u011bkdo z&nbsp;nich odpov\u011bd\u011bl. Systematicky neodpov\u00eddaj\u00ed. Jen jeden sen\u00e1tor mi nab\u00eddl m\u00edsto odpov\u011bdi, \u017ee by se se mnou se\u0161el, abychom to probrali osobn\u011b, se\u0161li jsme se. Jeden za dvacet let? A&nbsp;z n\u011bkolika sekretari\u00e1t\u016f na ministerstvech jsem dostal odpov\u011b\u010f n\u011bjak\u00e9 sekret\u00e1\u0159ky, \u017ee pan ministr se m\u00fdm dopisem jist\u011b sezn\u00e1m\u00ed. V\u011bcn\u00e1 odpov\u011b\u010f, nebo diskuse \u017e\u00e1dn\u00e1.<\/p>\n<p style=\"text-align: justify;\">Nerozum\u00edm pro\u010d. V m\u00e9di\u00edch se opakovan\u011b prob\u00edr\u00e1, pro\u010d vl\u00e1da nedok\u00e1\u017ee vysv\u011btit to \u010di ono ob\u010dan\u016fm. P\u0159edpokl\u00e1dal bych, \u017ee poslanci maj\u00ed od sv\u00e9ho stranick\u00e9ho p\u0159edsedy ulo\u017eeno, \u017ee mus\u00ed v\u011bcn\u011b odpov\u011bd\u011bt na ka\u017ed\u00fd dopis. \u010cekal bych, \u017ee politick\u00e9 strany u\u017e nikdy nepust\u00ed na kandid\u00e1tku \u010dlena, kter\u00fd v poslaneck\u00e9 nebo sen\u00e1torsk\u00e9 funkci neodpov\u011bd\u011bli by\u0165 jen na jedin\u00fd dopis. Maj\u00ed na to p\u0159ece dob\u0159e placen\u00e9 asistenty. A pokud poslanci nebo sen\u00e1to\u0159i n\u011b\u010demu nerozum\u011bj\u00ed, maj\u00ed na to vynikaj\u00edc\u00ed Parlamentn\u00ed institut.<\/p>\n<p style=\"text-align: justify;\">V devades\u00e1t\u00fdch letech jsme se domn\u00edvali, \u017ee odpov\u00eddat na dopisy pat\u0159\u00ed k&nbsp;t\u011bm hlavn\u00edm povinnostem, \u017ee t\u00edm se li\u0161\u00ed demokracie od zr\u016fdn\u00e9ho komunismu. Tr\u00e1vil jsem mnoho \u010dasu vy\u0159izov\u00e1n\u00edm korespondence. Jedin\u00e9 dopisy, kter\u00e9 kon\u010dily v&nbsp;ko\u0161i, byly anonymov\u00e9&nbsp;\u2013 nen\u00ed toti\u017e komu odpov\u011bd\u011bt. Dokonce i&nbsp;na p\u0159ihroubl\u00e9 emotivn\u00ed dopisy jsem odpov\u00eddal, \u017ee se patrn\u011b neshodujeme v&nbsp;pohledu na interpretaci politick\u00e9 reality a&nbsp;doporu\u010dil jsem obr\u00e1tit se na poslance jin\u00e9 politick\u00e9 strany, se kterou snad najdou porozum\u011bn\u00ed. Ale odpov\u011bd\u011bl jsem.<\/p>\n<p style=\"text-align: justify;\">P\u0159ekvapiv\u00e9 je, \u017ee ani na\u0161e m\u00e9dia v\u016fbec nezaj\u00edm\u00e1, \u017ee na\u0161e demokracie krachuje na nefunguj\u00edc\u00edch z\u00e1konod\u00e1rc\u00edch. Povinnost\u00ed m\u00e9di\u00ed je postarat se o&nbsp;to, aby se z\u00e1konod\u00e1rce, kter\u00fd nedopov\u00edd\u00e1 na dopisy, u\u017e nikdy do funkce nevr\u00e1til. Nefunguj\u00ed n\u00e1m ani m\u00e9dia.<\/p>\n","protected":false},"excerpt":{"rendered":"<p>30.12.2024 Z\u00e1konod\u00e1rci zcela p\u0159estali komunikovat s&nbsp;ob\u010dany. To se pak nem\u016f\u017eeme divit, \u017ee n\u00e1m to nefunguje. M\u00e1te pocit, \u017ee si politikov\u00e9 d\u011blaj\u00ed bez ohledu na ob\u010dany, co se jim zachce? P\u0159esn\u011b&#8230; <a class=\"read-more-button\" href=\"https:\/\/www.payne.cz\/WP15\/demokracie-nam-nefunguje\/\">\u010c\u00edst v\u00edce &gt;<\/a><\/p>\n","protected":false},"author":2,"featured_media":0,"comment_status":"closed","ping_status":"closed","sticky":false,"template":"","format":"standard","meta":{"ngg_post_thumbnail":0,"_monsterinsights_skip_tracking":false,"_monsterinsights_sitenote_active":false,"_monsterinsights_sitenote_note":"","_monsterinsights_sitenote_category":0,"footnotes":""},"categories":[3],"tags":[],"class_list":["post-2852","post","type-post","status-publish","format-standard","hentry","category-clanky"],"_links":{"self":[{"href":"https:\/\/www.payne.cz\/WP15\/wp-json\/wp\/v2\/posts\/2852","targetHints":{"allow":["GET"]}}],"collection":[{"href":"https:\/\/www.payne.cz\/WP15\/wp-json\/wp\/v2\/posts"}],"about":[{"href":"https:\/\/www.payne.cz\/WP15\/wp-json\/wp\/v2\/types\/post"}],"author":[{"embeddable":true,"href":"https:\/\/www.payne.cz\/WP15\/wp-json\/wp\/v2\/users\/2"}],"replies":[{"embeddable":true,"href":"https:\/\/www.payne.cz\/WP15\/wp-json\/wp\/v2\/comments?post=2852"}],"version-history":[{"count":5,"href":"https:\/\/www.payne.cz\/WP15\/wp-json\/wp\/v2\/posts\/2852\/revisions"}],"predecessor-version":[{"id":2858,"href":"https:\/\/www.payne.cz\/WP15\/wp-json\/wp\/v2\/posts\/2852\/revisions\/2858"}],"wp:attachment":[{"href":"https:\/\/www.payne.cz\/WP15\/wp-json\/wp\/v2\/media?parent=2852"}],"wp:term":[{"taxonomy":"category","embeddable":true,"href":"https:\/\/www.payne.cz\/WP15\/wp-json\/wp\/v2\/categories?post=2852"},{"taxonomy":"post_tag","embeddable":true,"href":"https:\/\/www.payne.cz\/WP15\/wp-json\/wp\/v2\/tags?post=2852"}],"curies":[{"name":"wp","href":"https:\/\/api.w.org\/{rel}","templated":true}]}}