{"id":2838,"date":"2024-12-19T20:26:24","date_gmt":"2024-12-19T19:26:24","guid":{"rendered":"https:\/\/www.payne.cz\/WP15\/?p=2838"},"modified":"2024-12-19T20:27:09","modified_gmt":"2024-12-19T19:27:09","slug":"smlouva-s-vatikanem-navzdy-znemozni-odluku","status":"publish","type":"post","link":"https:\/\/www.payne.cz\/WP15\/smlouva-s-vatikanem-navzdy-znemozni-odluku\/","title":{"rendered":"Smlouva s Vatik\u00e1nem nav\u017edy znemo\u017en\u00ed odluku"},"content":{"rendered":"\n<p style=\"text-align: right;\"><span style=\"color: #008080;\">19.12.2024<\/span><\/p>\n<p style=\"text-align: center;\"><span style=\"color: #808080;\">Dnes byl poslanc\u016fm rozesl\u00e1n tento dopis:&nbsp;<\/span><\/p>\n<p>&nbsp;<\/p>\n<p>V\u00e1\u017een\u00fd poslan\u010de, poslankyn\u011b.<\/p>\n<p style=\"text-align: right;\">&nbsp;<\/p>\n<table class=\" alignright\" style=\"border-collapse: collapse; width: 67.0238%; height: 113px;\">\n<tbody>\n<tr>\n<td style=\"width: 100%;\">\n<p><strong><span style=\"color: #008080;\"><em>\u201eVaruji v\u00e1s p\u0159ed t\u00edm, zachovejte si, pros\u00edm, velmi zdravou distanc od politik\u016f a od st\u00e1tu. Ned\u011bl\u00e1 n\u00e1m dob\u0159e, n\u00e1m katol\u00edk\u016fm, kdy\u017e se p\u0159\u00edli\u0161 p\u0159ibli\u017eujeme st\u00e1tu,\u201c<\/em>&nbsp; &nbsp; &nbsp; &nbsp; &nbsp; &nbsp; &nbsp; &nbsp;<\/span><\/strong><span style=\"color: #808080;\"><strong>Karel Schwarzenberg 9. 3. 2013<\/strong><\/span><\/p>\n<\/td>\n<\/tr>\n<\/tbody>\n<\/table>\n<p style=\"text-align: right;\">&nbsp;<\/p>\n<p style=\"text-align: right;\">&nbsp;<\/p>\n<p>&nbsp;<\/p>\n<p style=\"text-align: justify;\"><span style=\"font-size: revert; color: initial;\"><br>Kdy\u017e se jednalo o c\u00edrkevn\u00edch restituc\u00edch (p\u0159esn\u011bji o z\u00e1kon\u011b 428\/2012 Sb., o majetkov\u00e9m vyrovn\u00e1n\u00ed s<\/span><span style=\"color: initial; font-size: revert;\">&nbsp;c\u00edrkvemi a n\u00e1bo\u017eensk\u00fdmi spole\u010dnostmi), kter\u00fd p\u0159ekra\u010doval jak hranici \u00fanora 1948, tak i n\u011bco, co se naz\u00fdv\u00e1 dobr\u00fdmi mravy, mluvilo se o tom, \u017ee bude n\u00e1sledovat odluka c\u00edrkv\u00ed od st\u00e1tu. Mnoz\u00ed m\u011bli za to, \u017ee cena za majetkov\u00e9 vyrovn\u00e1n\u00ed je nep\u0159im\u011b\u0159en\u011b vysok\u00e1, ale pokud bude n\u00e1sledovat skute\u010dn\u00e1 odluka, tak se to snad za takov\u00e9 pen\u00edze vyplat\u00ed.<\/span><\/p>\n<p style=\"text-align: justify;\">Z\u00e1rove\u0148 mnoz\u00ed poukazovali na to, \u017ee n\u00e1hrada za majetkov\u00e9 restituce fyzick\u00fdch osob se uskute\u010dnila jen v&nbsp;nepatrn\u00e9 m\u00ed\u0159e \u2013 za \u010din\u017e\u00e1k v&nbsp;Praze byla vyplacena n\u00e1hrada ve v\u00fd\u0161i des\u00edtek tis\u00edc. Firmy, respektive pr\u00e1vnick\u00e9 osoby, vyvlastn\u011bn\u00e9 a zni\u010den\u00e9 komunistick\u00fdm re\u017eimem, restituov\u00e1ny nebyly v\u016fbec. Oby\u010dejn\u00fd ob\u010dan by o\u010dek\u00e1val, \u017ee c\u00edrkev p\u0159ijme stejn\u00e9 restitu\u010dn\u00ed podm\u00ednky, jak\u00e9 m\u011bl ka\u017ed\u00fd jin\u00fd, nebo \u017ee dokonce bude cht\u00edt m\u00e9n\u011b z&nbsp;d\u016fvod\u016f k\u0159es\u0165ansk\u00e9ho u\u010den\u00ed. Katolick\u00e1 c\u00edrkev jako pr\u00e1vnick\u00e1 osoba si v&nbsp;rozporu s&nbsp;k\u0159es\u0165ansk\u00fdm u\u010den\u00edm prosadila restituce ve vysoce nadstandardn\u00ed m\u00ed\u0159e, jak\u00e9 v&nbsp;na\u0161\u00ed zemi nem\u011bl nikdo.<\/p>\n<p style=\"text-align: justify;\">V&nbsp;\u010dem odluka m\u011bla spo\u010d\u00edvat? St\u00e1t m\u00e1 po proveden\u00ed majetkov\u00e9ho vyrovn\u00e1n\u00ed zru\u0161it zvl\u00e1\u0161tn\u00ed v\u00fdhody, kter\u00fdch c\u00edrkve po\u017e\u00edvaj\u00ed. C\u00edrkve se stanou b\u011b\u017enou pr\u00e1vnickou osobou bez jak\u00fdchkoli v\u00fdjimek. Na internetu m\u00e1me docela p\u0159esnou charakteristiku odluky: <em>st\u00e1t nestar\u00e1 o c\u00edrkve v\u00edce ne\u017e o ostatn\u00ed spolky a c\u00edrkve nemluv\u00ed do z\u00e1le\u017eitost\u00ed st\u00e1tu<\/em>. St\u00e1t mus\u00ed p\u0159istupovat ke v\u0161em n\u00e1bo\u017eensk\u00fdm spole\u010dnostem spravedliv\u011b a bez rozd\u00edlu, a po odluce tak\u00e9 stejn\u011b, jako k jak\u00e9koli jin\u00e9 pr\u00e1vnick\u00e9 osob\u011b.<\/p>\n<p style=\"text-align: justify;\">Pro mnoh\u00e9 je nepochopiteln\u00e9, z&nbsp;jak\u00e9ho d\u016fvodu se c\u00edrkevn\u00ed p\u0159edstavitel\u00e9 objevuj\u00ed p\u0159i r\u016fzn\u00fdch st\u00e1tn\u00edch z\u00e1le\u017eitostech. M\u00e1 se t\u00edm vyj\u00e1d\u0159it, \u017ee st\u00e1t se pod\u0159izuje jejich n\u00e1zoru? M\u00e1 se t\u00edm vyj\u00e1d\u0159it, \u017ee c\u00edrkve cht\u011bj\u00ed m\u00edt politickou roli? Nap\u0159\u00edklad letos p\u0159i vzpom\u00ednkov\u00e9 akci ke st\u00e1tn\u00edmu sv\u00e1tku dne nez\u00e1vislosti 28.10. na V\u00edtkov\u011b vystupuje p\u0159edstavitel katolick\u00e9 c\u00edrkve. Co symbolizuje p\u0159\u00edtomnost katolick\u00e9ho p\u0159edstavitele na st\u00e1tn\u00ed akci? Katolick\u00e1 c\u00edrkev, kter\u00e1 byla odp\u016frcem samostatnosti \u010ceskoslovenska, chce demonstrovat, \u017ee se op\u011bt st\u00e1v\u00e1 sou\u010d\u00e1st\u00ed st\u00e1tn\u00ed ma\u0161in\u00e9rie? Nebo si t\u00edm chce vyslou\u017eit n\u011bjak\u00e9 dal\u0161\u00ed v\u00fdhody? Chce demonstrovat svou moc a bohatstv\u00ed?<\/p>\n<p style=\"text-align: justify;\">V\u00fdzna\u010dn\u00fd evangelick\u00fd far\u00e1\u0159 Milo\u0161 Rejchrt navrhoval, aby se po majetkov\u00e9m vyrovn\u00e1n\u00ed na n\u011bkolik let uskute\u010dnila odluka a jak\u00e1si karant\u00e9na. \u00dapln\u00e9 odd\u011blen\u00ed. A teprve pot\u00e9 by mohl st\u00e1t a c\u00edrkve \u010di konkr\u00e9tn\u00ed c\u00edrkevn\u00ed subjekty uzav\u00edrat ad hoc smlouvy o spolupr\u00e1ci, kter\u00e1 by se \u0159\u00eddila b\u011b\u017en\u00fdm pr\u00e1vem. Do\u0161lo by k&nbsp;pro\u010di\u0161t\u011bn\u00ed spolupr\u00e1ce, i ateistick\u00e9 ve\u0159ejnosti by bylo z\u0159ejm\u00e9, \u017ee spolupr\u00e1ce je transparentn\u00ed, \u017ee je v\u00fdhodn\u00e1 pro ob\u011b smluvn\u00ed strany, \u017ee nevznik\u00e1 na z\u00e1klad\u011b n\u011bjak\u00e9 ideologie, \u017ee je projevem svobodn\u00e9 v\u016fle obou smluvn\u00edch stran.<\/p>\n<p style=\"text-align: justify;\">Zat\u00edm k&nbsp;\u017e\u00e1dn\u00e9 odluce nedo\u0161lo. Pro ve\u0159ejnost a to i pro mnoh\u00e9 v\u011b\u0159\u00edc\u00ed je nepochopiteln\u00e9, z&nbsp;jak\u00e9ho d\u016fvodu plat\u00ed jin\u00e1 pravidla pro c\u00edrkevn\u00ed \u0161koly, ne\u017e pro \u0161koly soukrom\u00e9. Je nepochopiteln\u00e9, pro\u010d maj\u00ed existovat vojen\u0161t\u00ed kaplani placen\u00ed ze st\u00e1tn\u00edch pen\u011bz. Arm\u00e1da v&nbsp;maxim\u00e1ln\u00ed m\u00ed\u0159e umo\u017e\u0148uje voj\u00e1k\u016fm \u00fa\u010dastnit se n\u00e1bo\u017eensk\u00e9ho \u017eivota v&nbsp;bl\u00edzkosti pos\u00e1dek. Velitel\u00e9 vyu\u017e\u00edvaj\u00ed vojensk\u00e9 psychology, kte\u0159\u00ed jsou ve slu\u017eebn\u00edm pom\u011bru. Pokud c\u00edrkve, nav\u00edc ne v\u0161echny, ale jen ty, kter\u00e9 jsou \u010dlenem Ekumenick\u00e9 rady c\u00edrkv\u00ed, cht\u011bj\u00ed vys\u00edlat sv\u00e9 duchovn\u00ed pracovn\u00edky k&nbsp;n\u011bjak\u00e9 nadstandardn\u00ed slu\u017eb\u011b, pak by si to po majetkov\u00e9m vyrovn\u00e1n\u00ed m\u011bly platit ze sv\u00fdch prost\u0159edk\u016f. Je st\u011b\u017e\u00ed obhajiteln\u00e9, \u017ee c\u00edrkve uzav\u00edraj\u00ed s\u0148atky, v&nbsp;r\u00e1mci odluky by m\u011bly pro v\u0161echny ob\u010dany platit stejn\u00e1 pravidla p\u0159i uzav\u00edr\u00e1n\u00ed man\u017eelstv\u00ed a pokud si cht\u011bj\u00ed c\u00edrkve uspo\u0159\u00e1dat ob\u0159ady podle sv\u00fdch tradic a sv\u00e9ho uv\u00e1\u017een\u00ed, pak by si takov\u00e9 ob\u0159ady m\u011bly uspo\u0159\u00e1dat bez \u00fa\u010dasti st\u00e1tu a bez jak\u00e9hokoli p\u0159enesen\u00e9ho v\u00fdkonu st\u00e1tn\u00ed spr\u00e1vy. Ve\u0159ejnost by si tak\u00e9 p\u0159edstavovala, \u017ee po majetkov\u00e9m vyrovn\u00e1n\u00ed si budou c\u00edrkve platit vys\u00edlac\u00ed \u010das v&nbsp;m\u00e9di\u00edch stejn\u011b, jako si jej mus\u00ed zaplatit jak\u00fdkoli jin\u00fd subjekt.<\/p>\n<p style=\"text-align: justify;\">Nyn\u00ed se projedn\u00e1v\u00e1 sn\u011bmovn\u00ed tisk 844, smlouva mezi \u010cR a Svat\u00fdm stolcem o n\u011bkter\u00fdch pr\u00e1vn\u00edch ot\u00e1zk\u00e1ch. Jedn\u00e1 se o smlouvu o lidsk\u00fdch pr\u00e1vech, tak\u017ee mus\u00ed b\u00fdt schvalov\u00e1na \u00fastavn\u00ed v\u011bt\u0161inou. Smlouva potom bude m\u00edt p\u0159ednost p\u0159ed na\u0161\u00edm \u00fastavn\u00edm po\u0159\u00e1dkem, jinak \u0159e\u010deno bude mu nad\u0159azen\u00e1. Fakticky tato smlouva znemo\u017en\u00ed odluku, vytv\u00e1\u0159\u00ed privilegovan\u00fd vztah mezi \u010ceskou republikou a Vatik\u00e1nem, resp. katolickou c\u00edrkv\u00ed. \u00dastava v&nbsp;\u010dl\u00e1nku 2 odst. (1) \u0159\u00edk\u00e1, \u017ee <em>\u201est\u00e1t se nesm\u00ed v\u00e1zat ani na v\u00fdlu\u010dnou ideologii, ani na n\u00e1bo\u017eensk\u00e9 vyzn\u00e1n\u00ed\u201c<\/em>.<\/p>\n<p style=\"text-align: justify;\">Katolick\u00e1 c\u00edrkev si vymohla asi tis\u00edckr\u00e1t bohat\u0161\u00ed restituce, ne\u017e kdokoli jin\u00fd v&nbsp;na\u0161\u00ed zemi. Je to nespravedliv\u00e9, av\u0161ak za tyto pen\u00edze si ob\u010dan\u00e9 zaslou\u017e\u00ed \u00faplnou odluku. V\u00e1\u017een\u00fd pane poslan\u010de, Parlament dlu\u017e\u00ed \u010desk\u00e9 ve\u0159ejnosti proveden\u00ed skute\u010dn\u00e9 odluky st\u00e1tu od c\u00edrkv\u00ed. Smlouva p\u0159edlo\u017een\u00e1 Parlamentu pod \u010d\u00edslem 844 tuto odluku vylu\u010duje.<\/p>\n<p style=\"text-align: justify;\">Pros\u00edm tedy o odpov\u011b\u010f, jak hodl\u00e1te za\u0159\u00eddit, aby do\u0161lo ke skute\u010dn\u00e9 pro v\u0161echny prosp\u011b\u0161n\u00e9 odluce a aby byla vylou\u010dena diskriminace nekatolick\u00fdch c\u00edrkv\u00ed.&nbsp;<\/p>\n<p>Ji\u0159\u00ed Payne<\/p>\n<p>&nbsp;<\/p>\n\n\n","protected":false},"excerpt":{"rendered":"<p>19.12.2024 Dnes byl poslanc\u016fm rozesl\u00e1n tento dopis:&nbsp; &nbsp; V\u00e1\u017een\u00fd poslan\u010de, poslankyn\u011b. &nbsp; \u201eVaruji v\u00e1s p\u0159ed t\u00edm, zachovejte si, pros\u00edm, velmi zdravou distanc od politik\u016f a od st\u00e1tu. Ned\u011bl\u00e1 n\u00e1m dob\u0159e,&#8230; <a class=\"read-more-button\" href=\"https:\/\/www.payne.cz\/WP15\/smlouva-s-vatikanem-navzdy-znemozni-odluku\/\">\u010c\u00edst v\u00edce &gt;<\/a><\/p>\n","protected":false},"author":2,"featured_media":0,"comment_status":"closed","ping_status":"closed","sticky":false,"template":"","format":"standard","meta":{"ngg_post_thumbnail":0,"_monsterinsights_skip_tracking":false,"_monsterinsights_sitenote_active":false,"_monsterinsights_sitenote_note":"","_monsterinsights_sitenote_category":0,"footnotes":""},"categories":[3],"tags":[],"class_list":["post-2838","post","type-post","status-publish","format-standard","hentry","category-clanky"],"_links":{"self":[{"href":"https:\/\/www.payne.cz\/WP15\/wp-json\/wp\/v2\/posts\/2838","targetHints":{"allow":["GET"]}}],"collection":[{"href":"https:\/\/www.payne.cz\/WP15\/wp-json\/wp\/v2\/posts"}],"about":[{"href":"https:\/\/www.payne.cz\/WP15\/wp-json\/wp\/v2\/types\/post"}],"author":[{"embeddable":true,"href":"https:\/\/www.payne.cz\/WP15\/wp-json\/wp\/v2\/users\/2"}],"replies":[{"embeddable":true,"href":"https:\/\/www.payne.cz\/WP15\/wp-json\/wp\/v2\/comments?post=2838"}],"version-history":[{"count":11,"href":"https:\/\/www.payne.cz\/WP15\/wp-json\/wp\/v2\/posts\/2838\/revisions"}],"predecessor-version":[{"id":2849,"href":"https:\/\/www.payne.cz\/WP15\/wp-json\/wp\/v2\/posts\/2838\/revisions\/2849"}],"wp:attachment":[{"href":"https:\/\/www.payne.cz\/WP15\/wp-json\/wp\/v2\/media?parent=2838"}],"wp:term":[{"taxonomy":"category","embeddable":true,"href":"https:\/\/www.payne.cz\/WP15\/wp-json\/wp\/v2\/categories?post=2838"},{"taxonomy":"post_tag","embeddable":true,"href":"https:\/\/www.payne.cz\/WP15\/wp-json\/wp\/v2\/tags?post=2838"}],"curies":[{"name":"wp","href":"https:\/\/api.w.org\/{rel}","templated":true}]}}