{"id":2815,"date":"2024-05-17T16:29:44","date_gmt":"2024-05-17T15:29:44","guid":{"rendered":"https:\/\/www.payne.cz\/WP15\/?p=2815"},"modified":"2024-05-17T16:29:44","modified_gmt":"2024-05-17T15:29:44","slug":"valka-bude","status":"publish","type":"post","link":"https:\/\/www.payne.cz\/WP15\/valka-bude\/","title":{"rendered":"V\u00e1lka bude"},"content":{"rendered":"\n<div class=\"d_gK\" style=\"text-align: right;\" data-dot=\"ogm-date-of-publication\"><sup><span style=\"color: #008080;\">26.4.2024<\/span><\/sup><\/div>\n<div class=\"d_j9 _6241b6d122e5e742b990b0cc\">\n<p class=\"e_bp d_hY speakable\" style=\"text-align: center;\" data-dot=\"ogm-article-perex\"><span style=\"color: #008080;\">Bude v\u00e1lka? Pro\u010d by m\u011bla b\u00fdt? Po tis\u00edcilet\u00ed plat\u00ed zku\u0161enost: Chce\u0161-li m\u00edr, p\u0159iprav se na v\u00e1lku.<\/span><\/p>\n<\/div>\n<div class=\"d_j9 _6241b6de22e5e742b990b0cd\">\n<div class=\"d_f\" data-e2e=\"ogm-article-layout\">\n<article class=\"d_ij\" role=\"article\" aria-labelledby=\"accessibility-article\">\n<h6 id=\"accessibility-article\" class=\"e_q atm-headline-h6 e_g\">&nbsp;<\/h6>\n<div class=\"d_fj\" data-dot=\"ogm-article-content\">\n<div class=\"f_fk mol-rich-content--for-article\">\n<div class=\"f_bp speakable\" data-dot=\"mol-paragraph\">\n<p class=\"e_bp\" style=\"text-align: justify;\"><span class=\"atm-text-decorator\"><span style=\"color: #008080;\"><strong><span class=\"e_ag\">Bude v\u00e1lka?<\/span><\/strong><\/span>&nbsp;Proto\u017ee jsme v&nbsp;Evrop\u011b dvacet let tunelovali svou obranu, hroz\u00ed n\u00e1m v\u00e1lka. B\u00fdt p\u0159ipraven na v\u00e1lku znamen\u00e1 nejen m\u00edt vyzbrojenou a&nbsp;vycvi\u010denou arm\u00e1du, znamen\u00e1 to m\u00edt p\u0159ipraven\u00fd pr\u00e1vn\u00ed a&nbsp;smluvn\u00ed r\u00e1mec, m\u00edt ekonomiku p\u0159ipravenou pro p\u0159\u00edpad v\u00e1le\u010dn\u00e9ho stavu, m\u00edt bankovn\u00ed syst\u00e9m podporuj\u00edc\u00ed zbrojn\u00ed v\u00fdrobu a&nbsp;v\u00e1le\u010dnou ekonomiku, m\u00edt z\u00e1lo\u017en\u00ed syst\u00e9my pro p\u0159\u00edpad v\u0161ech mysliteln\u00fdch blackout\u016f, m\u00edt vzd\u011blan\u00e9 homogenn\u00ed obyvatelstvo odhodlan\u00e9 br\u00e1nit se. To, \u017ee se na v\u00e1lku p\u0159ipravujeme, v\u016fbec neznamen\u00e1, \u017ee ji p\u0159ivol\u00e1v\u00e1me. D\u011blejme co se d\u00e1, abychom j\u00ed zabr\u00e1nili.<\/span><\/p>\n<\/div>\n<div class=\"f_bp speakable\" data-dot=\"mol-paragraph\">\n<p class=\"e_bp\" style=\"text-align: justify;\"><span class=\"atm-text-decorator\"><span style=\"color: #008080;\"><strong><span class=\"e_ag\">P\u0159\u00edznaky<\/span><\/strong><\/span>, \u017ee se k&nbsp;n\u011bjak\u00e9 v\u00e1lce schyluje, je mo\u017en\u00e9 identifikovat d\u00e1vno p\u0159edem. Carl Gustav Jung vysv\u011btluje, \u017ee v&nbsp;lidsk\u00e9 psychice jsou prehistorick\u00e9 s\u00edly podobaj\u00edc\u00ed se p\u0159edpotopn\u00edm nestv\u016fr\u00e1m, kter\u00e9 norm\u00e1ln\u011b des\u00edtky let pod\u0159imuj\u00ed, kdy\u017e je ale n\u011bkdo provokuje, kdy\u017e se probud\u00ed, disponuj\u00ed takov\u00fdmi silami, \u017ee je nejde zastavit. Ze vzd\u011blan\u00fdch kultivovan\u00fdch lid\u00ed ud\u011blaj\u00ed bestie. Mnoz\u00ed identifikovali p\u0159\u00edznaky bl\u00ed\u017e\u00edc\u00ed se v\u00e1lky ji\u017e p\u0159ed \u0161esti lety.<\/span><\/p>\n<\/div>\n<div class=\"f_bp speakable\" data-dot=\"mol-paragraph\">\n<p class=\"e_bp\" style=\"text-align: justify;\"><span class=\"atm-text-decorator\">N\u011bjak nebereme v\u00e1\u017en\u011b ofici\u00e1ln\u00ed upozorn\u011bn\u00ed NATO pro \u010dlensk\u00e9 st\u00e1ty, \u017ee do n\u011bkolika let mus\u00edme b\u00fdt pln\u011b p\u0159ipraveni na v\u00e1lku velk\u00e9ho rozsahu. Nikdo nem\u016f\u017ee tvrdit, \u017ee to nev\u011bd\u011bl. Je na\u0161\u00ed povinnost\u00ed br\u00e1t to v\u00e1\u017en\u011b. Je to nejen na\u0161e povinnost, je to i&nbsp;v na\u0161em vlastn\u00edm z\u00e1jmu.<\/span><\/p>\n<\/div>\n<p style=\"text-align: justify;\">Pokud n\u011bkdo pochybuje, je t\u0159eba upozornit, \u017ee Putin u\u017e p\u0159evedl hospod\u00e1\u0159stv\u00ed na v\u00e1le\u010dnou zbrojn\u00ed v\u00fdrobu a zbroj\u00ed n\u011bkolikan\u00e1sobn\u011b rychleji ne\u017e Evropa. \u010c\u00edna deklaruje, \u017ee bude b\u011bhem t\u0159\u00ed a\u017e \u010dty\u0159 let p\u0159ipravena obsadit Tchaj-wan.<\/p>\n<\/div>\n<\/div>\n<p style=\"text-align: justify;\">Brit\u00e1nie tak\u00e9 p\u0159e\u0161la na v\u00e1le\u010dnou zbrojn\u00ed produkci a dohodla se s USA, \u017ee se na ostrovy rozm\u00edst\u00ed americk\u00e9 jadern\u00e9 zbran\u011b. Pobalt\u00ed buduje opevn\u011bn\u00ed proti \u00fatoku z B\u011blorusska. Pol\u00e1ci zbroj\u00ed n\u00e1sobn\u011b rychleji ne\u017e ostatn\u00ed evropsk\u00e9 zem\u011b. \u0160v\u00e9dsko a Finsko vstoupily do NATO.<\/p>\n<div class=\"d_fj\" data-dot=\"ogm-article-content\">\n<div class=\"f_fk mol-rich-content--for-article\">\n<div class=\"f_bp speakable\" data-dot=\"mol-paragraph\">\n<p class=\"e_bp\" style=\"text-align: justify;\"><span class=\"atm-text-decorator\">Ve Spojen\u00fdch st\u00e1tech investuj\u00ed obrovsk\u00e9 pen\u00edze do rychl\u00e9ho vybudov\u00e1n\u00ed firem, kter\u00e9 zajist\u00ed americkou nez\u00e1vislost na dod\u00e1vk\u00e1ch d\u016fle\u017eit\u00fdch produkt\u016f z&nbsp;Asie.<\/span><\/p>\n<\/div>\n<div class=\"f_bp speakable\" data-dot=\"mol-paragraph\">\n<p class=\"e_bp\" style=\"text-align: justify;\"><span class=\"atm-text-decorator\"><span style=\"color: #008080;\"><strong><span class=\"e_ag\">Kdy bude v\u00e1lka?<\/span><\/strong><\/span>&nbsp;Znovu opakuji, d\u011blejme co se d\u00e1, abychom j\u00ed zabr\u00e1nili. Odhady a&nbsp;zpravodajsk\u00e9 zdroje p\u0159edv\u00eddaj\u00ed, \u017ee k&nbsp;velk\u00e9 v\u00e1lce m\u016f\u017ee doj\u00edt za t\u0159i a\u017e \u010dty\u0159i roky. V\u00e1lka m\u016f\u017ee prob\u00edhat p\u0159edev\u0161\u00edm mezi Spojen\u00fdmi st\u00e1ty a&nbsp;\u010c\u00ednou, tedy v&nbsp;Pacifiku. Proto tam vznik\u00e1 nov\u00e9 alian\u010dn\u00ed seskupen\u00ed USA s&nbsp;Japonskem, Austr\u00e1li\u00ed, ji\u017en\u00ed Koreou a&nbsp;Tchaj-wanem. To m\u016f\u017ee znamenat, \u017ee Evropsk\u00e9 st\u00e1ty NATO budou muset p\u0159evz\u00edt plnou odpov\u011bdnost za samostatnou vlastn\u00ed obranu na p\u0159\u00edpadn\u00e9 front\u011b na hranic\u00edch s&nbsp;B\u011bloruskem a&nbsp;Ruskem. M\u00e1me tedy tak asi t\u0159i roky na to, abychom se pln\u011b p\u0159ipravili.<\/span><\/p>\n<\/div>\n<div class=\"f_bp speakable\" data-dot=\"mol-paragraph\">\n<p class=\"e_bp\" style=\"text-align: justify;\"><span class=\"atm-text-decorator\"><span style=\"color: #008080;\"><strong><span class=\"e_ag\">Co d\u011bl\u00e1me?<\/span><\/strong><\/span>&nbsp;M\u00edsto, abychom alarmovali, \u017ee banky u&nbsp;n\u00e1s blokuj\u00ed zbrojn\u00ed v\u00fdrobu, debatujeme o&nbsp;d\u016fchodov\u00e9 reform\u011b, co\u017e je pravd\u011bpodobn\u011b zcela nesmysln\u00e9. Mnoh\u00e9 parametry d\u016fchodov\u00e9ho syst\u00e9mu mohou b\u00fdt po v\u00e1lce \u00fapln\u011b jin\u00e9. Kone\u010dn\u011b letos d\u00e1v\u00e1me na svou obranu povinn\u00e1 dv\u011b procenta HDP. Nen\u00ed to m\u00e1lo? \u010ceskoslovensko d\u00e1valo v&nbsp;druh\u00e9 polovin\u011b t\u0159ic\u00e1t\u00fdch let na obranu 40&nbsp;% HDP. Proto\u017ee na\u0161i minist\u0159i financ\u00ed vytrvale dv\u011b des\u00edtky let tunelovali obranu, m\u011bli bychom ten dluh rychle splatit, dlu\u017e\u00edme na\u0161\u00ed obran\u011b stovky miliard korun.<\/span><\/p>\n<\/div>\n<div class=\"f_bp speakable\" data-dot=\"mol-paragraph\">\n<p class=\"e_bp\" style=\"text-align: justify;\"><span class=\"atm-text-decorator\"><span class=\"e_ag\"><span style=\"color: #008080;\"><strong>Co pot\u0159ebujeme?<\/strong><\/span>&nbsp;<\/span>V&nbsp;Kr\u00e1lovci m\u00e1 Putin n\u011bkolik tis\u00edc raket, kter\u00e9 m\u00ed\u0159\u00ed na evropsk\u00e1 m\u011bsta. K&nbsp;n\u00e1m dolet\u00ed p\u0159ibli\u017en\u011b za 7&nbsp;minut. Nem\u016f\u017eeme spol\u00e9hat na alian\u010dn\u00ed pomoc, je to na\u0161e odpov\u011bdnost. R\u00e1d si poslechnu odborn\u00e9 argumenty, ale podle m\u00fdch znalost\u00ed okam\u017eit\u011b pot\u0159ebujeme minim\u00e1ln\u011b dv\u011b sady obrann\u00fdch syst\u00e9m\u016f Patriot. Chr\u00e1n\u00ed kruh o&nbsp;pr\u016fm\u011bru asi 200&nbsp;km, jeden pot\u0159ebujeme n\u011bkam do st\u0159edn\u00edch \u010cech, druh\u00fd n\u011bkam na Vyso\u010dinu. Pot\u0159ebujeme obrovsk\u00e9 investice do ochrany civiln\u00edho obyvatelstva. M\u011bli bychom usilovat o&nbsp;to, abychom m\u011bli kryty pro 90&nbsp;% obyvatel. O&nbsp;v\u0161ech opat\u0159en\u00edch by m\u011bla i&nbsp;v m\u00edrov\u00fdch dob\u00e1ch trvale prob\u00edhat ve\u0159ejn\u00e1 diskuse, ale na\u0161e m\u00e9dia pro to neposkytuj\u00ed \u017e\u00e1dn\u00fd prostor ani v&nbsp;t\u00e9to dob\u011b.<\/span><\/p>\n<\/div>\n<div class=\"f_bp speakable\" data-dot=\"mol-paragraph\">\n<p class=\"e_bp\" style=\"text-align: justify;\"><span class=\"atm-text-decorator\"><span style=\"color: #008080;\"><strong><span class=\"e_ag\">Co s&nbsp;bankami?<\/span><\/strong><\/span>&nbsp;Mus\u00edme p\u0159inutit banky, aby nejenom nediskriminovaly zbrojn\u00ed v\u00fdrobu a&nbsp;obchod, ale naopak aby ji podpo\u0159ily. M\u016f\u017ee se docela dob\u0159e st\u00e1t, \u017ee se nakonec uk\u00e1\u017ee, \u017ee konkr\u00e9tn\u00ed vrcholn\u00ed p\u0159edstavitel\u00e9 bank budou postaveni p\u0159ed soud za sabot\u00e1\u017e&nbsp;\u2013 v&nbsp;dob\u011b ofici\u00e1ln\u00ed v\u00fdzvy k&nbsp;dokon\u010den\u00ed p\u0159\u00edpravy na v\u00e1lku ve\u0161ker\u00e9 p\u0159\u00edpravy blokuj\u00ed. Jejich protist\u00e1tn\u00ed \u010dinnost m\u016f\u017ee znamenat obrovsk\u00e9 ztr\u00e1ty na \u017eivotech.<\/span><\/p>\n<\/div>\n<div class=\"f_bp speakable\" data-dot=\"mol-paragraph\">\n<p class=\"e_bp\" style=\"text-align: justify;\"><span class=\"atm-text-decorator\"><span style=\"color: #008080;\"><strong><span class=\"e_ag\">M\u011bli bychom zm\u011bnit \u00dastavu?<\/span><\/strong><\/span>&nbsp;Mo\u017en\u00e1, \u017ee ano. Obecn\u011b jsem nep\u0159\u00edtelem \u00fastavn\u00edch zm\u011bn, ale kdyby bylo nutn\u00e9 v&nbsp;n\u011bjak\u00e9 v\u00e1le\u010dn\u00e9 situaci, aby na na\u0161e \u00fazem\u00ed p\u0159i\u0161ly spojeneck\u00e9 jednotky, nebo dokonce kdyby jen musely p\u0159es na\u0161e \u00fazem\u00ed tranzitovat, mus\u00ed k&nbsp;tomu m\u00edt p\u0159\u00edslu\u0161n\u00fd souhlas. Jak by to prob\u00edhalo? Vl\u00e1da b\u011bhem t\u00fddne odhlasuje a&nbsp;zpracuje k&nbsp;odsouhlasen\u00ed n\u00e1vrh. Sn\u011bmovna, aby n\u00e1vrh projednala, je schopn\u00e1 svolat sch\u016fzi v&nbsp;horizontu n\u011bkolika t\u00fddn\u016f, odk\u00e1\u017ee to v\u00fdbor\u016fm, pak bude n\u00e1sledovat druh\u00e9 \u010dten\u00ed. Rozprava bude trvat n\u011bkolik dal\u0161\u00edch t\u00fddn\u016f, mus\u00edme po\u010d\u00edtat s&nbsp;rozs\u00e1hl\u00fdmi obstrukcemi destruktivn\u00edch politik\u016f. Potom p\u016fjde n\u00e1vrh do Sen\u00e1tu, ten je konstruktivn\u011bj\u0161\u00ed, za p\u00e1r t\u00fddn\u016f to m\u016f\u017ee schv\u00e1lit. Tak\u017ee po n\u011bkolika m\u011bs\u00edc\u00edch kone\u010dn\u011b p\u0159ed\u00e1me spojenc\u016fm v&nbsp;Alianci ozn\u00e1men\u00ed, \u017ee k&nbsp;n\u00e1m mohou p\u0159ijet, ale jen za podm\u00ednek, kter\u00e9 m\u016f\u017ee Parlament proti vl\u00e1dn\u00edmu n\u00e1vrhu pozm\u011bnit. A&nbsp;m\u016f\u017ee se st\u00e1t, \u017ee pr\u00e1v\u011b kv\u016fli t\u011bmto podm\u00ednk\u00e1m se n\u00e1vrh vr\u00e1t\u00ed znovu do Sn\u011bmovny nebo do Sen\u00e1tu k&nbsp;op\u011btovn\u00e9mu projedn\u00e1n\u00ed, to se pak p\u0159\u00edpadn\u00fd souhlas zase odd\u00e1l\u00ed o&nbsp;n\u011bjak\u00fd m\u011bs\u00edc. T\u011b\u017eko nyn\u00ed p\u0159edpov\u011bd\u011bt konkr\u00e9tn\u00ed situaci, ale pokud jsme schopni reagovat na rozbou\u0159enou situaci a\u017e se zpo\u017ed\u011bn\u00edm n\u011bkolika m\u011bs\u00edc\u016f, je jist\u00e9, \u017ee n\u00e1s to bude st\u00e1t v&nbsp;rychle se m\u011bn\u00edc\u00ed situaci obrovsk\u00e9 ztr\u00e1ty na \u017eivotech a&nbsp;na majetku.<\/span><\/p>\n<\/div>\n<div class=\"f_bp speakable\" data-dot=\"mol-paragraph\">\n<p class=\"e_bp\" style=\"text-align: justify;\"><span class=\"atm-text-decorator\"><span class=\"e_ag\"><span style=\"color: #008080;\"><strong>Co s&nbsp;rozd\u011blenou spole\u010dnost\u00ed?<\/strong><\/span>&nbsp;<\/span>M\u00e1me extr\u00e9mn\u011b fragmentovanou populaci. Ve Sn\u011bmovn\u011b se vede nesmi\u0159iteln\u00fd t\u0159\u00eddn\u00ed boj proti vl\u00e1d\u011b. V&nbsp;norm\u00e1ln\u00edch zem\u00edch i&nbsp;opozice respektuje, \u017ee jsou ur\u010dit\u00e9 okruhy ot\u00e1zek, ve kter\u00fdch se nesoupe\u0159\u00ed. T\u0159\u00eddn\u00ed boj se ale ani opozici nevyplat\u00ed. Na\u0161\u00edm spole\u010dn\u00fdm z\u00e1jmem pravd\u011bpodobn\u011b je, abychom toto rozd\u011blen\u00ed velmi rychle urovnali. Je to z\u00e1le\u017eitost slu\u0161nosti, etick\u00fdch princip\u016f, respektov\u00e1n\u00ed tradic. Je p\u0159ekvapiv\u00e9, \u017ee na\u0161e m\u00e9dia takov\u00e9 jedn\u00e1n\u00ed toleruj\u00ed. O\u010dek\u00e1val bych od m\u00e9di\u00ed, \u017ee vymez\u00ed hodn\u011b velk\u00fd prostor pr\u00e1v\u011b pro diskuse o&nbsp;na\u0161\u00ed bezpe\u010dnosti, o&nbsp;aplikaci etick\u00fdch z\u00e1sad v&nbsp;mezin\u00e1rodn\u00edch vztaz\u00edch, o&nbsp;p\u0159ipravenosti civiln\u00edho obyvatelstva, o&nbsp;pl\u00e1nov\u00e1n\u00ed obrany atd. Nejen parlamentn\u00edmi stranami, je t\u0159eba uspo\u0159\u00e1dat diskuse s&nbsp;m\u00edrnou nads\u00e1zkou \u0159e\u010deno ka\u017ed\u00e9ho s&nbsp;ka\u017ed\u00fdm. Pokud m\u00e9dia zvou do diskus\u00ed jen st\u00e1le stejn\u00e9 politick\u00e9 p\u0159edstavitele, podporuj\u00ed tak hlubok\u00e9 p\u0159\u00edkopy, kter\u00e9 n\u00e1s op\u011bt mohou st\u00e1t spoustu \u017eivot\u016f, pokud k&nbsp;v\u00e1lce dojde.<\/span><\/p>\n<\/div>\n<div class=\"f_bp speakable\" data-dot=\"mol-paragraph\">\n<p class=\"e_bp\" style=\"text-align: justify;\"><span class=\"atm-text-decorator\">Od Babi\u0161e a&nbsp;jeho party bych v&nbsp;aktu\u00e1ln\u00edm kontextu o\u010dek\u00e1val, \u017ee bude ti\u0161e podporovat vl\u00e1du, aby zaz\u00e1platovala d\u00edry v&nbsp;obran\u011b, kter\u00e9 vznikly p\u0159edev\u0161\u00edm v&nbsp;dob\u011b, kdy byl ministrem financ\u00ed. Alena Schillerov\u00e1 toti\u017e nikdy skute\u010dnou ministryn\u00ed financ\u00ed nebyla, d\u011blala jen to, co j\u00ed Babi\u0161 p\u0159ik\u00e1zal. Osm let tunelovali obranu, v\u011bd\u011bli, \u017ee na n\u00ed maj\u00ed d\u00e1vat 2% HDP, a&nbsp;ned\u00e1vali. Nen\u00ed o&nbsp;\u010dem diskutovat, nesou nejpodstatn\u011bj\u0161\u00ed odpov\u011bdnost za na\u0161i nep\u0159ipravenost. Proto je \u0161okuj\u00edc\u00ed, \u017ee investice do obrany kritizuj\u00ed.<\/span><\/p>\n<\/div>\n<div class=\"f_bp speakable\" data-dot=\"mol-paragraph\">\n<p class=\"e_bp\" style=\"text-align: justify;\"><span class=\"atm-text-decorator\">Podobn\u011b bych o\u010dek\u00e1val, \u017ee soudruzi, kte\u0159\u00ed vol\u00ed Babi\u0161e a&nbsp;spol., budou podporovat prezidenta republiky. Jednak je pro v\u0161echny v\u00fdhodn\u00e9, \u017ee v&nbsp;dob\u011b bezpe\u010dnostn\u00edch turbulenc\u00ed m\u00e1me za prezidenta n\u011bkoho, kdo tomu rozum\u00ed, jednak tak\u00e9 proto, \u017ee to p\u0159ece byl jejich \u010dlov\u011bk, \u017ee jim tak trochu pro\u0161lapal cestu k&nbsp;tomu, aby byli spole\u010densky akceptov\u00e1ni. Je zaj\u00edmav\u00e9, \u017ee pr\u00e1v\u011b od Babi\u0161e p\u0159ich\u00e1z\u00ed nejsiln\u011bj\u0161\u00ed kritika, zat\u00edmco od skute\u010dn\u00fdch disident\u016f n\u011bjak siln\u011b nezazn\u00edv\u00e1.<\/span><\/p>\n<\/div>\n<div class=\"f_bp speakable\" data-dot=\"mol-paragraph\">\n<p class=\"e_bp\" style=\"text-align: justify;\"><span class=\"atm-text-decorator\">To m\u016f\u017ee docela dob\u0159e znamenat, \u017ee Babi\u0161ovo hnut\u00ed bude ztr\u00e1cet podporu. P\u0159\u00ed\u0161t\u00ed sn\u011bmovn\u00ed volby toti\u017e nebudou o&nbsp;d\u016fchodov\u00e9 reform\u011b, budou sp\u00ed\u0161 o&nbsp;tom kdo povede \u010ceskou republiku v&nbsp;p\u0159\u00edpadn\u00e9 v\u00e1lce. Budou o&nbsp;tom, kdo m\u00e1 lep\u0161\u00ed kredit v&nbsp;bezpe\u010dnostn\u00edch ot\u00e1zk\u00e1ch, kdo m\u00e1 lep\u0161\u00ed pov\u011bst v&nbsp;Alianci. Budou o&nbsp;tom, kdo m\u00e1 lep\u0161\u00ed v\u00fdsledky v&nbsp;zahrani\u010dn\u00ed politice. Budou o&nbsp;tom, kdo odpov\u011bdn\u011b a&nbsp;systematicky pracuje na na\u0161\u00ed bezpe\u010dnosti.<\/span><\/p>\n<\/div>\n<div class=\"f_bp speakable\" data-dot=\"mol-paragraph\">\n<p class=\"e_bp\" style=\"text-align: justify;\"><span class=\"atm-text-decorator\">P\u0159edpokl\u00e1dal bych, \u017ee Babi\u0161 bude ti\u0161e doufat, \u017ee se pozapomene na jeho v\u00fdrok o&nbsp;tom, jak poru\u0161\u00ed alian\u010dn\u00ed z\u00e1vazky a&nbsp;nepo\u0161le voj\u00e1ky na obranu Polska, \u017ee u\u017e si nedovol\u00ed ani jedinou kritickou pozn\u00e1mku v&nbsp;oblasti bezpe\u010dnosti, \u017ee u\u017e si nedovol\u00ed ani jedinou kritickou pozn\u00e1mku na adresu n\u00e1\u010deln\u00edka gener\u00e1ln\u00edho \u0161t\u00e1bu. Babi\u0161\u016fv protialian\u010dn\u00ed v\u00fdrok nejen \u017ee mu prohr\u00e1l prezidenskou volbu, m\u016f\u017ee mu prohr\u00e1t je\u0161t\u011b i&nbsp;p\u0159\u00ed\u0161t\u00ed volby do Sn\u011bmovny. Ale on patrn\u011b ani nechce p\u0159evz\u00edt odpov\u011bdnost za obranu na\u0161\u00ed zem\u011b, v\u016fbec tomu toti\u017e nerozum\u00ed.<\/span><\/p>\n<\/div>\n<div class=\"f_bp speakable\" data-dot=\"mol-paragraph\">\n<p class=\"e_bp\" style=\"text-align: justify;\"><span class=\"atm-text-decorator\"><span style=\"color: #008080;\"><strong><span class=\"e_ag\">Co n\u00e1s \u010dek\u00e1?<\/span><\/strong><\/span>&nbsp;Vzhledem k&nbsp;vytunelovan\u00e9 obran\u011b se budeme muset hodn\u011b rychle je\u0161t\u011b v\u00edce zadlu\u017eit. Mo\u017en\u00e1 t\u00edm zachr\u00e1n\u00edme \u0159\u00e1dov\u011b v\u011bt\u0161\u00ed hodnoty. Je dost pravd\u011bpodobn\u00e9, \u017ee na\u0161e \u017eivotn\u00ed \u00farove\u0148 bude je\u0161t\u011b znovu klesat. N\u011bmecko se toti\u017e dost\u00e1v\u00e1 do opravdu kritick\u00e9 situace, zat\u00edmco Spojen\u00e9 st\u00e1ty se zbavuj\u00ed z\u00e1vislosti na \u010c\u00edn\u011b, n\u011bmeck\u00fd kancl\u00e9\u0159 Olaf Scholz byl ned\u00e1vno v&nbsp;\u010c\u00edn\u011b prohlubovat hospod\u00e1\u0159skou spolupr\u00e1ci. S&nbsp;budouc\u00edm nep\u0159\u00edtelem? Dost mo\u017en\u00e1 se t\u00edm n\u011bmeck\u00e1 krize zanedlouho je\u0161t\u011b prohloub\u00ed. A&nbsp;pochopiteln\u011b n\u00e1s to st\u00e1hne do krize tak\u00e9. Pokud se odhaduje, \u017ee v\u00e1lka m\u016f\u017ee p\u0159ij\u00edt za t\u0159i a\u017e \u010dty\u0159i roky, mo\u017en\u00e1 si do t\u00e9 doby vyzkou\u0161\u00edme je\u0161t\u011b jednu krizi zp\u016fsobenou z\u00e1vislost\u00ed na N\u011bmecku.<\/span><\/p>\n<\/div>\n<div class=\"f_bp speakable\" data-dot=\"mol-paragraph\">\n<p class=\"e_bp\" style=\"text-align: justify;\"><span class=\"atm-text-decorator\"><span class=\"e_ag\"><span style=\"color: #008080;\"><strong>Z\u00e1v\u011br.<\/strong><\/span>&nbsp;<\/span>Chystat se na \u0161\u0165astnou variantu, \u017ee v\u00e1lka snad nebude, je hloupost. To d\u011blaj\u00ed hr\u00e1\u010di hazardn\u00edch her. Mus\u00edme se p\u0159ipravovat na nejhor\u0161\u00ed variantu. D\u011blejme z\u00e1rove\u0148 v\u0161echno pro to, abychom se j\u00ed vyhnuli. Pokud by se poda\u0159ilo, \u017ee v\u00e1lka nebude, v\u0161echny lep\u0161\u00ed varianty se t\u00edm vy\u0159e\u0161\u00ed samy od sebe.<\/span><\/p>\n<\/div>\n<\/div>\n<\/div>\n<\/article>\n<\/div>\n<\/div>\n","protected":false},"excerpt":{"rendered":"<p>26.4.2024 Bude v\u00e1lka? Pro\u010d by m\u011bla b\u00fdt? Po tis\u00edcilet\u00ed plat\u00ed zku\u0161enost: Chce\u0161-li m\u00edr, p\u0159iprav se na v\u00e1lku. &nbsp; Bude v\u00e1lka?&nbsp;Proto\u017ee jsme v&nbsp;Evrop\u011b dvacet let tunelovali svou obranu, hroz\u00ed n\u00e1m v\u00e1lka&#8230;. <a class=\"read-more-button\" href=\"https:\/\/www.payne.cz\/WP15\/valka-bude\/\">\u010c\u00edst v\u00edce &gt;<\/a><\/p>\n","protected":false},"author":2,"featured_media":0,"comment_status":"closed","ping_status":"closed","sticky":false,"template":"","format":"standard","meta":{"ngg_post_thumbnail":0,"_monsterinsights_skip_tracking":false,"_monsterinsights_sitenote_active":false,"_monsterinsights_sitenote_note":"","_monsterinsights_sitenote_category":0,"footnotes":""},"categories":[3],"tags":[],"class_list":["post-2815","post","type-post","status-publish","format-standard","hentry","category-clanky"],"_links":{"self":[{"href":"https:\/\/www.payne.cz\/WP15\/wp-json\/wp\/v2\/posts\/2815","targetHints":{"allow":["GET"]}}],"collection":[{"href":"https:\/\/www.payne.cz\/WP15\/wp-json\/wp\/v2\/posts"}],"about":[{"href":"https:\/\/www.payne.cz\/WP15\/wp-json\/wp\/v2\/types\/post"}],"author":[{"embeddable":true,"href":"https:\/\/www.payne.cz\/WP15\/wp-json\/wp\/v2\/users\/2"}],"replies":[{"embeddable":true,"href":"https:\/\/www.payne.cz\/WP15\/wp-json\/wp\/v2\/comments?post=2815"}],"version-history":[{"count":3,"href":"https:\/\/www.payne.cz\/WP15\/wp-json\/wp\/v2\/posts\/2815\/revisions"}],"predecessor-version":[{"id":2818,"href":"https:\/\/www.payne.cz\/WP15\/wp-json\/wp\/v2\/posts\/2815\/revisions\/2818"}],"wp:attachment":[{"href":"https:\/\/www.payne.cz\/WP15\/wp-json\/wp\/v2\/media?parent=2815"}],"wp:term":[{"taxonomy":"category","embeddable":true,"href":"https:\/\/www.payne.cz\/WP15\/wp-json\/wp\/v2\/categories?post=2815"},{"taxonomy":"post_tag","embeddable":true,"href":"https:\/\/www.payne.cz\/WP15\/wp-json\/wp\/v2\/tags?post=2815"}],"curies":[{"name":"wp","href":"https:\/\/api.w.org\/{rel}","templated":true}]}}