{"id":281,"date":"2015-04-30T19:08:29","date_gmt":"2015-04-30T18:08:29","guid":{"rendered":"http:\/\/www.payne.cz\/WP15\/?p=281"},"modified":"2015-06-01T15:01:22","modified_gmt":"2015-06-01T14:01:22","slug":"jsme-zpatky-co-dal","status":"publish","type":"post","link":"https:\/\/www.payne.cz\/WP15\/jsme-zpatky-co-dal\/","title":{"rendered":"Jsme zp\u00e1tky, co d\u00e1l"},"content":{"rendered":"<p style=\"text-align: right;\"><span style=\"color: #008080;\">31.12.2013<\/span><\/p>\n<p style=\"text-align: justify;\"><span style=\"color: #999999;\"><em>Kdysi \u010deskou ve\u0159ejnost oslovilo heslo \u201azp\u00e1tky do Evropy\u2018. Dostali jsme se zp\u00e1tky, jen\u017ee co bude d\u00e1l. Evropsk\u00e1 integrace p\u0159in\u00e1\u0161\u00ed v\u00edce probl\u00e9m\u016f, ne\u017e kolik jich \u0159e\u0161\u00ed. To, \u017ee jsme uvnit\u0159, neznamen\u00e1, \u017ee m\u00e1me m\u00e9n\u011b starost\u00ed s vlastn\u00ed existenc\u00ed. Naopak, probl\u00e9my jsou mnohem obt\u00ed\u017en\u011bj\u0161\u00ed. Diskuse o na\u0161em \u010dlenstv\u00ed v EU nesm\u00ed ve\u0159ejn\u011b prob\u00edhat. O to d\u016fle\u017eit\u011bj\u0161\u00ed je kl\u00e1st si ot\u00e1zky, jak\u00e9 jsou na\u0161e priority uvnit\u0159 EU.<\/em> <\/span><\/p>\n<div id=\"attachment_282\" style=\"width: 246px\" class=\"wp-caption alignright\"><a href=\"http:\/\/www.payne.cz\/WP15\/wp-content\/uploads\/2015\/04\/389777_clanok_foto_525.jpg\"><img loading=\"lazy\" decoding=\"async\" aria-describedby=\"caption-attachment-282\" class=\"wp-image-282 size-medium\" src=\"http:\/\/www.payne.cz\/WP15\/wp-content\/uploads\/2015\/04\/389777_clanok_foto_525-236x300.jpg\" alt=\"389777_clanok_foto_525\" width=\"236\" height=\"300\" \/><\/a><p id=\"caption-attachment-282\" class=\"wp-caption-text\">Budovatelsk\u00e9 um\u011bn\u00ed v Bruselu na leti\u0161ti<\/p><\/div>\n<p style=\"text-align: justify;\"><strong>1. St\u0159e\u017eit svrchovanost \u010cR:<\/strong> Svrchovanost je po stalet\u00ed osv\u011bd\u010den\u00fd z\u00e1klad mezin\u00e1rodn\u00edch vztah\u016f, kter\u00fd chr\u00e1nil mal\u00e9 st\u00e1ty p\u0159ed sv\u00e9vol\u00ed velk\u00fdch. Ne dokonale, ale l\u00e9pe ne\u017e jak\u00fdkoli multilater\u00e1ln\u00ed syst\u00e9m. \u017d\u00e1dn\u00fd lep\u0161\u00ed recept neexistuje. Svrchovanost nez\u00e1visle na velikosti d\u00e1v\u00e1 ka\u017ed\u00e9mu st\u00e1tu v jak\u00e9koli v\u011bci pr\u00e1vo \u201aveto\u2018. Evropsk\u00e1 unie, aby zamaskovala sv\u00e9 ne\u0159e\u0161iteln\u00e9 struktur\u00e1ln\u00ed probl\u00e9my, svrchovanost soustavn\u011b podr\u00fdv\u00e1. Je pr\u00fd p\u0159e\u017eitkem. T\u00edm k radosti velk\u00fdch st\u00e1t\u016f podr\u00fdv\u00e1 z\u00e1klady mezin\u00e1rodn\u00edch vztah\u016f: nen\u00ed-li svrchovanost nedotknuteln\u00e1, je mo\u017en\u00e9 Srb\u016fm ukr\u00e1st kus \u00fazem\u00ed, je mo\u017en\u00e9 prov\u00e9st p\u0159evrat v Libyi \u010di obsadit \u010d\u00e1st Gruzie. EU za to nenab\u00edz\u00ed \u017e\u00e1dnou n\u00e1hradu, i uvnit\u0159 plat\u00ed pr\u00e1vo siln\u011bj\u0161\u00edho odporuj\u00edc\u00ed svrchovanosti. V mnoha p\u0159\u00edpadech m\u016f\u017ee v\u011bt\u0161ina p\u0159ehlasovat men\u0161inu, co\u017e je pop\u0159en\u00edm svrchovanosti. Evrop\u011b se to vymst\u00ed.<\/p>\n<p style=\"text-align: justify;\"><strong>2. Odstranit korupci z Bruselu:<\/strong> T\u011b\u017eko m\u016f\u017eeme bojovat s korupc\u00ed doma, kdy\u017e se k n\u00e1m tla\u010d\u00ed z Bruselu od komise, europoslanc\u016f i \u00fa\u0159edn\u00edk\u016f, kde dosahuje \u0159\u00e1dov\u011b vy\u0161\u0161\u00edch hodnot. Zat\u00edmco u n\u00e1s m\u00e1me \u0161patn\u00fd z\u00e1kon o st\u0159etu z\u00e1jm\u016f, v EU nen\u00ed \u017e\u00e1dn\u00fd. Etick\u00fd kodex bruselsk\u00fdch \u00fa\u0159edn\u00edk\u016f shov\u00edvav\u011b doporu\u010duje, \u017ee \u00faplatky by se p\u0159eci jenom rad\u011bji pokud mo\u017eno nem\u011bly br\u00e1t. Krom\u011b toho maj\u00ed euro\u00fa\u0159edn\u00edci imunitu nesrovnateln\u011b siln\u011bj\u0161\u00ed, ne\u017e t\u0159eba na\u0161i poslanci, tak\u017ee korup\u010dn\u00ed af\u00e9ry nemohou b\u00fdt vy\u0161et\u0159ov\u00e1ny.<\/p>\n<p style=\"text-align: justify;\"><strong>3. Uvolnit zahrani\u010dn\u00ed obchod:<\/strong> Svobodnou konkurenci v EU nahrazuje lobbov\u00e1n\u00ed v Bruselu. Unie ji\u017e nen\u00ed Evropsk\u00fdm spole\u010denstv\u00edm devades\u00e1t\u00fdch let, kter\u00e9 podporovalo voln\u00fd obchod. Zahrani\u010dn\u00ed obchod je v\u00fdhradn\u011b v kompetenci EU. Obchodn\u00ed kv\u00f3ty p\u0159id\u011blovan\u00e9 z Bruselu n\u00e1s omezuj\u00ed p\u0159i pronik\u00e1n\u00ed na n\u011bkter\u00e9 zahrani\u010dn\u00ed trhy. Z EU se st\u00e1v\u00e1 do sebe uzav\u0159en\u00e1 pevnost, izolovan\u00e1 od zbytku sv\u011bta. N\u011bjakou dobu si m\u016f\u017eeme hr\u00e1t na p\u00edse\u010dku vnit\u0159n\u00edho trhu, ale bez f\u00e9rov\u00e9 konkurence budeme za sv\u011btem z\u00e1konit\u011b zaost\u00e1vat. Liberalizovat se mus\u00ed i obchod zem\u011bd\u011blsk\u00fdmi komoditami: kvalifikovan\u00e1 evropsk\u00e1 populace by m\u011bla pracovat v oborech s v\u011bt\u0161\u00ed produktivitou pr\u00e1ce, ne\u017e je zem\u011bd\u011blstv\u00ed, abychom obst\u00e1li ve sv\u011btov\u00e9 konkurenci.<\/p>\n<p style=\"text-align: justify;\"><strong>4. Obnovit tr\u017en\u00ed ceny elekt\u0159iny:<\/strong> EU zavedla na produkci elekt\u0159iny selektivn\u00ed dan\u011b pl\u00e1novan\u00e9 \u00fa\u0159adem v Bruselu. Jadern\u00e1, slune\u010dn\u00ed, vodn\u00ed \u010di tepeln\u00e1 kWh podle toho, jak byla vyrobena, je jinak zda\u0148ov\u00e1na a m\u00e1 jinou cenu. V d\u016fsledku deformovan\u00fdch cen firmy a v\u011bdeck\u00e9 instituce nev\u011bd\u00ed, jak\u00e1 je skute\u010dn\u00e1 cena energie a nemohou spr\u00e1vn\u011b zam\u011b\u0159it sv\u016fj v\u00fdzkum. Proto je EU st\u00e1le m\u00e9n\u011b a m\u00e9n\u011b konkurenceschopn\u00e1 na sv\u011btov\u00fdch trz\u00edch, investice ve v\u00fdzkumu jdou do \u0161patn\u011b zam\u011b\u0159en\u00fdch projekt\u016f.<\/p>\n<p style=\"text-align: justify;\"><strong>5. Deregulovat:<\/strong> EU v d\u016fsledku p\u0159eregulace zaost\u00e1v\u00e1 za zbytkem sv\u011bta. Nap\u0159\u00edklad Braz\u00edlie p\u0159edstihuje ekonomicky Brit\u00e1nii a Francii. Podle statistik ka\u017ed\u00fdch 5 let \u010dlenstv\u00ed v EU p\u0159in\u00e1\u0161\u00ed pokles r\u016fstu HDP o jedno procento. Bez masivn\u00ed deregulace se EU odsuzuje k trval\u00e9mu poklesu \u017eivotn\u00ed \u00farovn\u011b se v\u0161emi soci\u00e1ln\u011b-politick\u00fdmi d\u016fsledky. Pyramidov\u00e9 hry s rozpo\u010dtem, kdy si \u0161patn\u00e9 banky vzaly pen\u00edze od st\u00e1t\u016f a te\u010f si \u0161patn\u00e9 st\u00e1ty berou pen\u00edze od jin\u00fdch st\u00e1t\u016f, jsou za\u010d\u00e1tkem konce. N\u00e1pady, \u017ee situaci vy\u0159e\u0161\u00ed siln\u011bj\u0161\u00ed regulace bank na evropsk\u00e9 \u00farovny jsou p\u0159edzv\u011bst\u00ed sebedestrukce.<\/p>\n<p style=\"text-align: justify;\"><strong>6. Zachovat NATO<\/strong> jako jedinou bezpe\u010dnostn\u00ed instituci: EU systematicky naru\u0161uje principy NATO. Budov\u00e1n\u00ed evropsk\u00e9 obrann\u00e9 identity zat\u011b\u017euje rozpo\u010dty \u010dlensk\u00fdch zem\u00ed, vojensk\u00e9 prost\u0159edky se zdvojuj\u00ed, p\u0159ib\u00fdv\u00e1 byrokratick\u00fdch struktur, ale skute\u010dn\u00e1 vojensk\u00e1 kapacita se sni\u017euje. T\u00edm, \u017ee EU pop\u00edr\u00e1 filosofii NATO jako aliance rovn\u00fdch, se sni\u017euje bezpe\u010dnost evropsk\u00fdch \u010dlen\u016f NATO.<\/p>\n<p style=\"text-align: justify;\"><strong>7. Nekonkurovat USA:<\/strong> Pokusy EU konkurovat Spojen\u00fdm st\u00e1t\u016fm jsou komick\u00e9 a budou ne\u00fasp\u011b\u0161n\u00e9. P\u0159\u00edkladem je nesmysln\u00fd evropsk\u00fd satelitn\u00ed syst\u00e9m. EU nebude ani v perspektiv\u011b n\u011bkolika desetilet\u00ed schopna sv\u016fj syst\u00e9m samostatn\u011b zprovoznit. \u010cR by z n\u011bj m\u011bla co nejrychleji vycouvat. M\u011bla by jej nahradit intenzivn\u00ed spolupr\u00e1ce s USA.<\/p>\n<p style=\"text-align: justify;\"><strong>8. Zru\u0161it evropsk\u00e9 dotace:<\/strong> Na syst\u00e9mu dotac\u00ed z r\u016fzn\u00fdch program\u016f se netransparentn\u011b p\u0159i\u017eivuj\u00ed tis\u00edce lid\u00ed, kte\u0159\u00ed by jinak norm\u00e1ln\u011b pracovali. Je to nedemokratick\u00fd a slo\u017eit\u00fd p\u0159erozd\u011blovac\u00ed syst\u00e9m. V p\u0159\u00edpad\u011b \u010cR se po vynalo\u017een\u00ed velk\u00e9ho \u00fasil\u00ed a se ztr\u00e1tami vrac\u00ed pen\u00edze, kter\u00e9 jsme do Bruselu museli odeslat. M\u00edsto \u0159e\u0161en\u00ed hlavn\u00edch priorit se financuj\u00ed nepot\u0159ebn\u00e9 projekty, na kter\u00e9 existuj\u00ed dotace. Obch\u00e1z\u00ed se rozpo\u010dtov\u00e1 discipl\u00edna. Ka\u017ed\u00fd projekt EU znamen\u00e1, \u017ee jedna lokalita dostane privilegovan\u00fd p\u0159\u00edsp\u011bvek \u00fakor ostatn\u00edch. Schopnost po\u017e\u00e1dat o dotaci a z\u00edskat ji je zcela nespravedliv\u00e9 krit\u00e9rium. Ka\u017ed\u00e1 dotace vytv\u00e1\u0159\u00ed korup\u010dn\u00ed potenci\u00e1l. Bez dotac\u00ed by pen\u00edze z\u016fstaly obc\u00edm. Pro n\u011bkolik rozpo\u010dtov\u00fdch subjekt\u016f by bylo jednodu\u0161\u0161\u00ed dohodnout se na sdru\u017een\u00ed prost\u0159edk\u016f a c\u00edl\u016f dosahovat spole\u010dn\u011b, ne\u017e z\u00edsk\u00e1vat pracn\u011b pen\u00edze z Bruselu. Hlavn\u011b by to bylo spravedliv\u011bj\u0161\u00ed.<\/p>\n<p style=\"text-align: justify;\"><strong>9. Odstranit demokratick\u00fd deficit:<\/strong> Zat\u00edmco v\u0161echny st\u00e1ty mus\u00ed nyn\u00ed \u0161krtat v rozpo\u010dtu, EU sv\u016fj rozpo\u010det nesni\u017euje odpov\u00eddaj\u00edc\u00edm zp\u016fsobem. To by se v demokratick\u00e9m syst\u00e9mu nikdy nestalo. Sv\u011bd\u010d\u00ed to o tom, \u017ee st\u00e1ty a ob\u010dan\u00e9 nemaj\u00ed na d\u011bn\u00ed v EU \u017e\u00e1dn\u00fd vliv. Asi budou muset Evropan\u00e9 vyrazit do ulic jako v severn\u00ed Africe. Bylo dost \u010dasu na odstran\u011bn\u00ed demokratick\u00e9ho deficitu a jestli\u017ee p\u0159etrv\u00e1v\u00e1, nen\u00ed to proto, \u017ee se kr\u00e1sn\u00e9 ide\u00e1ly intergace jaksi nepoda\u0159ilo uskute\u010dnit (stejn\u011b, jako se to tvrdilo o komunismu), ale proto, \u017ee skute\u010dn\u00e1 demokratick\u00e1 tradice m\u00e1 b\u00fdt \u00famysln\u011b nahrazena nedemokratick\u00fdm syst\u00e9mem.<\/p>\n<p style=\"text-align: justify;\"><strong>10. M\u00edt z\u00e1lo\u017en\u00ed sc\u00e9n\u00e1\u0159 pro p\u0159\u00edpad z\u00e1sadn\u00ed krize evropsk\u00e9 integrace:<\/strong> Jsou-li jak\u00e1 pozitiva integrace, v\u0161echna mohou b\u00fdt sjedn\u00e1na a dosa\u017eena na mezivl\u00e1dn\u00ed \u00farovni. Nejsou k tomu pot\u0159eba ani \u00fa\u0159edn\u00edci v Bruselu, ani bruselsk\u00fd Parlament. Ve v\u0161ech oblastech evropsk\u00e9 integrace je nutn\u00e9 v\u010das ur\u010dit, kter\u00e9 \u010d\u00e1sti mohou b\u00fdt v p\u0159\u00edpad\u011b rozpadu sou\u010dasn\u00e9 podoby ponech\u00e1ny a kter\u00e9 je t\u0159eba okam\u017eit\u011b deregulovat a ve kter\u00fdch oblastech mus\u00ed b\u00fdt sjedn\u00e1na mezivl\u00e1dn\u00ed dohoda podobn\u011b, jako jsme to d\u011blali p\u0159i d\u011blen\u00ed se Slovenskem..<\/p>\n","protected":false},"excerpt":{"rendered":"<p>31.12.2013 Kdysi \u010deskou ve\u0159ejnost oslovilo heslo \u201azp\u00e1tky do Evropy\u2018. Dostali jsme se zp\u00e1tky, jen\u017ee co bude d\u00e1l. Evropsk\u00e1 integrace p\u0159in\u00e1\u0161\u00ed v\u00edce probl\u00e9m\u016f, ne\u017e kolik jich \u0159e\u0161\u00ed. To, \u017ee jsme uvnit\u0159,&#8230; <a class=\"read-more-button\" href=\"https:\/\/www.payne.cz\/WP15\/jsme-zpatky-co-dal\/\">\u010c\u00edst v\u00edce &gt;<\/a><\/p>\n","protected":false},"author":2,"featured_media":0,"comment_status":"closed","ping_status":"closed","sticky":false,"template":"","format":"standard","meta":{"ngg_post_thumbnail":0,"_monsterinsights_skip_tracking":false,"_monsterinsights_sitenote_active":false,"_monsterinsights_sitenote_note":"","_monsterinsights_sitenote_category":0,"footnotes":""},"categories":[3,22,24,16,9],"tags":[23,12,18,5],"class_list":["post-281","post","type-post","status-publish","format-standard","hentry","category-clanky","category-eu","category-nato","category-svobodni","category-zahrpol","tag-eu","tag-nato","tag-svobodi","tag-zahrpol"],"_links":{"self":[{"href":"https:\/\/www.payne.cz\/WP15\/wp-json\/wp\/v2\/posts\/281","targetHints":{"allow":["GET"]}}],"collection":[{"href":"https:\/\/www.payne.cz\/WP15\/wp-json\/wp\/v2\/posts"}],"about":[{"href":"https:\/\/www.payne.cz\/WP15\/wp-json\/wp\/v2\/types\/post"}],"author":[{"embeddable":true,"href":"https:\/\/www.payne.cz\/WP15\/wp-json\/wp\/v2\/users\/2"}],"replies":[{"embeddable":true,"href":"https:\/\/www.payne.cz\/WP15\/wp-json\/wp\/v2\/comments?post=281"}],"version-history":[{"count":5,"href":"https:\/\/www.payne.cz\/WP15\/wp-json\/wp\/v2\/posts\/281\/revisions"}],"predecessor-version":[{"id":755,"href":"https:\/\/www.payne.cz\/WP15\/wp-json\/wp\/v2\/posts\/281\/revisions\/755"}],"wp:attachment":[{"href":"https:\/\/www.payne.cz\/WP15\/wp-json\/wp\/v2\/media?parent=281"}],"wp:term":[{"taxonomy":"category","embeddable":true,"href":"https:\/\/www.payne.cz\/WP15\/wp-json\/wp\/v2\/categories?post=281"},{"taxonomy":"post_tag","embeddable":true,"href":"https:\/\/www.payne.cz\/WP15\/wp-json\/wp\/v2\/tags?post=281"}],"curies":[{"name":"wp","href":"https:\/\/api.w.org\/{rel}","templated":true}]}}