{"id":2808,"date":"2024-05-17T16:18:39","date_gmt":"2024-05-17T15:18:39","guid":{"rendered":"https:\/\/www.payne.cz\/WP15\/?p=2808"},"modified":"2024-05-17T16:18:39","modified_gmt":"2024-05-17T15:18:39","slug":"charita-versus-solidarita","status":"publish","type":"post","link":"https:\/\/www.payne.cz\/WP15\/charita-versus-solidarita\/","title":{"rendered":"Charita versus solidarita"},"content":{"rendered":"\n<div class=\"d_gK\" style=\"text-align: right;\" data-dot=\"ogm-date-of-publication\"><span style=\"color: #008080;\"><time class=\"mol-formatted-date d_hZ d_gL\" datetime=\"2024-04-20 15:59:18\">20. 4. 2024<\/time><\/span><\/div>\n<div class=\"d_j9 _6241b6d122e5e742b990b0cc\">\n<p class=\"e_bp d_hY speakable\" style=\"text-align: center;\" data-dot=\"ogm-article-perex\"><span style=\"color: #008080;\">Solidarita se sna\u017e\u00ed vytunelovat charitu.<\/span><\/p>\n<\/div>\n<div class=\"d_j9 _6241b6de22e5e742b990b0cd\">\n<div class=\"d_f\" data-e2e=\"ogm-article-layout\">\n<article class=\"d_ij\" role=\"article\" aria-labelledby=\"accessibility-article\">\n<h6 id=\"accessibility-article\" class=\"e_q atm-headline-h6 e_g\">&nbsp;<\/h6>\n<div class=\"d_fj\" data-dot=\"ogm-article-content\">\n<div class=\"f_fk mol-rich-content--for-article\">\n<div class=\"f_bp speakable\" data-dot=\"mol-paragraph\">\n<p class=\"e_bp\" style=\"text-align: justify;\"><span class=\"atm-text-decorator\">Pozoruhodnou sou\u010d\u00e1st\u00ed politiky jsou u\u017e asi sto let lid\u00e9, kte\u0159\u00ed o&nbsp;sob\u011b tvrd\u00ed, \u017ee neomyln\u011b v\u011bd\u00ed, co je dobr\u00e9 a&nbsp;co je zl\u00e9. Dokonce to ani nejsou oby\u010dejn\u00ed lid\u00e9, jsou to nadlid\u00e9. P\u0159ed t\u00edm se to pova\u017eovalo za h\u0159\u00edch. Neomylnost je v\u017edycky \u0161patn\u00e1.<\/span><\/p>\n<\/div>\n<div class=\"f_bp speakable\" data-dot=\"mol-paragraph\">\n<p class=\"e_bp\" style=\"text-align: justify;\"><span class=\"atm-text-decorator\">Tito lid\u00e9, kdy\u017e se dostanou k&nbsp;moci, za\u010dnou sv\u00e9 dobro p\u0159ikazovat ostatn\u00edm. Nepova\u017euj\u00ed regulace, z\u00e1kony a&nbsp;na\u0159\u00edzen\u00ed za r\u00e1mec, kter\u00fd m\u00e1 vytvo\u0159it p\u0159edv\u00eddateln\u00e1 pravidla pro spole\u010dnost, pova\u017euj\u00ed je za n\u00e1stroj ke vnucov\u00e1n\u00ed sv\u00e9ho vid\u011bn\u00ed sv\u011bta druh\u00fdm. Mysl\u00ed si, \u017ee regulacemi je mo\u017en\u00e9 lidi vychov\u00e1vat.<\/span><\/p>\n<\/div>\n<div class=\"f_bp speakable\" data-dot=\"mol-paragraph\">\n<p class=\"e_bp\" style=\"text-align: justify;\"><span class=\"atm-text-decorator\">Z\u00e1rove\u0148 maj\u00ed tito nadlid\u00e9 v&nbsp;oblib\u011b slovo&nbsp;<span class=\"e_ah\">\u201esolidarita\u201c<\/span>. Poch\u00e1z\u00ed z&nbsp;latiny, kde slovo&nbsp;<span class=\"e_ah\">\u201esolidus\u201c<\/span>&nbsp;znamen\u00e1&nbsp;<span class=\"e_ah\">\u201epevn\u00fd\u201c<\/span>. Pou\u017e\u00edvalo se v&nbsp;\u0159\u00edmsk\u00fdch legi\u00edch. Aby byla legie pevn\u00e1, vyz\u00fdvali slab\u0161\u00ed kolegy, \u017ee maj\u00ed v\u00edc tr\u00e9novat a&nbsp;posilovat. Znamenalo to tedy opak toho, jak&nbsp;<span class=\"e_ah\">\u201esolidaritu\u201c<\/span>&nbsp;prosazuj\u00ed nadlid\u00e9.<\/span><\/p>\n<\/div>\n<\/div>\n<\/div>\n<p style=\"text-align: justify;\">Tis\u00edce let p\u0159ed t\u00edm lidstvo&nbsp;<span class=\"e_ah\">\u201esolidaritu\u201c<\/span>&nbsp;v&nbsp;t\u00e9to nadlidsk\u00e9 podob\u011b v\u016fbec neznalo. Zato byly roz\u0161\u00ed\u0159eny u\u0161lechtil\u00e9 vlastnosti, kter\u00fdm se \u0159\u00edkalo&nbsp;<span class=\"e_ah\">charita, milosrdenstv\u00ed, soucit, slitov\u00e1n\u00ed, l\u00e1ska k&nbsp;bli\u017en\u00edmu, dobro\u010dinnost, altruismus, nesobeckost<\/span>&nbsp;a&nbsp;tak podobn\u011b. Kdo pot\u0159ebuje podrobn\u011bj\u0161\u00ed vysv\u011btlen\u00ed, doporu\u010duji p\u0159\u00edb\u011bh (Lk 10.30-37) o&nbsp;milosrdn\u00e9m Sama\u0159anovi, kter\u00fd pomohl zran\u011bn\u00e9mu \u010dlov\u011bku poch\u00e1zej\u00edc\u00edmu z&nbsp;neobl\u00edben\u00e9ho n\u00e1roda. To v\u0161echno jsou vlastnosti, kter\u00e9 se v&nbsp;mohutn\u00e9 podob\u011b odehr\u00e1vaj\u00ed mezi lidmi. A&nbsp;to nadlidem vad\u00ed.<\/p>\n<\/article>\n<\/div>\n<p style=\"text-align: justify;\">Pro\u010d vlastn\u011b nadlid\u00e9 za\u010dali zneu\u017e\u00edvat slovo&nbsp;<span class=\"e_ah\">\u201esolidarita\u201c<\/span>? Pot\u0159ebovali n\u011bjak\u00e9 slovo, kter\u00e9 bude dostate\u010dn\u011b neosobn\u00ed, za kter\u00fdm nebude \u017e\u00e1dn\u00e1 lidskost, aby mohli proti t\u011bm osv\u011bd\u010den\u00fdm u\u0161lechtil\u00fdm vlastnostem bojovat. Nel\u00edb\u00ed se jim, \u017ee lid\u00e9 n\u011bco d\u011blaj\u00ed dobrovoln\u011b a je\u0161t\u011b k tomu si sami rozhoduj\u00ed, co pova\u017euj\u00ed za dobr\u00e9. A je\u0161t\u011b k tomu jsou \u00fasp\u011b\u0161n\u011bj\u0161\u00ed, ne\u017e politik.<\/p>\n<div class=\"d_f\" data-e2e=\"ogm-article-layout\">\n<article class=\"d_ij\" role=\"article\" aria-labelledby=\"accessibility-article\">\n<div class=\"d_fj\" data-dot=\"ogm-article-content\">\n<div class=\"f_fk mol-rich-content--for-article\">\n<div class=\"f_bp speakable\" data-dot=\"mol-paragraph\">\n<p class=\"e_bp\" style=\"text-align: justify;\"><span class=\"atm-text-decorator\">Nadlid\u00e9 klidn\u011b mohou p\u0159ij\u00edt do televize p\u0159ed kameru a&nbsp;mluvit o&nbsp;<span class=\"e_ah\">\u201epovinn\u00e9 solidarit\u011b\u201c<\/span>. Zn\u00ed to \u00fapln\u011b jinak, ne\u017e p\u0159ij\u00edt s&nbsp;t\u00edm, \u017ee p\u0159ik\u00e1\u017eou&nbsp;<span class=\"e_ah\">\u201epovinn\u00fd soucit\u201c<\/span>. Povinn\u00fd soucit se ned\u00e1 m\u011b\u0159it, zat\u00edmco na povinnou solidaritu se mohou najmout \u00fa\u0159edn\u00edci, mohou se vytvo\u0159it \u00fa\u0159ady, mohou se ps\u00e1t v\u00fdkazy a&nbsp;vypl\u0148ovat tabulky.<\/span><\/p>\n<\/div>\n<div class=\"f_bp speakable\" data-dot=\"mol-paragraph\">\n<p class=\"e_bp\" style=\"text-align: justify;\"><span class=\"atm-text-decorator\">V\u0161imli jste si, \u017ee&nbsp;<span class=\"e_ah\">soucit<\/span>&nbsp;je u&nbsp;n\u00e1s st\u00e1le je\u0161t\u011b siln\u011bj\u0161\u00ed, ne\u017e&nbsp;<span class=\"e_ah\">\u201esolidarita\u201c<\/span>? Kdysi sb\u00edrka SOS Sarajevo vybrala v\u016fbec nejv\u011bt\u0161\u00ed \u010d\u00e1stku na sv\u011bt\u011b a&nbsp;z\u00e1rove\u0148 jsme poskytli nejvy\u0161\u0161\u00ed p\u0159\u00edsp\u011bvek na jednoho ob\u010dana. Kdy\u017e jsme pom\u00e1hali lidem posti\u017een\u00fdm torn\u00e1dem, vybralo se na sb\u00edrk\u00e1ch v\u00edc, ne\u017e co jim poskytla Babi\u0161ova vl\u00e1da, kter\u00e1 se p\u0159i tom dokonce pokusila ode\u010d\u00edtat p\u0159\u00edsp\u011bvky z&nbsp;t\u00e9to charity od vl\u00e1dn\u00ed pomoci. Kdy\u017e jsme pom\u00e1hali Ukrajinc\u016fm, nejenom \u017ee se najednou probudil norm\u00e1ln\u00ed lidsk\u00fd soucit a&nbsp;pomohli jim konkr\u00e9tn\u00ed lid\u00e9 s&nbsp;ubytov\u00e1n\u00edm a&nbsp;s mnoha dal\u0161\u00edmi z\u00e1le\u017eitostmi, je\u0161t\u011b k&nbsp;tomu se vybraly neskute\u010dn\u00e9 \u010d\u00e1stky na jejich sebeobranu proti agresorovi. To je p\u0159esn\u011b to, co irituje nadlidi. Nemaj\u00ed na to vliv. Nen\u00ed tam korupce. Nemohou to regulovat. Nejsou kv\u016fli tomu uct\u00edv\u00e1ni. Proto se sna\u017e\u00ed vytunelovat&nbsp;<span class=\"e_ah\">\u201e<\/span>charitu<span class=\"e_ah\">\u201c&nbsp;<\/span>ve prosp\u011bch&nbsp;<span class=\"e_ah\">\u201esolidarity\u201c<\/span>.<\/span><\/p>\n<\/div>\n<div class=\"f_bp speakable\" data-dot=\"mol-paragraph\">\n<p class=\"e_bp\" style=\"text-align: justify;\"><span class=\"atm-text-decorator\">Pro\u017e\u00edv\u00e1me st\u0159et dvou protich\u016fdn\u00fdch koncepc\u00ed:&nbsp;<span class=\"e_ah\">\u201e<\/span>charity<span class=\"e_ah\">\u201c<\/span>&nbsp;a&nbsp;<span class=\"e_ah\">\u201esolidarity\u201c<\/span>. Zat\u00edmco&nbsp;<span class=\"e_ah\">\u201echarita\u201c<\/span>&nbsp;dosahuje v\u016fbec nejvy\u0161\u0161\u00ed efektivity, \u00fa\u010dinnost&nbsp;<span class=\"e_ah\">\u201esolidarity\u201c<\/span>&nbsp;je b\u00eddn\u00e1. A&nbsp;proto\u017ee dobro je pluralitn\u00ed, nen\u00ed jen jedno, jsou p\u0159irozen\u011b na m\u00edst\u011b pochybnosti. Co kdy\u017e se nadlid\u00e9 m\u00fdl\u00ed? Co kdy\u017e jejich dobro nen\u00ed stejn\u00e9 jako moje dobro? Kv\u016fli&nbsp;<span class=\"e_ah\">\u201epovinn\u00e9 solidarit\u011b\u201c&nbsp;<\/span>nikdy nikdo nic dobrovoln\u011b neud\u011bl\u00e1.&nbsp;<span class=\"e_ah\">\u201eSolidarita\u201c&nbsp;<\/span>ni\u010d\u00ed&nbsp;<span class=\"e_ah\">\u201echaritu\u201c<\/span>, vede k&nbsp;sobectv\u00ed. Odrazuje milosrdn\u00e9 Sama\u0159any, aby nikomu nepom\u00e1hali, v\u017edy\u0165 se o&nbsp;to p\u0159ece maj\u00ed postarat nadlid\u00e9.<\/span><\/p>\n<\/div>\n<div class=\"f_bp speakable\" data-dot=\"mol-paragraph\">\n<p class=\"e_bp\" style=\"text-align: justify;\"><span class=\"atm-text-decorator\">Evropa m\u00e1 za sebou n\u011bkolikatis\u00edciletou tradici&nbsp;<span class=\"e_ah\">\u201echarity\u201c&nbsp;<\/span>(to je tak\u00e9 latinsk\u00e9 slovo), je sou\u010d\u00e1st\u00ed toho nejlep\u0161\u00edho, co na\u0161e civilizace vytvo\u0159ila. Proti tomu stoj\u00ed prolhan\u00fd koncept&nbsp;<span class=\"e_ah\">\u201epovinn\u00e9 solidarity\u201c<\/span>. \u017d\u00e1dn\u00e1 jin\u00e1 toti\u017e nen\u00ed,&nbsp;<span class=\"e_ah\">\u201esolidarita\u201c<\/span>&nbsp;je v&nbsp;samotn\u00e9 podstat\u011b v\u017edycky povinn\u00e1. Ka\u017ed\u00e1 dobrovoln\u00e1 pomoc je&nbsp;<span class=\"e_ah\">\u201echaritou\u201c<\/span>.<\/span><\/p>\n<\/div>\n<div class=\"f_bp speakable\" data-dot=\"mol-paragraph\">\n<p class=\"e_bp\" style=\"text-align: justify;\"><span class=\"atm-text-decorator\">V\u00fdhodou&nbsp;<span class=\"e_ah\">\u201echarity\u201c<\/span>&nbsp;p\u0159ed&nbsp;<span class=\"e_ah\">\u201esolidaritou\u201c<\/span>&nbsp;je to, \u017ee dok\u00e1\u017ee situaci posuzovat v&nbsp;konkr\u00e9tn\u00edm kontextu v&nbsp;konkr\u00e9tn\u00ed historick\u00e9 situaci. Pozn\u00e1, co je dobr\u00e9 a&nbsp;co zl\u00e9 i&nbsp;bez nadlid\u00ed. Soucit p\u0159ivedl mnoh\u00e9 k&nbsp;tomu, \u017ee za v\u00e1lky pomohli v&nbsp;konkr\u00e9tn\u00ed situaci i&nbsp;n\u011bkomu t\u0159eba zran\u011bn\u00e9mu z&nbsp;\u0159ad nep\u0159\u00e1tel. Prost\u011b se \u0159\u00eddili lidskost\u00ed. Nelidsk\u00e1&nbsp;<span class=\"e_ah\">\u201esolidarita\u201c&nbsp;<\/span>nikdy nic takov\u00e9ho neud\u011bl\u00e1, p\u0159edstavte si politika, kter\u00fd vyz\u00fdv\u00e1 k&nbsp;<span class=\"e_ah\">\u201esolidarit\u011b s&nbsp;nep\u0159\u00edtelem\u201c<\/span>&nbsp;.<\/span><\/p>\n<\/div>\n<div class=\"f_bp speakable\" data-dot=\"mol-paragraph\">\n<p class=\"e_bp\" style=\"text-align: justify;\"><span class=\"atm-text-decorator\">Moc pros\u00edm, nenechme si ukr\u00e1st to nejlep\u0161\u00ed z&nbsp;na\u0161\u00ed civilizace, zachovejme si historicky osv\u011bd\u010denou pluralitn\u00ed&nbsp;<span class=\"e_ah\">\u201echaritu\u201c<\/span>.<\/span><\/p>\n<\/div>\n<\/div>\n<\/div>\n<\/article>\n<\/div>\n<\/div>\n","protected":false},"excerpt":{"rendered":"<p>20. 4. 2024 Solidarita se sna\u017e\u00ed vytunelovat charitu. &nbsp; Pozoruhodnou sou\u010d\u00e1st\u00ed politiky jsou u\u017e asi sto let lid\u00e9, kte\u0159\u00ed o&nbsp;sob\u011b tvrd\u00ed, \u017ee neomyln\u011b v\u011bd\u00ed, co je dobr\u00e9 a&nbsp;co je zl\u00e9&#8230;. <a class=\"read-more-button\" href=\"https:\/\/www.payne.cz\/WP15\/charita-versus-solidarita\/\">\u010c\u00edst v\u00edce &gt;<\/a><\/p>\n","protected":false},"author":2,"featured_media":0,"comment_status":"closed","ping_status":"closed","sticky":false,"template":"","format":"standard","meta":{"ngg_post_thumbnail":0,"_monsterinsights_skip_tracking":false,"_monsterinsights_sitenote_active":false,"_monsterinsights_sitenote_note":"","_monsterinsights_sitenote_category":0,"footnotes":""},"categories":[3],"tags":[],"class_list":["post-2808","post","type-post","status-publish","format-standard","hentry","category-clanky"],"_links":{"self":[{"href":"https:\/\/www.payne.cz\/WP15\/wp-json\/wp\/v2\/posts\/2808","targetHints":{"allow":["GET"]}}],"collection":[{"href":"https:\/\/www.payne.cz\/WP15\/wp-json\/wp\/v2\/posts"}],"about":[{"href":"https:\/\/www.payne.cz\/WP15\/wp-json\/wp\/v2\/types\/post"}],"author":[{"embeddable":true,"href":"https:\/\/www.payne.cz\/WP15\/wp-json\/wp\/v2\/users\/2"}],"replies":[{"embeddable":true,"href":"https:\/\/www.payne.cz\/WP15\/wp-json\/wp\/v2\/comments?post=2808"}],"version-history":[{"count":4,"href":"https:\/\/www.payne.cz\/WP15\/wp-json\/wp\/v2\/posts\/2808\/revisions"}],"predecessor-version":[{"id":2812,"href":"https:\/\/www.payne.cz\/WP15\/wp-json\/wp\/v2\/posts\/2808\/revisions\/2812"}],"wp:attachment":[{"href":"https:\/\/www.payne.cz\/WP15\/wp-json\/wp\/v2\/media?parent=2808"}],"wp:term":[{"taxonomy":"category","embeddable":true,"href":"https:\/\/www.payne.cz\/WP15\/wp-json\/wp\/v2\/categories?post=2808"},{"taxonomy":"post_tag","embeddable":true,"href":"https:\/\/www.payne.cz\/WP15\/wp-json\/wp\/v2\/tags?post=2808"}],"curies":[{"name":"wp","href":"https:\/\/api.w.org\/{rel}","templated":true}]}}