{"id":274,"date":"2015-04-30T19:02:21","date_gmt":"2015-04-30T18:02:21","guid":{"rendered":"http:\/\/www.payne.cz\/WP15\/?p=274"},"modified":"2015-06-01T15:03:37","modified_gmt":"2015-06-01T14:03:37","slug":"k-17-listopadu","status":"publish","type":"post","link":"https:\/\/www.payne.cz\/WP15\/k-17-listopadu\/","title":{"rendered":"K 17. listopadu"},"content":{"rendered":"<p style=\"text-align: right;\"><span style=\"color: #008080;\">17.11.2013<\/span><\/p>\n<p style=\"text-align: justify;\"><span style=\"color: #999999;\"><em>V\u00fdsledkem v\u00edce ne\u017e dvacetilet\u00e9ho v\u00fdvoje je u n\u00e1s nen\u00e1padn\u00e1 revitalizace komunistick\u00fdch praktik. Politick\u00e9 st\u0159et\u00e1v\u00e1n\u00ed nen\u00ed dialogem filosofick\u00fdch koncepc\u00ed, ale jen primitivn\u00edm bojem o moc. Politick\u00e1 mechanika moci byla za komunismu \u00fapln\u011b stejn\u00e1. Proto se c\u00edt\u00edme b\u00fdt v bezv\u00fdchodn\u00e9 situaci.<\/em><\/span><\/p>\n<p style=\"text-align: justify;\">Kdysi jsem b\u00fdval zast\u00e1ncem v\u011bt\u0161inov\u00e9ho volebn\u00edho syst\u00e9mu pro komoru, kter\u00e9 je odpov\u011bdn\u00e1 vl\u00e1da. Nyn\u00ed se ho za\u010d\u00edn\u00e1m b\u00e1t. Kdyby kter\u00e1koli z politick\u00fdch stran nyn\u00ed zastoupen\u00fdch ve Sn\u011bmovn\u011b z\u00edskala v\u011bt\u0161inu, hrozila by n\u00e1m pohroma, \u017ee by opravdu uskute\u010dnili to, co si do volebn\u00edho programu napsali. Jejich volebn\u00ed dokumenty nejsou ilustrac\u00ed z\u0159eteln\u00e9 politick\u00e9 filosofie, jsou pokusem o komunistick\u00fd p\u011btilet\u00fd pl\u00e1n zkr\u00e1cen\u00fd na \u010dty\u0159let\u00e9 volebn\u00ed obdob\u00ed.<\/p>\n<p style=\"text-align: justify;\">Nekompetentn\u00ed politikov\u00e9 nejsou n\u011bjak\u00e9 filosofick\u00e9 reflexe ani schopni. Filosofy politick\u00e9 strany postupn\u011b zlikvidovali, pokud n\u011bjak\u00e9 m\u011bli. V n\u011bkter\u00fdch stran\u00e1ch filosofii nahrazoval v\u016fdce, tak\u017ee tam v\u00e1\u017en\u00e1 ideov\u00e1 reflexe ani nemohla za\u010d\u00edt. Proto strany p\u0159edkl\u00e1daj\u00ed p\u011btilet\u00e9 pl\u00e1ny, kter\u00e9 se pak marn\u011b pokou\u0161ej\u00ed ve vl\u00e1dn\u00ed koalici splnit. Zb\u00fdv\u00e1 u\u017e jenom, aby pln\u011bn\u00ed pl\u00e1nu vyjad\u0159ovali v procentech a aby pl\u00e1n plnili na v\u00edce ne\u017e sto procent. Revitalizace komunistick\u00fdch politick\u00fdch praktik by byla dokonal\u00e1.<\/p>\n<p style=\"text-align: justify;\">Proto\u017ee volebn\u00ed n\u00e1vrhy nevych\u00e1zej\u00ed z filosofie, neum\u011bj\u00ed politikov\u00e9 d\u011blat ko<a href=\"http:\/\/www.payne.cz\/WP15\/wp-content\/uploads\/2015\/04\/378443_clanok_foto_29.jpg\"><img loading=\"lazy\" decoding=\"async\" class=\" size-full wp-image-275 alignright\" src=\"http:\/\/www.payne.cz\/WP15\/wp-content\/uploads\/2015\/04\/378443_clanok_foto_29.jpg\" alt=\"378443_clanok_foto_29\" width=\"141\" height=\"195\" \/><\/a>mpromisy. Nedok\u00e1\u017e\u00ed rozli\u0161it d\u016fle\u017eit\u00e9 od nepodstatn\u00e9ho. Maj\u00ed pouze katalog n\u00e1vrh\u016f z p\u011btilet\u00e9ho pl\u00e1nu a s t\u011bmi handluj\u00ed. Proto\u017ee politikov\u00e9 nemaj\u00ed \u017e\u00e1dnou filosofii, nekomunikuj\u00ed s ob\u010dany. T\u011b\u017eko by toti\u017e koho p\u0159esv\u011bd\u010dili, jsou nev\u011brohodn\u00ed. P\u0159iklonili se k modelu \u201avedouc\u00ed \u00falohy vl\u00e1dn\u00ed koalice\u2018. Vl\u00e1dn\u00ed programov\u00e9 prohl\u00e1\u0161en\u00ed je oprav\u0148uje podnikat kroky, se kter\u00fdmi v\u011bt\u0161ina ob\u010dan\u016f nesouhlas\u00ed. Nikdo ze zvolen\u00fdch z\u00e1stupc\u016f nec\u00edt\u00ed pot\u0159ebu h\u00e1jit z\u00e1jmy voli\u010d\u016f, nato\u017epak se jich pt\u00e1t, co si p\u0159ej\u00ed. Zastupitel\u00e9 nikoho nezastupuj\u00ed, jen sami sebe a svou politickou stranu. Na voli\u010de zapomn\u011bli.<\/p>\n<p style=\"text-align: justify;\">Proto je pro ob\u010dany jedinou p\u0159\u00edle\u017eitost\u00ed, jak do politick\u00e9ho d\u011bn\u00ed zas\u00e1hnout, pochvaln\u00e9 mru\u010den\u00ed \u010di odm\u00edtav\u00e9 hv\u00edzd\u00e1n\u00ed v dob\u011b, kdy se sjedn\u00e1v\u00e1 vl\u00e1dn\u00ed prohl\u00e1\u0161en\u00ed. Je to kr\u00e1tk\u00e1 jen n\u011bkolik t\u00fddn\u016f dlouh\u00e1 lh\u016fta, kdy v d\u016fsledku nejistoty politikov\u00e9 v nepatrn\u00e9 m\u00ed\u0159e berou ohled na to, co si ob\u010dan\u00e9 p\u0159ej\u00ed. Rozhovory o vl\u00e1dn\u00edm prohl\u00e1\u0161en\u00ed umo\u017e\u0148uj\u00ed alespo\u0148 v n\u011bjak\u00e9 m\u00ed\u0159e vy\u0161krtat z p\u011btilet\u00fdch pl\u00e1n\u016f nejv\u011bt\u0161\u00ed populistick\u00e9 hlouposti. Je to jedin\u00e1 p\u0159\u00edle\u017eitost, kde se mo\u017en\u00e1 alespo\u0148 n\u00e1znakem vede politick\u00fd dialog. Jinak v pr\u016fb\u011bhu volebn\u00edho obdob\u00ed na n\u011bj nemaj\u00ed \u010das ani m\u00e9dia, ani politikov\u00e9.<\/p>\n<p style=\"text-align: justify;\">Kdybychom zavedli v\u011bt\u0161inov\u00fd volebn\u00ed syst\u00e9m, st\u00e1t by se hroutil je\u0161t\u011b rychleji, ne\u017e tomu bylo doposud. Chyba nen\u00ed ve volebn\u00edm syst\u00e9mu, chyba je v nekompetentn\u00edch politic\u00edch zvolen\u00fdch do Sn\u011bmovny.<\/p>\n","protected":false},"excerpt":{"rendered":"<p>17.11.2013 V\u00fdsledkem v\u00edce ne\u017e dvacetilet\u00e9ho v\u00fdvoje je u n\u00e1s nen\u00e1padn\u00e1 revitalizace komunistick\u00fdch praktik. Politick\u00e9 st\u0159et\u00e1v\u00e1n\u00ed nen\u00ed dialogem filosofick\u00fdch koncepc\u00ed, ale jen primitivn\u00edm bojem o moc. Politick\u00e1 mechanika moci byla za&#8230; <a class=\"read-more-button\" href=\"https:\/\/www.payne.cz\/WP15\/k-17-listopadu\/\">\u010c\u00edst v\u00edce &gt;<\/a><\/p>\n","protected":false},"author":2,"featured_media":0,"comment_status":"closed","ping_status":"closed","sticky":false,"template":"","format":"standard","meta":{"ngg_post_thumbnail":0,"_monsterinsights_skip_tracking":false,"_monsterinsights_sitenote_active":false,"_monsterinsights_sitenote_note":"","_monsterinsights_sitenote_category":0,"footnotes":""},"categories":[3,13,16],"tags":[6,18],"class_list":["post-274","post","type-post","status-publish","format-standard","hentry","category-clanky","category-dompol","category-svobodni","tag-dompol","tag-svobodi"],"_links":{"self":[{"href":"https:\/\/www.payne.cz\/WP15\/wp-json\/wp\/v2\/posts\/274","targetHints":{"allow":["GET"]}}],"collection":[{"href":"https:\/\/www.payne.cz\/WP15\/wp-json\/wp\/v2\/posts"}],"about":[{"href":"https:\/\/www.payne.cz\/WP15\/wp-json\/wp\/v2\/types\/post"}],"author":[{"embeddable":true,"href":"https:\/\/www.payne.cz\/WP15\/wp-json\/wp\/v2\/users\/2"}],"replies":[{"embeddable":true,"href":"https:\/\/www.payne.cz\/WP15\/wp-json\/wp\/v2\/comments?post=274"}],"version-history":[{"count":2,"href":"https:\/\/www.payne.cz\/WP15\/wp-json\/wp\/v2\/posts\/274\/revisions"}],"predecessor-version":[{"id":757,"href":"https:\/\/www.payne.cz\/WP15\/wp-json\/wp\/v2\/posts\/274\/revisions\/757"}],"wp:attachment":[{"href":"https:\/\/www.payne.cz\/WP15\/wp-json\/wp\/v2\/media?parent=274"}],"wp:term":[{"taxonomy":"category","embeddable":true,"href":"https:\/\/www.payne.cz\/WP15\/wp-json\/wp\/v2\/categories?post=274"},{"taxonomy":"post_tag","embeddable":true,"href":"https:\/\/www.payne.cz\/WP15\/wp-json\/wp\/v2\/tags?post=274"}],"curies":[{"name":"wp","href":"https:\/\/api.w.org\/{rel}","templated":true}]}}