{"id":2659,"date":"2023-09-19T11:13:50","date_gmt":"2023-09-19T10:13:50","guid":{"rendered":"https:\/\/www.payne.cz\/WP15\/?p=2659"},"modified":"2023-09-19T11:13:50","modified_gmt":"2023-09-19T10:13:50","slug":"dopis-ministru-spravedlnosti","status":"publish","type":"post","link":"https:\/\/www.payne.cz\/WP15\/dopis-ministru-spravedlnosti\/","title":{"rendered":"Dopis ministru spravedlnosti"},"content":{"rendered":"\n<div class=\"d_ij a_b\" data-dot=\"ogm-date-of-publication\">\n<div class=\"d_ik d_il\" style=\"text-align: right;\" data-dot=\"ogm-date-of-publication__date\">&nbsp;<\/div>\n<\/div>\n<div class=\"d_j1 _6241b6d122e5e742b990b0cc\">\n<p style=\"text-align: right;\" data-dot=\"ogm-article-perex\"><span style=\"color: #008080;\">22.8.2023<\/span><\/p>\n<p class=\"e_bB d_hG speakable\" data-dot=\"ogm-article-perex\">Otev\u0159en\u00fd dopis s&nbsp;prosbou ministru spravedlnosti panu JUDr. Pavlu Bla\u017ekovi, Ph.D.<\/p>\n<\/div>\n<div class=\"d_j1 _6241b6de22e5e742b990b0cd\">\n<div class=\"d_f\" data-e2e=\"ogm-article-layout\">\n<article class=\"d_h0\" role=\"article\" aria-labelledby=\"accessibility-article\">\n<h6 id=\"accessibility-article\" class=\"e_n e_bp\">&nbsp;<\/h6>\n<div class=\"d_eV\" data-dot=\"ogm-article-content\">\n<div class=\"f_eW mol-rich-content--for-article\">\n<div class=\"f_bB speakable\" data-dot=\"mol-paragraph\">\n<p class=\"e_bB\"><span class=\"atm-text-decorator\"><span class=\"e_am\">V\u00e1\u017een\u00fd pan <strong>JUDr. Pavel Bla\u017eek<\/strong>, Ph.D.<\/span><br>Ministr spravedlnosti \u010cesk\u00e9 republiky<br>posta@msp.justice.cz<br>Vy\u0161ehradsk\u00e1 16<br>128 10&nbsp;Praha 2<\/span><\/p>\n<\/div>\n<div class=\"f_bB speakable\" data-dot=\"mol-paragraph\">\n<p class=\"e_bB\" style=\"text-align: right;\"><span class=\"atm-text-decorator\">V Praze 22.&nbsp;8.&nbsp;2022<\/span><\/p>\n<\/div>\n<div class=\"f_bB speakable\" data-dot=\"mol-paragraph\">\n<p class=\"e_bB\"><span class=\"atm-text-decorator\">V\u00e1\u017een\u00fd pane minist\u0159e,<\/span><\/p>\n<\/div>\n<div class=\"f_bB speakable\" data-dot=\"mol-paragraph\">\n<p class=\"e_bB\" style=\"text-align: justify;\"><span class=\"atm-text-decorator\">je pot\u011b\u0161uj\u00edc\u00ed, \u017ee svou funkci zvl\u00e1d\u00e1te tak brilantn\u011b, \u017ee se m\u016f\u017eete na p\u011bt hodin nepl\u00e1novan\u011b zdr\u017eet v&nbsp;restauraci. V\u011bt\u0161ina politik\u016f v&nbsp;exekutivn\u00edch funkc\u00edch mus\u00ed se sv\u00fdm \u010dasem zach\u00e1zet dramaticky \u00fasporn\u011bji. Jste opravdu prvn\u00edm politikem, kter\u00fd m\u00e1 dost voln\u00e9ho \u010dasu, kter\u00fd ne\u0159e\u0161\u00ed dilema, \u017ee by m\u011bl tr\u00e1vit v\u00edce \u010dasu se sv\u00fdmi bl\u00edzk\u00fdmi. P\u0159ijm\u011bte skute\u010dn\u00fd obdiv.<\/span><\/p>\n<\/div>\n<div class=\"f_bB speakable\" data-dot=\"mol-paragraph\">\n<p class=\"e_bB\" style=\"text-align: justify;\"><span class=\"atm-text-decorator\">Je jasn\u00e9, \u017ee ve sv\u00e9 funkci ministra zachov\u00e1v\u00e1te nezaujat\u00fd postoj \u201epadni komu padni\u201c. Proto se na V\u00e1s obrac\u00edm s&nbsp;podn\u011btem. Nejsem na rozd\u00edl od V\u00e1s pr\u00e1vn\u00edk, tak\u017ee berte tento dopis jako ob\u010dansk\u00fd podn\u011bt, a&nbsp;pokud byste zjistil, \u017ee je tento podn\u011bt z\u00e1va\u017en\u00fd, jist\u011b jako pr\u00e1vn\u00edk pod\u00e1te trestn\u00ed ozn\u00e1men\u00ed.<\/span><\/p>\n<\/div>\n<div class=\"f_eX\" data-dot=\"mol-self-promo\">\n<div class=\"f_g5 js-ad f_cw\">&nbsp;<\/div>\n<\/div>\n<div class=\"f_bB speakable\" data-dot=\"mol-paragraph\">\n<p class=\"e_bB\" style=\"text-align: justify;\"><span class=\"atm-text-decorator\">Podle zpr\u00e1v v&nbsp;m\u00e9di\u00edch jist\u00fd pan Martin Nejedl\u00fd, kter\u00fd nikdy v&nbsp;\u017e\u00e1dn\u00e9 funkci nepracoval jako st\u00e1tn\u00ed zam\u011bstnanec, odcestoval 25.&nbsp;11.&nbsp;2020&nbsp;do Moskvy. Ministerstvo zahrani\u010d\u00ed ani vl\u00e1da nem\u011bly p\u0159edem \u017e\u00e1dnou informaci, \u017ee se takov\u00e1 cesta chyst\u00e1, nato\u017epak \u017ee by byl ve vl\u00e1d\u011b projedn\u00e1n mand\u00e1t, o&nbsp;\u010dem tam sm\u00ed pan Nejedl\u00fd jednat. Cesta se kon\u00e1 v&nbsp;dob\u011b trv\u00e1n\u00ed nouzov\u00e9ho stavu v&nbsp;RF, tak\u017ee je k&nbsp;n\u00ed \u00fadajn\u011b pot\u0159eba zvl\u00e1\u0161tn\u00ed schv\u00e1len\u00ed m\u00edstop\u0159edsedkyn\u00ed rusk\u00e9 vl\u00e1dy Tatjanou Golikovovou. Ta z&nbsp;n\u011bjak\u00e9ho nezn\u00e1m\u00e9ho d\u016fvodu briskn\u011b schv\u00e1lila soukromou cestu oby\u010dejn\u00e9ho \u010desk\u00e9ho ob\u010dana do Ruska.<\/span><\/p>\n<\/div>\n<div class=\"f_bB speakable\" data-dot=\"mol-paragraph\">\n<p class=\"e_bB\" style=\"text-align: justify;\"><span class=\"atm-text-decorator\">Neexistuj\u00ed v\u011brohodn\u00e9 informace o&nbsp;tom, s&nbsp;k\u00fdm tam Nejedl\u00fd jednal a&nbsp;o \u010dem. U&nbsp;\u017e\u00e1dn\u00e9ho z&nbsp;jedn\u00e1n\u00ed nebyl \u017e\u00e1dn\u00fd \u010desk\u00fd diplomat. Fiktivn\u00ed z\u00e1pis po\u0159\u00eddil o&nbsp;t\u00fdden pozd\u011bji Rudolf Jindr\u00e1k, kter\u00fd u&nbsp;jedn\u00e1n\u00ed nebyl a&nbsp;o cest\u011b ani p\u0159edem nev\u011bd\u011bl, a\u010dkoli je naprosto nestandardn\u00edm zp\u016fsobem na z\u00e1klad\u011b usnesen\u00ed vl\u00e1dy odpov\u011bdn\u00fd za bilater\u00e1ln\u00ed vztahy s&nbsp;Ruskem. Jak m\u016f\u017ee zam\u011bstnanec Kancel\u00e1\u0159e prezidenta republiky po\u0159izovat z\u00e1pis o&nbsp;soukrom\u00e9 cest\u011b prost\u00e9ho ob\u010dana do zahrani\u010d\u00ed?<\/span><\/p>\n<\/div>\n<div class=\"f_bB speakable\" data-dot=\"mol-paragraph\">\n<p class=\"e_bB\" style=\"text-align: justify;\"><span class=\"atm-text-decorator\">V tomto fiktivn\u00edm z\u00e1pisu se nap\u0159\u00edklad do\u010dteme:&nbsp;<span class=\"e_an\">\u201eprezidentsk\u00e1 \u00farove\u0148 (snad je\u0161t\u011b vedle ministerstva pr\u016fmyslu a&nbsp;obchodu) je posledn\u00edm funk\u010dn\u00edm ofici\u00e1ln\u00edm komunika\u010dn\u00edm kan\u00e1lem\u201c&nbsp;<\/span>mezi Ruskem a&nbsp;\u010ceskou republikou (tehdy Karel Havl\u00ed\u010dek). V&nbsp;z\u00e1pisu se tak\u00e9 uv\u00e1d\u00ed, \u017ee Nejedl\u00fd p\u0159ijel tlumo\u010dit pozv\u00e1n\u00ed pro Putina do Prahy. Podle z\u00e1pisu&nbsp;<span class=\"e_an\">\u201erusk\u00e1 strana si pozv\u00e1n\u00ed v\u00e1\u017e\u00ed a&nbsp;bude s&nbsp;n\u00edm d\u00e1le pracovat\u201c<\/span>. Nejedl\u00fd tak\u00e9 \u00fadajn\u011b jednal i&nbsp;o n\u011bjak\u00e9 obchodn\u00ed spolupr\u00e1ci. Jak m\u016f\u017ee oby\u010dejn\u00fd ob\u010dan sjedn\u00e1vat bez v\u011bdom\u00ed vl\u00e1dy n\u00e1v\u0161t\u011bvu prezidenta v&nbsp;jin\u00e9 zemi?<\/span><\/p>\n<\/div>\n<div class=\"f_bB speakable\" data-dot=\"mol-paragraph\">\n<p class=\"e_bB\" style=\"text-align: justify;\"><span class=\"atm-text-decorator\">Ve stejn\u00e9 dob\u011b prob\u00edhaj\u00ed jedn\u00e1n\u00ed o&nbsp;dostavb\u011b Dukovan. A&nbsp;v t\u00e9\u017ee dob\u011b si Milo\u0161 Zeman vy\u017e\u00e1dal od BIS \u00fadaje o&nbsp;v\u0161ech agentech rusk\u00fdch tajn\u00fdch slu\u017eeb, o&nbsp;kter\u00fdch BIS v\u00ed, a&nbsp;detaily o&nbsp;tom, co v\u00edme o&nbsp;jejich \u010dinnosti. Ponechme stranou spekulace, \u017ee u\u017e v&nbsp;t\u00e9 dob\u011b mo\u017en\u00e1 u&nbsp;n\u011bkoho existovalo n\u011bjak\u00e9 tu\u0161en\u00ed t\u00fdkaj\u00edc\u00ed se p\u0159\u00ed\u010din v\u00fdbuchu ve Vrb\u011btic\u00edch, p\u0159esto nen\u00ed vylou\u010deno, \u017ee i&nbsp;toto mohlo b\u00fdt p\u0159edm\u011btem jedn\u00e1n\u00ed.<\/span><\/p>\n<\/div>\n<div class=\"f_bB speakable\" data-dot=\"mol-paragraph\">\n<p class=\"e_bB\" style=\"text-align: justify;\"><span class=\"atm-text-decorator\">Pan Nejedl\u00fd ov\u0161em nem\u00e1 \u017e\u00e1dnou funkci ve ve\u0159ejn\u00e9 sf\u00e9\u0159e. Podle sd\u011blen\u00ed Oblastn\u00edho inspektor\u00e1tu pro hlavn\u00ed m\u011bsto Prahu ze dne 4.&nbsp;10.&nbsp;2021&nbsp;pan&nbsp;<span class=\"e_an\">\u201eMartin Nejedl\u00fd nem\u011bl ke KPR pracovn\u011bpr\u00e1vn\u00ed ani jin\u00fd pr\u00e1vn\u00ed vztah, \u017ee tato panu Nejedl\u00e9mu nehrad\u00ed mzdu, plat, odm\u011bny a&nbsp;neposkytuje mu ani jinou \u00faplatu.\u201c<\/span><\/span><\/p>\n<\/div>\n<div class=\"f_bB speakable\" data-dot=\"mol-paragraph\">\n<p class=\"e_bB\" style=\"text-align: justify;\"><span class=\"atm-text-decorator\">Oblastn\u00ed inspektor\u00e1t \u00fasm\u011bvn\u00fdm zp\u016fsobem dovozuje, \u017ee se nejedn\u00e1 o&nbsp;neleg\u00e1ln\u00ed pr\u00e1ci podle \u00a7 5&nbsp;p\u00edsm. e) bod 1&nbsp;z\u00e1kona o&nbsp;zam\u011bstnanosti. Kl\u00ed\u010dov\u00fd pojem&nbsp;<span class=\"e_an\">\u201ez\u00e1visl\u00e1 pr\u00e1ce\u201c<\/span>&nbsp;vykl\u00e1d\u00e1 s&nbsp;odvol\u00e1n\u00edm na \u00a7 2&nbsp;odst. 1&nbsp;z\u00e1kon\u00edku pr\u00e1ce:&nbsp;<span class=\"e_an\">\u201eZ\u00e1vislou prac\u00ed je pr\u00e1ce, kter\u00e1 je vykon\u00e1v\u00e1na ve vztahu nad\u0159\u00edzenosti zam\u011bstnavatele a&nbsp;pod\u0159\u00edzenosti zam\u011bstnance, jm\u00e9nem zam\u011bstnavatele, podle pokyn\u016f zam\u011bstnavatele a&nbsp;zam\u011bstnanec ji pro zam\u011bstnavatele vykon\u00e1v\u00e1 osobn\u011b.\u201c<\/span>&nbsp;Pak by ov\u0161em mnohalet\u00e1 spolupr\u00e1ce pana Nejedl\u00e9ho mohla b\u00fdt vykl\u00e1d\u00e1na opa\u010dn\u011b: pan Nejedl\u00fd byl nad\u0159\u00edzen\u00fdm Milo\u0161e Zemana a&nbsp;byl mo\u017en\u00e1 placen n\u011bk\u00fdm jin\u00fdm.<\/span><\/p>\n<\/div>\n<div class=\"f_bB speakable\" data-dot=\"mol-paragraph\">\n<p class=\"e_bB\" style=\"text-align: justify;\"><span class=\"atm-text-decorator\">Oblastn\u00ed inspektor\u00e1t se d\u00e1le odvol\u00e1v\u00e1 na rozsudek Nejvy\u0161\u0161\u00edho spr\u00e1vn\u00edho soudu \u010d. j. 6Ads46\/2013-35&nbsp;ze dne 13.2.2014, podle kter\u00e9ho se nem\u00e1 zam\u011b\u0148ovat pojem z\u00e1visl\u00e1 pr\u00e1ce s&nbsp;<span class=\"e_an\">\u201eup\u0159\u00edmnou mezilidskou v\u00fdpomoc\u00ed, a\u0165 ji\u017e v&nbsp;podob\u011b \u00fasluhy bl\u00edzk\u00e9mu \u010dlov\u011bku \u010di nezi\u0161tn\u00e9 laskavosti\u201c.<\/span>To by znamenalo, \u017ee pan Nejedl\u00fd mus\u00ed b\u00fdt nesm\u00edrn\u011b laskav\u00fd \u010dlov\u011bk, kdy\u017e mnoho let poskytoval takovou v\u00fdpomoc.<\/span><\/p>\n<\/div>\n<div class=\"f_bB speakable\" data-dot=\"mol-paragraph\">\n<p class=\"e_bB\" style=\"text-align: justify;\"><span class=\"atm-text-decorator\">Oblastn\u00ed inspektor\u00e1t rozeb\u00edr\u00e1 podrobnosti:&nbsp;<span class=\"e_an\">\u201eZam\u011bstnanec vykon\u00e1v\u00e1 pr\u00e1ci podle zam\u011bstnavatelov\u00fdch pokyn\u016f&nbsp;\u2013 jestli\u017ee by plnil zad\u00e1n\u00ed samostatn\u011b a&nbsp;druh\u00e1 strana by nebyla opr\u00e1vn\u011bna mu pr\u016fb\u011b\u017en\u011b zad\u00e1vat jednotliv\u00e9 \u00fakoly a&nbsp;kontrolovat pln\u011bn\u00ed\u201c,<\/span>&nbsp;pak by se nejednalo o&nbsp;z\u00e1vislou pr\u00e1ci. Dal\u0161\u00ed ot\u00e1zkou, kterou Oblastn\u00ed inspektor\u00e1t \u0159e\u0161il, je to, zda zam\u011bstnanec jedn\u00e1 jm\u00e9nem zam\u011bstnavatele. To je pochopiteln\u00e9. Tak\u017ee aby bylo jasn\u00e9, \u017ee pan Nejedl\u00fd nebyl v&nbsp;postaven\u00ed \u010dlov\u011bka vykon\u00e1vaj\u00edc\u00edho&nbsp;<span class=\"e_an\">\u201ez\u00e1vislou pr\u00e1ci\u201c<\/span>, nesm\u00ed nastat situace, \u017ee by jednal jm\u00e9nem zam\u011bstnavatele. Oba argumenty maj\u00ed rovn\u011b\u017e \u00fasm\u011bvn\u00e9 vysv\u011btlen\u00ed, \u017ee vztah byl p\u0159esn\u011b opa\u010dn\u00fd, \u017ee skute\u010dn\u00fdm nad\u0159\u00edzen\u00fdm byl pan Nejedl\u00fd.<\/span><\/p>\n<\/div>\n<div class=\"f_bB speakable\" data-dot=\"mol-paragraph\">\n<p class=\"e_bB\" style=\"text-align: justify;\"><span class=\"atm-text-decorator\">Ze sd\u011blen\u00ed Oblastn\u00edho inspektor\u00e1tu tak\u00e9 vypl\u00fdv\u00e1, \u017ee zm\u00edn\u011bnou cestu do Moskvy Hrad neplatil, \u017ee tedy \u0161lo o&nbsp;ryze soukromou cestu. Pokud by se toti\u017e jednalo o&nbsp;slu\u017eebn\u00ed vysl\u00e1n\u00ed na zahrani\u010dn\u00ed cestu, mus\u00ed zam\u011bstnavatel podle platn\u00fdch p\u0159edpis\u016f poskytnout zam\u011bstnanci diety na cel\u00fd pobyt, mus\u00ed uhradit cestovn\u00e9 a&nbsp;ubytov\u00e1n\u00ed. Pokud se tedy nejednalo o&nbsp;slu\u017eebn\u00ed cestu, pak nemohl Martin Nejedl\u00fd jednat jm\u00e9nem prezidenta republiky.<\/span><\/p>\n<\/div>\n<div class=\"f_bB speakable\" data-dot=\"mol-paragraph\">\n<p class=\"e_bB\" style=\"text-align: justify;\"><span class=\"atm-text-decorator\">Neexistuje ani \u017e\u00e1dn\u00e9 pov\u011b\u0159en\u00ed od prezidenta Zemana k&nbsp;takov\u00e9 cest\u011b. Hrad tvrd\u00ed, \u017ee pov\u011b\u0159en\u00ed bylo jen \u00fastn\u00ed. Nejedl\u00fd je sice na internetu KPR uveden na seznamu poradc\u016f, co\u017e ale nem\u00e1 \u017e\u00e1dnou ani pr\u00e1vn\u00ed, ani politickou v\u00e1hu. KPR explicitn\u011b vylou\u010dila existenci jak\u00e9koli smlouvy.<\/span><\/p>\n<\/div>\n<div class=\"f_bB speakable\" data-dot=\"mol-paragraph\">\n<p class=\"e_bB\" style=\"text-align: justify;\"><span class=\"atm-text-decorator\">Takov\u00e1 cesta, pokud p\u0159i n\u00ed pan Nejedl\u00fd jednal jm\u00e9nem prezidenta, se naprosto vymkla parlamentn\u00ed kontrole. To je ale z\u00e1kladn\u00e1 \u00fastavn\u00ed princip na\u0161\u00ed demokracie&nbsp;\u2013 v\u0161echno, co vykon\u00e1v\u00e1 v\u00fdkonn\u00e1 moc, mus\u00ed b\u00fdt pod pravomocnou kontrolou Parlamentu. Je to tedy poru\u0161en\u00ed z\u00e1kladn\u00edch princip\u016f \u010desk\u00e9 \u00fastavnosti ve v\u011bci nejvy\u0161\u0161\u00ed st\u00e1tn\u00ed d\u016fle\u017eitosti&nbsp;\u2013 je naru\u0161ena \u00fastavn\u00ed rovnov\u00e1ha moci.<\/span><\/p>\n<\/div>\n<div class=\"f_bB speakable\" data-dot=\"mol-paragraph\">\n<p class=\"e_bB\" style=\"text-align: justify;\"><span class=\"atm-text-decorator\">Prezident sice podle \u010dl. 63&nbsp;odst. 1&nbsp;\u00dastavy zastupuje st\u00e1t navenek, av\u0161ak podle odstavce 3) k&nbsp;tomu pot\u0159ebuje kontrasignaci p\u0159edsedy vl\u00e1dy. To se samoz\u0159ejm\u011b vztahuje i&nbsp;na mand\u00e1t jednat o&nbsp;vz\u00e1jemn\u00fdch vztaz\u00edch. Mand\u00e1t k&nbsp;jedn\u00e1n\u00ed o&nbsp;vz\u00e1jemn\u00fdch vztaz\u00edch by musel b\u00fdt p\u0159edem schv\u00e1len vl\u00e1dou. Proto bez mand\u00e1tu vl\u00e1dy nem\u016f\u017ee prezident nikoho pov\u011b\u0159it zastupov\u00e1n\u00edm st\u00e1tu navenek. Ostatn\u011b potvrzuje to p\u0159\u00edpad pana Jindr\u00e1ka, kter\u00fd p\u0159evzal kompetence ministerstva zahrani\u010d\u00ed na z\u00e1klad\u011b usnesen\u00ed vl\u00e1dy.<\/span><\/p>\n<\/div>\n<div class=\"f_bB speakable\" data-dot=\"mol-paragraph\">\n<p class=\"e_bB\" style=\"text-align: justify;\"><span class=\"atm-text-decorator\">Nejedl\u00fd o&nbsp;sv\u00e9 cest\u011b v&nbsp;m\u00e9di\u00edch p\u0159ed odletem prohl\u00e1sil:&nbsp;<span class=\"e_an\">\u201eJako poradce prezidenta republiky m\u00e1m mand\u00e1t jednat se sv\u00fdm prot\u011bj\u0161kem o&nbsp;budouc\u00edch vztaz\u00edch a&nbsp;vz\u00e1jemn\u00fdch n\u00e1v\u0161t\u011bv\u00e1ch. Jedn\u00e1 se o&nbsp;prezidentskou agendu, v\u010detn\u011b p\u0159\u00edpravy setk\u00e1n\u00ed obou prezident\u016f. Budu jednat s&nbsp;p\u0159edstaviteli administrativy prezidenta Rusk\u00e9 federace.\u201c<\/span>&nbsp;Prezidentsk\u00e1 agenda, \u010dasov\u00fd program prezidenta a&nbsp;pl\u00e1nov\u00e1n\u00ed jeho programu do budoucna, pat\u0159\u00ed v&nbsp;ka\u017ed\u00e9 zemi k&nbsp;utajovan\u00fdm skute\u010dnostem. P\u0159ed\u010dasn\u00e9 vyzrazen\u00ed prezidentsk\u00e9 agendy by mohlo ohrozit jak samotn\u00e9 jedn\u00e1n\u00ed, tak i&nbsp;osoby. V&nbsp;\u017e\u00e1dn\u00e9m p\u0159\u00edpad\u011b se nesm\u00ed o&nbsp;takto citliv\u00fdch skute\u010dnostech dozv\u011bd\u011bt oby\u010dejn\u00fd kolemjdouc\u00ed ob\u010dan, nato\u017epak aby o&nbsp;nich bez \u0159\u00e1dn\u00e9ho mand\u00e1tu a&nbsp;projedn\u00e1n\u00ed ve vl\u00e1d\u011b kdokoli jednal s&nbsp;k\u00fdmkoli v&nbsp;zahrani\u010d\u00ed jm\u00e9nem republiky a&nbsp;dokonce by takov\u00fdm jedn\u00e1n\u00edm v&nbsp;\u017e\u00e1dn\u00e9m p\u0159\u00edpad\u011b nem\u011bla b\u00fdt pov\u011b\u0159ena osoba bez n\u00e1le\u017eit\u00e9 bezpe\u010dnostn\u00ed prov\u011brky. O&nbsp;cest\u011b prokazateln\u011b nev\u011bd\u011bl ani \u010desk\u00fd velvyslanec V\u00edt\u011bzslav Pivo\u0148ka, bez n\u011bho\u017e se podle logicky od\u016fvodniteln\u00fdch pravidel pr\u00e1ce ministerstva zahrani\u010d\u00ed nesm\u00ed jak\u00e1koli p\u0159\u00edprava setk\u00e1n\u00ed a&nbsp;jedn\u00e1n\u00ed uskute\u010dnit. O&nbsp;tom, \u017ee sv\u00fdm jedn\u00e1n\u00edm ohro\u017euje \u00fastavn\u00ed z\u0159\u00edzen\u00ed a&nbsp;bezpe\u010dnost \u010cesk\u00e9 republiky, pan Martin Nejedl\u00fd zcela jist\u011b musel v\u011bd\u011bt p\u0159inejmen\u0161\u00edm z&nbsp;m\u00e9di\u00ed. Jde tedy naprosto jist\u00e9, \u017ee \u0161lo o&nbsp;\u00famysln\u00e9 jedn\u00e1n\u00ed. Musel si b\u00fdt v\u011bdom, \u017ee kdy\u017e nebyl vysl\u00e1n na \u0159\u00e1dnou zahrani\u010dn\u00ed cestu, nesm\u00ed ani n\u00e1znakem jednat jm\u00e9nem prezidenta.<\/span><\/p>\n<\/div>\n<div class=\"f_bB speakable\" data-dot=\"mol-paragraph\">\n<p class=\"e_bB\" style=\"text-align: justify;\"><span class=\"atm-text-decorator\">Vzhledem k&nbsp;tomu, \u017ee pan Nejedl\u00fd nezve\u0159ejnil, s&nbsp;k\u00fdm jednal, o&nbsp;\u010dem jednal, pr\u016fb\u011bh jedn\u00e1n\u00ed a&nbsp;nepostaral se o&nbsp;to, aby z\u00e1pis provedl \u0159\u00e1dn\u00fd velvyslanec v&nbsp;Moskv\u011b, do\u0161lo k&nbsp;po\u0161kozen\u00ed \u00fastavn\u00edho z\u0159\u00edzen\u00ed \u010cesk\u00e9 republiky. I&nbsp;v m\u00e9di\u00edch koluj\u00ed domn\u011bnky, \u017ee mohl po\u0161kodit bezpe\u010dnostn\u00ed z\u00e1jmy \u010di obranyschopnost \u010cesk\u00e9 republiky.<\/span><\/p>\n<\/div>\n<div class=\"f_bB speakable\" data-dot=\"mol-paragraph\">\n<p class=\"e_bB\" style=\"text-align: justify;\"><span class=\"atm-text-decorator\">Z toho d\u016fvodu se domn\u00edv\u00e1m, \u017ee se t\u00edmto jedn\u00e1n\u00edm se mohl pan Nejedl\u00fd dopustit z\u00e1va\u017en\u00e9ho trestn\u00e9ho \u010dinu podle \u00a7 315&nbsp;odst. 2&nbsp;zneu\u017eit\u00ed zastupov\u00e1n\u00ed st\u00e1tu a&nbsp;mezin\u00e1rodn\u00ed organizace, kter\u00fd zn\u00ed:&nbsp;<span class=\"e_an\">\u201e<\/span>(2)<span class=\"e_an\">&nbsp;Stejn\u011b bude potrest\u00e1n, kdo v&nbsp;takov\u00e9m \u00famyslu p\u0159edst\u00edr\u00e1, \u017ee je pov\u011b\u0159enou osobou a&nbsp;vstoup\u00ed v&nbsp;jedn\u00e1n\u00ed o&nbsp;d\u016fle\u017eit\u00e9 z\u00e1le\u017eitosti \u010cesk\u00e9 republiky nebo mezin\u00e1rodn\u00ed organizace, jej\u00ed\u017e je \u010cesk\u00e1 republika \u010dlenem, s&nbsp;osobou, kter\u00e1 zastupuje z\u00e1jmy ciz\u00ed moci.\u201c<\/span><\/span><\/p>\n<\/div>\n<div class=\"f_bB speakable\" data-dot=\"mol-paragraph\">\n<p class=\"e_bB\" style=\"text-align: justify;\"><span class=\"atm-text-decorator\">Samoz\u0159ejm\u011b m\u00e1m jako ob\u010dan pouze informace dostupn\u00e9 z&nbsp;ve\u0159ejn\u00fdch zdroj\u016f a&nbsp;proto je nutn\u00e9 nechat pro\u0161et\u0159it p\u0159\u00edslu\u0161n\u00fdmi org\u00e1ny, k&nbsp;jak\u00fdm jedn\u00e1n\u00edm do\u0161lo, co bylo vyjedn\u00e1no, kdo cestu platil, jak je mo\u017en\u00e9, \u017ee st\u00e1tn\u00ed zam\u011bstnanec sepisuje z\u00e1pis z&nbsp;jedn\u00e1n\u00ed, u&nbsp;kter\u00e9ho nebyl p\u0159\u00edtomen, p\u0159\u00edpadn\u011b zda jedn\u00e1n\u00ed neprob\u011bhlo v&nbsp;r\u00e1mci organizovan\u00e9 skupiny (odstavec 3&nbsp;p\u00edsm. b) \u010di zda se na n\u011bm nepod\u00edleli alespo\u0148 \u010d\u00e1ste\u010dn\u011b jin\u00e9 osoby.<\/span><\/p>\n<\/div>\n<div class=\"f_bB speakable\" data-dot=\"mol-paragraph\">\n<p class=\"e_bB\" style=\"text-align: justify;\"><span class=\"atm-text-decorator\">V\u00e1\u017een\u00fd pane minist\u0159e, nejsem pr\u00e1vn\u00edk, tak\u017ee V\u00e1s chci t\u00edmto po\u017e\u00e1dat, abyste spr\u00e1vn\u011b zformuloval trestn\u00ed ozn\u00e1men\u00ed a&nbsp;abyste jej podal a&nbsp;nechal kauzu pro\u0161et\u0159it. St\u00e1le douf\u00e1m ve Va\u0161\u00ed nezaujatost, spravedlnost mus\u00ed p\u0159ece platit pro v\u0161echny stejn\u011b, na tom se jist\u011b shodneme. A&nbsp;v dob\u011b zv\u00fd\u0161en\u00fdch bezpe\u010dnostn\u00edch rizik cel\u00e9 Evropy je nutn\u00e9 v\u011bnovat pozornost ka\u017ed\u00e9mu p\u0159\u00edpadu, kter\u00fd mohl p\u0159edstavovat n\u011bjak\u00e9 riziko. I&nbsp;kdyby se uk\u00e1zalo, \u017ee existuj\u00ed doklady, kter\u00e9 toto podez\u0159en\u00ed vyvracej\u00ed, jist\u011b je d\u016fle\u017eit\u00e9, aby v\u011bc byla \u0159\u00e1dn\u011b pro\u0161et\u0159ena a&nbsp;aby byly napraveny chyby ve zp\u016fsobech pr\u00e1ce, aby v&nbsp;budoucnosti nemohla podobn\u00e1 podez\u0159en\u00ed \u010di rizika vzniknout.<\/span><\/p>\n<\/div>\n<div class=\"f_bB speakable\" data-dot=\"mol-paragraph\">\n<p class=\"e_bB\" style=\"text-align: justify;\"><span class=\"atm-text-decorator\">Ka\u017edop\u00e1dn\u011b o\u010dek\u00e1v\u00e1m Va\u0161\u00ed odpov\u011b\u010f a&nbsp;vysv\u011btlen\u00ed, pokud jsem n\u011bkde nepochopil spr\u00e1vn\u011b na\u0161e pr\u00e1vn\u00ed p\u0159edpisy.<\/span><\/p>\n<\/div>\n<div class=\"f_bB speakable\" data-dot=\"mol-paragraph\">\n<p class=\"e_bB\"><span class=\"atm-text-decorator\">S pozdravem<\/span><\/p>\n<\/div>\n<div class=\"f_bB speakable\" data-dot=\"mol-paragraph\">\n<p class=\"e_bB\"><span class=\"atm-text-decorator\">Ji\u0159\u00ed Payne<\/span><\/p>\n<\/div>\n<\/div>\n<\/div>\n<\/article>\n<\/div>\n<\/div>\n","protected":false},"excerpt":{"rendered":"<p>&nbsp; 22.8.2023 Otev\u0159en\u00fd dopis s&nbsp;prosbou ministru spravedlnosti panu JUDr. Pavlu Bla\u017ekovi, Ph.D. &nbsp; V\u00e1\u017een\u00fd pan JUDr. Pavel Bla\u017eek, Ph.D.Ministr spravedlnosti \u010cesk\u00e9 republikyposta@msp.justice.czVy\u0161ehradsk\u00e1 16128 10&nbsp;Praha 2 V Praze 22.&nbsp;8.&nbsp;2022 V\u00e1\u017een\u00fd pane&#8230; <a class=\"read-more-button\" href=\"https:\/\/www.payne.cz\/WP15\/dopis-ministru-spravedlnosti\/\">\u010c\u00edst v\u00edce &gt;<\/a><\/p>\n","protected":false},"author":2,"featured_media":0,"comment_status":"closed","ping_status":"closed","sticky":false,"template":"","format":"standard","meta":{"ngg_post_thumbnail":0,"_monsterinsights_skip_tracking":false,"_monsterinsights_sitenote_active":false,"_monsterinsights_sitenote_note":"","_monsterinsights_sitenote_category":0,"footnotes":""},"categories":[3],"tags":[],"class_list":["post-2659","post","type-post","status-publish","format-standard","hentry","category-clanky"],"_links":{"self":[{"href":"https:\/\/www.payne.cz\/WP15\/wp-json\/wp\/v2\/posts\/2659","targetHints":{"allow":["GET"]}}],"collection":[{"href":"https:\/\/www.payne.cz\/WP15\/wp-json\/wp\/v2\/posts"}],"about":[{"href":"https:\/\/www.payne.cz\/WP15\/wp-json\/wp\/v2\/types\/post"}],"author":[{"embeddable":true,"href":"https:\/\/www.payne.cz\/WP15\/wp-json\/wp\/v2\/users\/2"}],"replies":[{"embeddable":true,"href":"https:\/\/www.payne.cz\/WP15\/wp-json\/wp\/v2\/comments?post=2659"}],"version-history":[{"count":2,"href":"https:\/\/www.payne.cz\/WP15\/wp-json\/wp\/v2\/posts\/2659\/revisions"}],"predecessor-version":[{"id":2661,"href":"https:\/\/www.payne.cz\/WP15\/wp-json\/wp\/v2\/posts\/2659\/revisions\/2661"}],"wp:attachment":[{"href":"https:\/\/www.payne.cz\/WP15\/wp-json\/wp\/v2\/media?parent=2659"}],"wp:term":[{"taxonomy":"category","embeddable":true,"href":"https:\/\/www.payne.cz\/WP15\/wp-json\/wp\/v2\/categories?post=2659"},{"taxonomy":"post_tag","embeddable":true,"href":"https:\/\/www.payne.cz\/WP15\/wp-json\/wp\/v2\/tags?post=2659"}],"curies":[{"name":"wp","href":"https:\/\/api.w.org\/{rel}","templated":true}]}}