{"id":2652,"date":"2023-08-22T14:45:36","date_gmt":"2023-08-22T13:45:36","guid":{"rendered":"https:\/\/www.payne.cz\/WP15\/?p=2652"},"modified":"2023-08-22T14:45:36","modified_gmt":"2023-08-22T13:45:36","slug":"spravedlnost-je-podminkou-demokracie","status":"publish","type":"post","link":"https:\/\/www.payne.cz\/WP15\/spravedlnost-je-podminkou-demokracie\/","title":{"rendered":"Spravedlnost je podm\u00ednkou demokracie"},"content":{"rendered":"\n<p style=\"text-align: right;\"><span style=\"color: #008080;\">19. 8. 2023<\/span><\/p>\n<p style=\"text-align: justify;\"><em><span style=\"color: #008080;\">P\u0159em\u00fd\u0161lejme v souvislosti s nejmenov\u00e1n\u00edm soudce Roberta Fremra k \u00dastavn\u00edmu soudu a v souvislosti s prob\u00edhaj\u00edc\u00ed diskus\u00ed o ministru spravedlnosti Pavlu Bla\u017ekovi o spravedlnosti u n\u00e1s.<\/span><\/em><\/p>\n\n\n\n<div class=\"f_bw speakable\" data-dot=\"mol-paragraph\">\n<p class=\"e_bw\" style=\"text-align: justify;\"><span class=\"atm-text-decorator\">Na \u010desk\u00e9m justi\u010dn\u00edm syst\u00e9mu je pozoruhodn\u00e9, \u017ee ban\u00e1ln\u00ed trestn\u00ed kauzy politicky exponovan\u00fdch osob trvaj\u00ed \u0159\u00e1dov\u011b deset let. D\u00e9lka projedn\u00e1v\u00e1n\u00ed je skute\u010dn\u011b neobvykl\u00e1. Mohlo by to dokonce vypadat, \u017ee to je \u201ekomplot\u201c, \u017ee soudy a&nbsp;vy\u0161et\u0159ov\u00e1n\u00ed n\u011bkdo ovliv\u0148uje. V\u00fdsledky ov\u0161em nenazna\u010duj\u00ed, \u017ee by to bylo ke \u0161kod\u011b obvin\u011bn\u00fdch. Naopak, jedn\u00e1n\u00ed trv\u00e1 d\u00e9le, ne\u017e je obvykl\u00e9, a&nbsp;kon\u010d\u00ed sp\u00ed\u0161 do ztracena. M\u00e1me nez\u00e1vislou justici? V&nbsp;podsv\u011bt\u00ed se traduje:&nbsp;<span class=\"e_an\"><span class=\"e_am\">\u201ePro\u010d bych si m\u011bl platit drah\u00e9ho advok\u00e1ta, kdy\u017e si m\u016f\u017eu koupit levn\u00e9ho soudce.\u201c<\/span><\/span><\/span><\/p>\n<\/div>\n<div class=\"f_bw speakable\" data-dot=\"mol-paragraph\">\n<p class=\"e_bw\" style=\"text-align: justify;\"><span class=\"atm-text-decorator\">David Rath byl v&nbsp;roce 2012&nbsp;zadr\u017een p\u0159i \u010dinu za korupci. V\u00fdkon trestu nastoupil a\u017e v&nbsp;roce 2019.&nbsp;\u010c\u00e1st trestu vykon\u00e1val jako v\u011bze\u0148sk\u00fd l\u00e9ka\u0159. V&nbsp;lednu roku 2022&nbsp;byl propu\u0161t\u011bn na svobodu.<\/span><\/p>\n<\/div>\n<div class=\"f_bw speakable\" data-dot=\"mol-paragraph\">\n<p class=\"e_bw\" style=\"text-align: justify;\"><span class=\"atm-text-decorator\">Miliard\u00e1\u0159 Roman Janou\u0161ek (alias Lord Voldemort) zp\u016fsobil \u00famysln\u00e9 zran\u011bn\u00ed p\u0159i \u0159\u00edzen\u00ed v&nbsp;opilosti, byl obvin\u011bn z&nbsp;pokusu o&nbsp;vra\u017edu, ale bylo to p\u0159ekvalifikov\u00e1no na ubl\u00ed\u017een\u00ed na zdrav\u00ed, nakonec mu byl ud\u011blen trest 4,5&nbsp;roku. V&nbsp;roce 2014&nbsp;do v\u00fdkonu trestu nastoupil, p\u0159ibli\u017en\u011b po roce byl ze zdravotn\u00edch d\u016fvod\u016f propu\u0161t\u011bn. M\u00e9dia n\u00e1sledn\u011b zjistila, \u017ee jezd\u00ed na kole, nav\u0161t\u011bvuje galerii, vyskytuje se na plov\u00e1rn\u011b \u010di na ly\u017e\u00edch v&nbsp;Rakousku. Pod tlakem m\u00e9di\u00ed op\u011bt nastoupil v\u00fdkon trestu v&nbsp;l\u00e9t\u011b 2021, ale opakovan\u011b \u017e\u00e1d\u00e1 o&nbsp;podm\u00edn\u011bn\u00e9 propu\u0161t\u011bn\u00ed a&nbsp;prominut\u00ed zbytku trestu. P\u016fvabn\u00e1 n\u00e1hoda: V&nbsp;pr\u016fb\u011bhu kauzy odvolac\u00ed soud zru\u0161il rozhodnut\u00ed obvodn\u00edho soudu, proto\u017ee konstatoval v\u00e1\u017en\u00e9 chyby v&nbsp;\u0159\u00edzen\u00ed. Ten soudce, kter\u00fd ud\u011blal nejsp\u00ed\u0161 ban\u00e1ln\u00ed chybu ve prosp\u011bch obvin\u011bn\u00e9ho, se toti\u017e jmenuje Lubom\u00edr Janou\u0161ek.<\/span><\/p>\n<\/div>\n<div class=\"f_eS\" data-dot=\"mol-self-promo\">\n<div class=\"f_g1 js-ad f_cr\">&nbsp;<\/div>\n<\/div>\n<div class=\"f_bw speakable\" data-dot=\"mol-paragraph\">\n<p class=\"e_bw\" style=\"text-align: justify;\"><span class=\"atm-text-decorator\">\u010cap\u00ed hn\u00edzdo, podle reklamy&nbsp;<span class=\"e_an\">\u201em\u00edsto, kter\u00e9 v\u00e1s uchv\u00e1t\u00ed\u201c&nbsp;<\/span>(obrat pou\u017e\u00edvan\u00fd mezi mafi\u00e1ny)<span class=\"e_an\">,<\/span>&nbsp;a&nbsp;dota\u010dn\u00ed kauza z&nbsp;roku 2008.&nbsp;V&nbsp;roce 2014&nbsp;pouk\u00e1zal Finan\u010dn\u00ed \u00fa\u0159ad v&nbsp;Sasku na podez\u0159en\u00ed, \u017ee v&nbsp;\u010dap\u00edm hn\u00edzd\u011b do\u0161lo da\u0148ov\u00e9mu \u00faniku. Kauzu v&nbsp;m\u00e9di\u00edch na dom\u00e1c\u00ed sc\u00e9n\u011b otev\u0159el s\u00e1m Babi\u0161 t\u00edm, \u017ee o&nbsp;\u010cap\u00edm hn\u00edzd\u011b ve Sn\u011bmovn\u011b v&nbsp;roce 2016&nbsp;lhal. P\u016fvodn\u011b bylo vzneseno obvin\u011bn\u00ed z&nbsp;dota\u010dn\u00edho podvodu a&nbsp;ze zlo\u010dinn\u00e9ho spol\u010den\u00ed proti 11&nbsp;osob\u00e1m. P\u0159es to, \u017ee st\u00e1tn\u00ed zastupitelstv\u00ed v&nbsp;roce 2019&nbsp;vy\u0161et\u0159ov\u00e1n\u00ed dokonce zastavilo, nep\u0159\u00edli\u0161 transparentn\u00ed \u00fasil\u00ed st\u00e1tn\u00edho \u017ealobce nakonec p\u0159ece jen shrom\u00e1\u017edilo pom\u011brn\u011b v\u00fdmluvn\u00e9 d\u016fkazy, ov\u0161em u\u017e jenom na dva obvin\u011bn\u00e9. V&nbsp;roce 2016&nbsp;v\u0161ak eurokomisa\u0159ka Jourov\u00e1 v&nbsp;rozporu s&nbsp;unijn\u00edmi p\u0159edpisy v&nbsp;rozhlase p\u0159ekvapiv\u011b prohl\u00e1sila, \u017ee dotace byla zcela v&nbsp;po\u0159\u00e1dku. V&nbsp;roce 2017&nbsp;rozhodl o&nbsp;dota\u010dn\u00ed kauze org\u00e1n EU OLAF, ale zpr\u00e1va u&nbsp;n\u00e1s nebyla zve\u0159ejn\u011bna. Objevily se informace, \u017ee se ve zpr\u00e1v\u011b \u00fadajn\u011b konstatuje, \u017ee byly poru\u0161eny pr\u00e1vn\u00ed p\u0159edpisy a&nbsp;\u017ee v&nbsp;\u017e\u00e1dosti o&nbsp;dotaci byly uvedeny nepravdiv\u00e9 informace (co\u017e je podstata trestn\u00e9ho \u010dinu dota\u010dn\u00edho podvodu). V&nbsp;roce 2018&nbsp;po \u00faniku informac\u00ed byla zve\u0159ejn\u011bna pouze \u010d\u00e1st zpr\u00e1vy. Teprve kdy\u017e bylo ministerstvo financ\u00ed (ANO) za\u017ealov\u00e1no u&nbsp;soudu, muselo na z\u00e1klad\u011b soudn\u00edho v\u00fdroku celou zpr\u00e1vu zve\u0159ejnit. Uk\u00e1zalo se tak\u00e9, \u017ee \u201e\u010dap\u00ed hn\u00edzdo\u201c dokonce v&nbsp;pr\u016fb\u011bhu vy\u0161et\u0159ov\u00e1n\u00ed dostalo na z\u00e1klad\u011b \u017e\u00e1dosti podan\u00e9 vlastn\u00edkem Babi\u0161em dal\u0161\u00ed neopr\u00e1vn\u011bn\u00e9 dotace za 107&nbsp;tis\u00edc, kter\u00e9 pak muselo vr\u00e1tit.<\/span><\/p>\n<\/div>\n<div class=\"f_bw speakable\" data-dot=\"mol-paragraph\">\n<p class=\"e_bw\" style=\"text-align: justify;\"><span class=\"atm-text-decorator\">Nez\u00e1vislost soud\u016f se nem\u011b\u0159\u00ed statisticky t\u00edm, kolik procent p\u0159\u00edpad\u016f soudy p\u0159ijateln\u011b vy\u0159e\u0161ily. Oper\u00e1tor logick\u00e9 \u201anegace\u2018 toti\u017e znamen\u00e1, \u017ee kdy\u017e se najde t\u0159eba jen jeden jedin\u00fd p\u0159\u00edpad, kdy bylo vy\u0161et\u0159ov\u00e1n\u00ed ovlivn\u011bno \u010di soud rozhodl pod vlivem jin\u00fdch okolnost\u00ed, ne\u017e kter\u00e9 byly projedn\u00e1ny u&nbsp;soudu, pak pr\u00e1vn\u00edm st\u00e1tem nejsme.<\/span><\/p>\n<\/div>\n<div class=\"f_bw speakable\" data-dot=\"mol-paragraph\">\n<p class=\"e_bw\" style=\"text-align: justify;\"><span class=\"atm-text-decorator\">V t\u00e9to souvislosti se slu\u0161\u00ed tak\u00e9 zm\u00ednit p\u0159\u00edpad justi\u010dn\u00ed mafie, p\u0159\u00edpad policejn\u00ed mafie (Berdych\u016fv gang), p\u0159\u00edpad pr\u00e1vnick\u00e9 fakulty Z\u00e1pado\u010desk\u00e9 univerzity rozd\u00e1vaj\u00edc\u00ed diplomy mafi\u00e1nsk\u00e9mu dorostu, zkorumpovan\u00e9 p\u0159ij\u00edma\u010dky na pr\u00e1vnickou fakultu Univerzity Karlovy, za co\u017e nebyl nikdo potrest\u00e1n, nepovolen\u00e9 odposlechy a&nbsp;podivn\u00e9 \u00faniky p\u0159epis\u016f. Nesm\u00edme zapomenout na to, jak v&nbsp;p\u0159\u00edpad\u011b kauzy \u201eMosteck\u00e1 uheln\u00e1\u201c rozhodly soudy ve \u0160v\u00fdcarsku, zat\u00edmco u&nbsp;n\u00e1s se z\u00e1le\u017eitost dostal k&nbsp;projedn\u00e1n\u00ed a\u017e o&nbsp;p\u011bt let pozd\u011bji. V&nbsp;podobn\u00fdch souvislostech selh\u00e1n\u00ed byla zmi\u0148ov\u00e1na jm\u00e9na vrchn\u00edho soudce Zde\u0148ka Sov\u00e1ka, soudce pra\u017esk\u00e9ho krajsk\u00e9ho soudu Vladim\u00edra Sommera, soudce pra\u017esk\u00e9ho vrchn\u00edho soudu Ivana Elischera, mladoboleslavsk\u00e9ho soudce Pavla Nagye (\u00fadajn\u011b nep\u0159\u00ed\u010detn\u00fd?), soudc\u016f obvodn\u00edho soudu v&nbsp;Praze Ji\u0159\u00edho Hork\u00e9ho a&nbsp;Ond\u0159eje Havl\u00edna, soudce Krajsk\u00e9ho soudu v&nbsp;Brn\u011b Karla Knaifla. V&nbsp;mnoha z&nbsp;t\u011bchto p\u0159\u00edpad\u016f se soudc\u016f v\u00fdrazn\u011b zastaly k\u00e1rn\u00e9 sen\u00e1ty.<\/span><\/p>\n<\/div>\n<div class=\"f_bw speakable\" data-dot=\"mol-paragraph\">\n<p class=\"e_bw\" style=\"text-align: justify;\"><span class=\"atm-text-decorator\">Nelze tak\u00e9 nep\u0159ipomenout vyd\u00e1n\u00ed katarsk\u00e9ho prince obvin\u011bn\u00e9ho ze zneu\u017e\u00edvan\u00ed \u010desk\u00fdch \u0161kola\u010dek. Objevily se i&nbsp;zpr\u00e1vy, \u017ee vedouc\u00ed kancel\u00e1\u0159e prezidenta republiky se sch\u00e1zel s&nbsp;konkr\u00e9tn\u00edm soudcem a&nbsp;nab\u00e1dal jej, jak m\u00e1 v&nbsp;jist\u00e9 v\u011bci rozhodnout. Milost ud\u011blen\u00e1 odsouzen\u00e9mu pracovn\u00edkovi kancel\u00e1\u0159e Milo\u0161i Bal\u00e1kovi u\u017e celkov\u00fd dojem nespravedlnosti jenom korunuje.<\/span><\/p>\n<\/div>\n<div class=\"f_bw speakable\" data-dot=\"mol-paragraph\">\n<p class=\"e_bw\" style=\"text-align: justify;\"><span class=\"atm-text-decorator\">Po t\u0159iceti letech je z\u0159ejm\u00e9, \u017ee soudn\u00ed moc u&nbsp;n\u00e1s nen\u00ed schopna sama sebe reformovat. \u010cesk\u00e1 justice je pod siln\u011bj\u0161\u00edm vlivem vl\u00e1dy, ne\u017e je tomu v&nbsp;Polsku, a&nbsp;mnoh\u00e9 nasv\u011bd\u010duje, \u017ee v&nbsp;n\u011bkter\u00fdch p\u0159\u00edpadech jsou i&nbsp;pod vlivem velmi specifick\u00fdch organizovan\u00fdch skupin. V&nbsp;justici st\u00e1le p\u016fsob\u00ed soudci, kte\u0159\u00ed na objedn\u00e1vku komunist\u016f soudili politick\u00e9 kauzy v&nbsp;minul\u00e9m re\u017eimu (s\u00e1m jsem byl jako zpravodaj VONSU sv\u011bdkem, jak byl na chodb\u011b soudu samosoudce instruov\u00e1n). Nejhor\u0161\u00edm, co by se mohlo st\u00e1t, by bylo pos\u00edlen\u00ed pravomoc\u00ed soudn\u00ed samospr\u00e1vy.<\/span><\/p>\n<\/div>\n<div class=\"f_bw speakable\" data-dot=\"mol-paragraph\">\n<p class=\"e_bw\" style=\"text-align: justify;\"><span class=\"atm-text-decorator\">Zat\u00edmco Pol\u00e1ci se ji\u017e pustili do reformy soudn\u00ed moci, mo\u017en\u00e1 ne\u0161ikovn\u011b, \u010cesk\u00e1 republika je\u0161t\u011b neza\u010dala. A\u017e budeme m\u00edt dobrou silnou vl\u00e1du, bude i&nbsp;v na\u0161em p\u0159\u00edpad\u011b nutn\u00e9 postupovat do zna\u010dn\u00e9 m\u00edry obdobn\u011b: vl\u00e1da si bude muset na \u010das k&nbsp;sob\u011b st\u00e1hnout pravomoci, zejm\u00e9na person\u00e1ln\u00ed, prov\u00e9st z\u00e1sadn\u00ed soudn\u00ed reformu, a&nbsp;pak vr\u00e1tit kompetence soudn\u00ed moci. A&nbsp;p\u0159i tom se bude muset podobn\u011b jako Polsko br\u00e1nit opat\u0159en\u00edm EU, kter\u00e1 svou politikou a\u017e p\u0159\u00edli\u0161 \u010dasto podporuje \u201estar\u00e9 struktury\u201c v&nbsp;\u010dlensk\u00fdch st\u00e1tech. Augi\u00e1\u0161\u016fv chl\u00edv ale pro H\u00e9rakla tak\u00e9 nebyl snadn\u00fdm \u00fakolem.<\/span><\/p>\n<\/div>\n","protected":false},"excerpt":{"rendered":"<p>19. 8. 2023 P\u0159em\u00fd\u0161lejme v souvislosti s nejmenov\u00e1n\u00edm soudce Roberta Fremra k \u00dastavn\u00edmu soudu a v souvislosti s prob\u00edhaj\u00edc\u00ed diskus\u00ed o ministru spravedlnosti Pavlu Bla\u017ekovi o spravedlnosti u n\u00e1s. Na&#8230; <a class=\"read-more-button\" href=\"https:\/\/www.payne.cz\/WP15\/spravedlnost-je-podminkou-demokracie\/\">\u010c\u00edst v\u00edce &gt;<\/a><\/p>\n","protected":false},"author":2,"featured_media":0,"comment_status":"closed","ping_status":"closed","sticky":false,"template":"","format":"standard","meta":{"ngg_post_thumbnail":0,"_monsterinsights_skip_tracking":false,"_monsterinsights_sitenote_active":false,"_monsterinsights_sitenote_note":"","_monsterinsights_sitenote_category":0,"footnotes":""},"categories":[3],"tags":[],"class_list":["post-2652","post","type-post","status-publish","format-standard","hentry","category-clanky"],"_links":{"self":[{"href":"https:\/\/www.payne.cz\/WP15\/wp-json\/wp\/v2\/posts\/2652","targetHints":{"allow":["GET"]}}],"collection":[{"href":"https:\/\/www.payne.cz\/WP15\/wp-json\/wp\/v2\/posts"}],"about":[{"href":"https:\/\/www.payne.cz\/WP15\/wp-json\/wp\/v2\/types\/post"}],"author":[{"embeddable":true,"href":"https:\/\/www.payne.cz\/WP15\/wp-json\/wp\/v2\/users\/2"}],"replies":[{"embeddable":true,"href":"https:\/\/www.payne.cz\/WP15\/wp-json\/wp\/v2\/comments?post=2652"}],"version-history":[{"count":2,"href":"https:\/\/www.payne.cz\/WP15\/wp-json\/wp\/v2\/posts\/2652\/revisions"}],"predecessor-version":[{"id":2654,"href":"https:\/\/www.payne.cz\/WP15\/wp-json\/wp\/v2\/posts\/2652\/revisions\/2654"}],"wp:attachment":[{"href":"https:\/\/www.payne.cz\/WP15\/wp-json\/wp\/v2\/media?parent=2652"}],"wp:term":[{"taxonomy":"category","embeddable":true,"href":"https:\/\/www.payne.cz\/WP15\/wp-json\/wp\/v2\/categories?post=2652"},{"taxonomy":"post_tag","embeddable":true,"href":"https:\/\/www.payne.cz\/WP15\/wp-json\/wp\/v2\/tags?post=2652"}],"curies":[{"name":"wp","href":"https:\/\/api.w.org\/{rel}","templated":true}]}}