{"id":2645,"date":"2023-08-22T14:38:17","date_gmt":"2023-08-22T13:38:17","guid":{"rendered":"https:\/\/www.payne.cz\/WP15\/?p=2645"},"modified":"2023-08-22T14:38:17","modified_gmt":"2023-08-22T13:38:17","slug":"pane-ministre-je-to-ostuda","status":"publish","type":"post","link":"https:\/\/www.payne.cz\/WP15\/pane-ministre-je-to-ostuda\/","title":{"rendered":"Pane minist\u0159e: Je to ostuda"},"content":{"rendered":"\n<div class=\"art-info\" style=\"text-align: right;\"><span class=\"time\" style=\"color: #008080;\"><span class=\"time-date\">15. 06. 2023<\/span><\/span><\/div>\n<div>&nbsp;<\/div>\n<pre class=\"opener\" style=\"text-align: justify;\"><em><span style=\"color: #008080;\">Ministr V\u00edt Raku\u0161an si pochvaluje Dohodu o evropsk\u00fdch pravidlech o spole\u010dn\u00e9 migra\u010dn\u00ed politice. Zkusme se zamyslet, zda n\u00e1m bude p\u0159evr\u00e1cen\u00e1 solidarita fungovat.<\/span><\/em><\/pre>\n<div>&nbsp;<\/div>\n<div id=\"art-text\" class=\"text\">\n<p style=\"text-align: justify;\">Ministr V\u00edt Raku\u0161an si pochvaluje Dohodu o evropsk\u00fdch pravidlech o spole\u010dn\u00e9 migra\u010dn\u00ed politice. Up\u0159\u00edmn\u011b \u0159e\u010deno, argumenty, kter\u00e9 k n\u00ed opozice ve Sn\u011bmovn\u011b uvedla, jsou p\u0159ihloupl\u00e9. Opozice t\u00edm jenom dokazuje, \u017ee nedisponuje lep\u0161\u00edmi kvalitami, ne\u017e jak\u00e9 m\u00e1 sou\u010dasn\u00e1 vl\u00e1da.&nbsp;<\/p>\n<p style=\"text-align: justify;\">\u00dast\u0159edn\u00edm pojmem cel\u00e9 dohody je SOLIDARITA, slovo, kter\u00fdm v posledn\u00edm desetilet\u00ed h\u00fd\u0159\u00ed jak m\u00e9dia, tak politikov\u00e9. Je to term\u00edn, kter\u00fd m\u00e1 starou historii \u2013 slovo \u201esolidus\u201c \u2013 pevn\u00fd (srv. \u010desk\u00e9 \u201esolidn\u00ed\u201c) pou\u017e\u00edvali ji\u017e \u0158\u00edman\u00e9, zejm\u00e9na legion\u00e1\u0159i. Proto\u017ee cht\u011bli, aby byla legie \u201esolidn\u00ed\u201c, tedy pevn\u00e1, po\u017eadovali, aby slab\u0161\u00ed legion\u00e1\u0159i v\u00edce cvi\u010dili a v\u00edce se sna\u017eili. Solid\u00e1rn\u00ed tedy byli ti slab\u0161\u00ed s t\u011bmi siln\u011bj\u0161\u00edmi, t\u00edm bylo zaji\u0161t\u011bno, \u017ee legie jako celek fungovala. Je tedy nab\u00edledni, \u017ee latinsk\u00e9 slovo zneu\u017e\u00edv\u00e1me ve zcela opa\u010dn\u00e9m smyslu. Zkusme se zamyslet, zda n\u00e1m bude p\u0159evr\u00e1cen\u00e1 solidarita fungovat.<\/p>\n<ol>\n<li style=\"text-align: justify;\">Zneu\u017eit\u00e1 solidarita, kter\u00e1 pova\u017euje za spr\u00e1vn\u00e9, aby siln\u011bj\u0161\u00ed zpomalili a podporovali slab\u0161\u00ed, z\u00e1konit\u011b povede k oslabov\u00e1n\u00ed celku. Vytv\u00e1\u0159\u00ed syst\u00e9m, ve kter\u00e9m automaticky ti slab\u0161\u00ed (v tomto p\u0159\u00edpad\u011b st\u00e1ty s v\u011bt\u0161\u00edm migra\u010dn\u00edm tlakem) oslab\u00ed sv\u00e9 sna\u017een\u00ed br\u00e1nit vn\u011bj\u0161\u00ed hranice, proto\u017ee na n\u011b dopadne jen jedna dvaceti sedmina z\u00e1t\u011b\u017ee oproti st\u00e1vaj\u00edc\u00edmu stavu. M\u00edsto, aby migranty vraceli, prost\u011b je po\u0161lou d\u00e1l. Zat\u00edmco n\u011bkter\u00e9 st\u00e1ty ji\u017e sv\u00e9 hranice zadr\u00e1tovaly, jin\u00e9 st\u00e1ty jsou v ochran\u011b hranic velice laxn\u00ed.<\/li>\n<li style=\"text-align: justify;\">EU, kter\u00e1 iniciovala nep\u0159\u00edli\u0161 dobr\u00fd Schengensk\u00fd syst\u00e9m, nese za fungov\u00e1n\u00ed syst\u00e9mu voln\u00e9ho pohybu plnou odpov\u011bdnost. Bu\u010f je povinnost\u00ed Unie zajistit fungov\u00e1n\u00ed Schengenu jako celku z vlastn\u00edch prost\u0159edk\u016f, nebo mus\u00ed zah\u00e1jit debatu o jeho revizi. Existuj\u00ed mnohem efektivn\u011bj\u0161\u00ed mo\u017enosti, jak umo\u017enit voln\u00fd pohyb, bohu\u017eel na\u0161e m\u00e9dia zcela vynechala jakoukoli diskusi o Schengensk\u00e9m syst\u00e9mu, kdy\u017e jsme do n\u011bj vstupovali. \u010cesk\u00e9 ve\u0159ejnosti m\u00e9dia st\u00e1le dlu\u017e\u00ed omluvu a n\u00e1pravu sv\u00e9ho selh\u00e1n\u00ed. Podstatou Raku\u0161anovy dohody je dal\u0161\u00ed kan\u00e1l, kter\u00fdm bude EU vys\u00e1vat pen\u00edze z \u010dlensk\u00fdch st\u00e1t\u016f, tak\u017ee st\u00e1ty zaplat\u00ed to, co je povinnost\u00ed provozovatele Schengenu, tedy EU. N\u011bco takov\u00e9ho by se v \u017e\u00e1dn\u00e9 zemi nep\u0159ijalo, regiony by se vzbou\u0159ily proti takov\u00e9mu toku pen\u011bz a nov\u00fdm povinnostem, jejich pr\u00e1va jsou chr\u00e1n\u011bna \u00fastavn\u00edmi z\u00e1kony. Probl\u00e9m EU spo\u010d\u00edv\u00e1 v tom, \u017ee od sam\u00e9ho po\u010d\u00e1tku funguje na principu \u00famysln\u00e9ho demokratick\u00e9ho deficitu a po des\u00edtk\u00e1ch let je z\u0159ejm\u00e9, \u017ee s t\u00edm nehodl\u00e1 nic d\u011blat. Je to princip kolektivn\u00ed neodpov\u011bdnosti a p\u0159en\u00e1\u0161en\u00ed odpov\u011bdnosti celku na \u010dlensk\u00e9 st\u00e1ty.<\/li>\n<\/ol>\n<p style=\"text-align: justify;\">Je jist\u00e9, \u017ee schv\u00e1len\u00ed Raku\u0161anovy dohody povede k je\u0161t\u011b hor\u0161\u00edmu fungov\u00e1n\u00ed Evropsk\u00e9 unie. V\u016fbec nen\u00ed do\u0159e\u0161eno, jak se bude aklimatizovat nap\u0159\u00edklad migrant z Afriky ve Finsku. Neexistuje odhad, o kolik bude distribuce migrant\u016f dra\u017e\u0161\u00ed, ne\u017e jejich \u201eodbaven\u00ed\u201c v zem\u00edch, kter\u00e9 s nimi maj\u00ed zku\u0161enosti. Zat\u00edmco my si snadn\u011bji porad\u00edme s uprchl\u00edky z Ukrajiny, Francie si snadn\u011bji porad\u00ed s migranty ze sv\u00fdch b\u00fdval\u00fdch koloni\u00ed. N\u011bkter\u00e9 st\u00e1ty budou muset vy\u0161kolit tis\u00edce tlumo\u010dn\u00edk\u016f, budou muset vynalo\u017eit vysok\u00e9 n\u00e1klady na v\u00fduku Afri\u010dan\u016f \u010di Afg\u00e1nc\u016f, jak \u017e\u00edt nap\u0159\u00edklad za pol\u00e1rn\u00edm kruhem. Po\u010det migrant\u016f pravd\u011bpodobn\u011b poroste i v d\u016fsledku t\u00e9to Dohody. Krom\u011b toho je pravd\u011bpodobn\u00e9, \u017ee bude do zna\u010dn\u00e9 m\u00edry redukov\u00e1n Schengensk\u00fd syst\u00e9m. Hrani\u010dn\u00ed kontroly, jak je zn\u00e1me nap\u0159\u00edklad z ned\u00e1vn\u00e9 doby na slovensk\u00fdch hranic\u00edch, budou kv\u016fli voln\u00e9mu pohybu migrant\u016f mnohem \u010dast\u011bj\u0161\u00ed, mo\u017en\u00e1 trval\u00e9. Kdy\u017e to pon\u011bkud zjednodu\u0161\u00edme, Raku\u0161an\u016fv n\u00e1vrh ob\u011btuje voln\u00fd pohyb Evropan\u016f ve prosp\u011bch voln\u00e9ho pohybu migrant\u016f.<\/p>\n<p style=\"text-align: justify;\">Z biologie v\u00edme, \u017ee kdy\u017e se v t\u011ble vyskytne infekce, pokou\u0161\u00ed se ji uzav\u0159\u00edt v omezen\u00e9 \u010d\u00e1sti t\u011bla a nepustit ji do cel\u00e9ho organismu. Raku\u0161an\u016fv n\u00e1vrh sm\u011b\u0159uje k roz\u0161\u00ed\u0159en\u00ed infekce do cel\u00e9ho t\u011bla.<\/p>\n<p style=\"text-align: justify;\">K reform\u011b migra\u010dn\u00edch pravidel Evropsk\u00e9 unie ministr vnitra V\u00edt Raku\u0161an \u0159ekl:&nbsp;<em>\u201eNen\u00ed ostuda, \u017ee \u010desk\u00e1 vl\u00e1da pat\u0159\u00ed ke st\u00e1t\u016fm, kter\u00e9 solidaritu uzn\u00e1vaj\u00ed.\u201c<\/em>&nbsp;Zcela jist\u011b je ostudou, \u017ee ministr nep\u0159em\u00fd\u0161l\u00ed o syst\u00e9mu jako celku, \u017ee \u017eongluje s pojmem solidarita, ani\u017e by p\u0159iznal, jak\u00e9 to m\u00e1 d\u016fsledky. St\u00e1le toti\u017e plat\u00ed tot\u00e9\u017e, co objevili u\u017e p\u0159ed v\u00edce ne\u017e dv\u011bma tis\u00edci lety \u0158\u00edman\u00e9:&nbsp;<u>aby byl celek pevn\u00fd, mus\u00ed b\u00fdt slab\u0161\u00ed solid\u00e1rn\u00ed s t\u011bmi siln\u011bj\u0161\u00edmi<\/u>. To nevylu\u010duje dobrovolnou pomoc t\u011bch siln\u011bj\u0161\u00edch t\u011bm slab\u0161\u00edm, ka\u017ed\u00fd \u0159\u00edmsk\u00fd voj\u00e1k nesl v\u00fdstroj o v\u00e1ze mnoha des\u00edtek kilogram\u016f, a kdy\u017e bylo pot\u0159eba, navz\u00e1jem si dobrovoln\u011b pom\u00e1hali. Jen\u017ee to je syst\u00e9m p\u0159esn\u011b opa\u010dn\u00fd, ne\u017e jak\u00fd pan ministr Raku\u0161an odsouhlasil.<\/p>\n<\/div>\n<p>&nbsp;<\/p>\n","protected":false},"excerpt":{"rendered":"<p>15. 06. 2023 &nbsp; Ministr V\u00edt Raku\u0161an si pochvaluje Dohodu o evropsk\u00fdch pravidlech o spole\u010dn\u00e9 migra\u010dn\u00ed politice. Zkusme se zamyslet, zda n\u00e1m bude p\u0159evr\u00e1cen\u00e1 solidarita fungovat. &nbsp; Ministr V\u00edt Raku\u0161an&#8230; <a class=\"read-more-button\" href=\"https:\/\/www.payne.cz\/WP15\/pane-ministre-je-to-ostuda\/\">\u010c\u00edst v\u00edce &gt;<\/a><\/p>\n","protected":false},"author":2,"featured_media":0,"comment_status":"closed","ping_status":"closed","sticky":false,"template":"","format":"standard","meta":{"ngg_post_thumbnail":0,"_monsterinsights_skip_tracking":false,"_monsterinsights_sitenote_active":false,"_monsterinsights_sitenote_note":"","_monsterinsights_sitenote_category":0,"footnotes":""},"categories":[3],"tags":[],"class_list":["post-2645","post","type-post","status-publish","format-standard","hentry","category-clanky"],"_links":{"self":[{"href":"https:\/\/www.payne.cz\/WP15\/wp-json\/wp\/v2\/posts\/2645","targetHints":{"allow":["GET"]}}],"collection":[{"href":"https:\/\/www.payne.cz\/WP15\/wp-json\/wp\/v2\/posts"}],"about":[{"href":"https:\/\/www.payne.cz\/WP15\/wp-json\/wp\/v2\/types\/post"}],"author":[{"embeddable":true,"href":"https:\/\/www.payne.cz\/WP15\/wp-json\/wp\/v2\/users\/2"}],"replies":[{"embeddable":true,"href":"https:\/\/www.payne.cz\/WP15\/wp-json\/wp\/v2\/comments?post=2645"}],"version-history":[{"count":4,"href":"https:\/\/www.payne.cz\/WP15\/wp-json\/wp\/v2\/posts\/2645\/revisions"}],"predecessor-version":[{"id":2649,"href":"https:\/\/www.payne.cz\/WP15\/wp-json\/wp\/v2\/posts\/2645\/revisions\/2649"}],"wp:attachment":[{"href":"https:\/\/www.payne.cz\/WP15\/wp-json\/wp\/v2\/media?parent=2645"}],"wp:term":[{"taxonomy":"category","embeddable":true,"href":"https:\/\/www.payne.cz\/WP15\/wp-json\/wp\/v2\/categories?post=2645"},{"taxonomy":"post_tag","embeddable":true,"href":"https:\/\/www.payne.cz\/WP15\/wp-json\/wp\/v2\/tags?post=2645"}],"curies":[{"name":"wp","href":"https:\/\/api.w.org\/{rel}","templated":true}]}}