{"id":264,"date":"2015-04-30T18:53:47","date_gmt":"2015-04-30T17:53:47","guid":{"rendered":"http:\/\/www.payne.cz\/WP15\/?p=264"},"modified":"2015-06-01T12:43:05","modified_gmt":"2015-06-01T11:43:05","slug":"politici-by-se-meli-omluvit","status":"publish","type":"post","link":"https:\/\/www.payne.cz\/WP15\/politici-by-se-meli-omluvit\/","title":{"rendered":"Politici by se m\u011bli omluvit"},"content":{"rendered":"<div id=\"attachment_265\" style=\"width: 310px\" class=\"wp-caption alignright\"><a href=\"http:\/\/www.payne.cz\/WP15\/wp-content\/uploads\/2015\/04\/366278_clanok_foto_260.jpg\"><img loading=\"lazy\" decoding=\"async\" aria-describedby=\"caption-attachment-265\" class=\"wp-image-265 size-medium\" src=\"http:\/\/www.payne.cz\/WP15\/wp-content\/uploads\/2015\/04\/366278_clanok_foto_260-300x188.jpg\" alt=\"366278_clanok_foto_260\" width=\"300\" height=\"188\" \/><\/a><p id=\"caption-attachment-265\" class=\"wp-caption-text\">Boj\u00edte se fronty p\u0159i v\u00fdm\u011bn\u011b \u0159idi\u010d\u00e1ku? Existuje \u0159e\u0161en\u00ed, ale chce to lep\u0161\u00ed politiky<\/p><\/div>\n<p style=\"text-align: right;\"><span style=\"color: #008080;\">11.10.2013<\/span><\/p>\n<p style=\"text-align: justify;\">Politikov\u00e9 by se m\u011bli omluvit. Kdy\u017e rozhodnou, \u017ee se budou vym\u011b\u0148ovat n\u011bjak\u00e9 pr\u016fkazy, nen\u00ed to odpov\u011bdnost ob\u010dan\u016f, ale politik\u016f. Nen\u00ed to tak, \u017ee ob\u010dan je hnan\u00e1 zv\u011b\u0159 a mus\u00ed se pod\u0159\u00eddit. Tak tomu bylo za minul\u00e9ho re\u017eimu a politikov\u00e9 v posledn\u00edch letech obnovili totalitn\u00ed pojet\u00ed st\u00e1tu. Je zcela ned\u016fstojn\u00e9, aby v demokratick\u00e9m st\u00e1t\u011b ob\u010dan s platn\u00fdm \u0159idi\u010dsk\u00fdm pr\u016fkazem tr\u00e1vil hodiny \u010dasu ve front\u00e1ch, proto\u017ee z\u00e1konod\u00e1rci neh\u00e1j\u00ed jeho z\u00e1jmy.<\/p>\n<p style=\"text-align: justify;\">Dosl\u00fdch\u00e1me se, \u017ee v souvislosti s \u0159idi\u010dsk\u00fdmi pr\u016fkazy p\u0159\u00edslu\u0161n\u00e9 \u00fa\u0159ady ji\u017e nab\u00edraj\u00ed dal\u0161\u00ed a dal\u0161\u00ed \u00fa\u0159edn\u00edky v o\u010dek\u00e1v\u00e1n\u00ed n\u00e1val\u016f a front. \u00da\u0159edn\u00edci se raduj\u00ed z budouc\u00edch proplacen\u00fdch p\u0159es\u010dasov\u00fdch hodin. Internetov\u00e1 p\u0159edregistrace na \u00fa\u0159adech je pr\u00fd zcela pln\u00e1. Jakoby se st\u00e1tn\u00ed spr\u00e1va radovala z toho, jak zase pon\u00ed\u017e\u00ed ob\u010dany.<\/p>\n<p style=\"text-align: justify;\">P\u0159itom existuje jednoduch\u00fd trik, aby \u017e\u00e1dn\u00e9 fronty nikdy nevznikly. Z\u00e1kon mus\u00ed stanovit, \u017ee platnost \u0159idi\u010dsk\u00e9ho opr\u00e1vn\u011bn\u00ed kon\u010d\u00ed v dan\u00e9m roce ka\u017ed\u00e9mu v den jeho narozenin. \u017d\u00e1dn\u00e1 velk\u00e1 nespravedlnost se t\u00edm nestane, pokud n\u011bkomu kon\u010dila platnost, stejn\u011b s t\u00edm po\u010d\u00edtal, pokud je n\u011bkomu zkr\u00e1cena platnost, dob\u0159e v\u00ed, kdy m\u00e1 narozeniny.<\/p>\n<p style=\"text-align: justify;\">V dob\u011b kr\u00e1tce p\u0159ed oslavou narozenin, v\u00edme p\u0159ece, \u017ee si to v\u0161ude na sv\u011bt\u011b lid\u00e9 nech\u00e1vaj\u00ed na posledn\u00ed chv\u00edli, si ka\u017ed\u00fd na \u00fa\u0159ad\u011b vyzvedne nov\u00fd pr\u016fkaz. P\u0159\u00edslu\u0161n\u00fd \u00fa\u0159edn\u00edk se mu v klidu omluv\u00ed, za nep\u0159\u00edjemnosti, kter\u00e9 mu st\u00e1t p\u016fsob\u00ed novou legislativou, pop\u0159eje mu v\u0161e nejlep\u0161\u00ed k narozenin\u00e1m a p\u0159ed\u00e1 mu nov\u00fd pr\u016fkaz. Zat\u00ed\u017een\u00ed \u00fa\u0159adu je rovnom\u011brn\u00e9 po cel\u00fd rok, nikdo se nemus\u00ed zau\u010dovat, nemus\u00ed se zvy\u0161ovat po\u010dty \u00fa\u0159edn\u00edk\u016f (co\u017e je mimochodem nesm\u00edrn\u011b drah\u00e9) ani propl\u00e1cet p\u0159es\u010dasy a nikde nevzniknou \u017e\u00e1dn\u00e9 fronty. Principy krizov\u00e9ho \u0159\u00edzen\u00ed doporu\u010duj\u00ed za v\u0161ech okolnost\u00ed se vyhnout opat\u0159en\u00edm, kter\u00e1 zbyte\u010dn\u011b koncentruj\u00ed agendu do kr\u00e1tk\u00e9ho obdob\u00ed, za v\u0161ech okolnost\u00ed se vyhnout jak\u00fdmkoli nestandardn\u00edm \u00fa\u0159ednick\u00fdm struktur\u00e1m.<\/p>\n<p style=\"text-align: justify;\">A\u017e budete ztr\u00e1cet \u010das p\u0159i v\u00fdm\u011bn\u011b \u0159idi\u010d\u00e1k\u016f, podobn\u011b, jako jste jej ztr\u00e1celi p\u0159i v\u00fdm\u011bn\u011b pas\u016f a ob\u010danek, myslete na to, \u017ee za to mohou neschopn\u00ed politikov\u00e9, pro kter\u00e9 v\u00e1\u0161 \u010das nic neznamen\u00e1, a kte\u0159\u00ed va\u0161e z\u00e1jmy p\u0159i rozhodov\u00e1n\u00ed nezohled\u0148uj\u00ed. Dob\u0159e v\u00edme, \u017ee politikov\u00e9 i nov\u011b vznikl\u00fdch stran, patrn\u011b z d\u016fvod\u016f nevzd\u011blanosti, h\u00e1j\u00ed z\u00e1jmy vl\u00e1dy proti v\u016fli sv\u00fdch voli\u010d\u016f, pokud neh\u00e1j\u00ed jen svoje z\u00e1jmy. Nepochopili, \u017ee v demokracii je parlament protivl\u00e1dn\u00ed instituc\u00ed, kter\u00e1 m\u00e1 jedin\u00fd \u00fakol: odvolat vl\u00e1du, pokud navrhuje n\u011bco, s \u010d\u00edm voli\u010di nesouhlas\u00ed nebo co jim p\u016fsob\u00ed komplikace.<\/p>\n","protected":false},"excerpt":{"rendered":"<p>11.10.2013 Politikov\u00e9 by se m\u011bli omluvit. Kdy\u017e rozhodnou, \u017ee se budou vym\u011b\u0148ovat n\u011bjak\u00e9 pr\u016fkazy, nen\u00ed to odpov\u011bdnost ob\u010dan\u016f, ale politik\u016f. Nen\u00ed to tak, \u017ee ob\u010dan je hnan\u00e1 zv\u011b\u0159 a mus\u00ed&#8230; <a class=\"read-more-button\" href=\"https:\/\/www.payne.cz\/WP15\/politici-by-se-meli-omluvit\/\">\u010c\u00edst v\u00edce &gt;<\/a><\/p>\n","protected":false},"author":2,"featured_media":0,"comment_status":"closed","ping_status":"closed","sticky":false,"template":"","format":"standard","meta":{"ngg_post_thumbnail":0,"_monsterinsights_skip_tracking":false,"_monsterinsights_sitenote_active":false,"_monsterinsights_sitenote_note":"","_monsterinsights_sitenote_category":0,"footnotes":""},"categories":[3,13,16],"tags":[6,18],"class_list":["post-264","post","type-post","status-publish","format-standard","hentry","category-clanky","category-dompol","category-svobodni","tag-dompol","tag-svobodi"],"_links":{"self":[{"href":"https:\/\/www.payne.cz\/WP15\/wp-json\/wp\/v2\/posts\/264","targetHints":{"allow":["GET"]}}],"collection":[{"href":"https:\/\/www.payne.cz\/WP15\/wp-json\/wp\/v2\/posts"}],"about":[{"href":"https:\/\/www.payne.cz\/WP15\/wp-json\/wp\/v2\/types\/post"}],"author":[{"embeddable":true,"href":"https:\/\/www.payne.cz\/WP15\/wp-json\/wp\/v2\/users\/2"}],"replies":[{"embeddable":true,"href":"https:\/\/www.payne.cz\/WP15\/wp-json\/wp\/v2\/comments?post=264"}],"version-history":[{"count":2,"href":"https:\/\/www.payne.cz\/WP15\/wp-json\/wp\/v2\/posts\/264\/revisions"}],"predecessor-version":[{"id":723,"href":"https:\/\/www.payne.cz\/WP15\/wp-json\/wp\/v2\/posts\/264\/revisions\/723"}],"wp:attachment":[{"href":"https:\/\/www.payne.cz\/WP15\/wp-json\/wp\/v2\/media?parent=264"}],"wp:term":[{"taxonomy":"category","embeddable":true,"href":"https:\/\/www.payne.cz\/WP15\/wp-json\/wp\/v2\/categories?post=264"},{"taxonomy":"post_tag","embeddable":true,"href":"https:\/\/www.payne.cz\/WP15\/wp-json\/wp\/v2\/tags?post=264"}],"curies":[{"name":"wp","href":"https:\/\/api.w.org\/{rel}","templated":true}]}}