{"id":261,"date":"2015-04-30T18:49:22","date_gmt":"2015-04-30T17:49:22","guid":{"rendered":"http:\/\/www.payne.cz\/WP15\/?p=261"},"modified":"2015-06-01T12:44:15","modified_gmt":"2015-06-01T11:44:15","slug":"pobaveny-letni-pohled","status":"publish","type":"post","link":"https:\/\/www.payne.cz\/WP15\/pobaveny-letni-pohled\/","title":{"rendered":"Pobaven\u00fd letn\u00ed pohled"},"content":{"rendered":"<p style=\"text-align: right;\"><em>24.7.2013<\/em><\/p>\n<p style=\"text-align: justify;\"><em><span style=\"color: #808080;\">S pobaven\u00edm by mohl pozorovatel, kter\u00e9ho se to net\u00fdk\u00e1, konstatovat, \u017ee Rusnokova vl\u00e1da nen\u00ed nic jin\u00e9ho, ne\u017e chytr\u00e1 p\u0159edvolebn\u00ed kampa\u0148. S politov\u00e1n\u00edm by mohl sledovat, jak si p\u0159i tom uf\u0148ukan\u00e9 strany nab\u00edhaj\u00ed na vidle.<\/span><\/em><\/p>\n<p style=\"text-align: justify;\">Ka\u017ed\u00fd, kdo trochu rozum\u00ed politice, mus\u00ed s pobaven\u00edm sledovat, jak svi\u017en\u00fd prezident vyn\u00e1\u0161\u00ed karty, zat\u00edmco k smrti unaven\u00e9 parlamentn\u00ed strany si podr\u00e1\u017ed\u011bn\u011b nab\u00edhaj\u00ed na vidle.<\/p>\n<p style=\"text-align: justify;\">\u017de budou zanedlouho volby je c\u00edtit ve vzduchu, houstnouc\u00ed atmosf\u00e9ra je p\u0159edzv\u011bst\u00ed za\u010d\u00ednaj\u00edc\u00ed p\u0159edvolebn\u00ed kampan\u011b. Podle kalend\u00e1\u0159e m\u00e1 Sn\u011bmovna posledn\u00edch jeden\u00e1ct m\u011bs\u00edc\u016f \u017eivota, mo\u017en\u00e1 i m\u00e9n\u011b. Podle autority u voli\u010d\u016f m\u011bla skon\u010dit u\u017e d\u00e1vno.<\/p>\n<p style=\"text-align: justify;\">Strana pr\u00e1v ob\u010dan\u016f zah\u00e1jila p\u0159edvolebn\u00ed kampa\u0148 elegantn\u00edm otev\u0159en\u00edm hry v podob\u011b sestaven\u00ed vzorov\u00e9 vl\u00e1dy. Vl\u00e1da m\u00e1 za \u00fakol p\u0159edev\u0161\u00edm m\u00edt dobrou n\u00e1ladu a minist\u0159i mus\u00ed b\u00fdt vesel\u00ed. P\u0159em\u00fd\u0161l\u00edte pro\u010d? Proto\u017ee c\u00edlem je uk\u00e1zat ve\u0159ejnosti, \u017ee kdy\u017e bude volit Zemanovce, bude lep\u0161\u00ed n\u00e1lada. V dob\u011b okurkov\u00e9 sez\u00f3ny mus\u00edm \u0159\u00edci, \u017ee se to Rusnokovi celkem da\u0159\u00ed.<\/p>\n<p style=\"text-align: justify;\">M\u00e1-li se prezidentsk\u00fd prvn\u00ed pokus o sestaven\u00ed vl\u00e1dy prom\u00edtnout do voli\u010dsk\u00fdch preferenc\u00ed, je t\u0159eba, aby kontrastovala s koalic\u00ed ned\u00e1vno skon\u010denou. A tady se otev\u00edr\u00e1 zm\u00edn\u011bn\u00fd z\u00e1bavn\u00fd pohled. Skuhr\u00e1n\u00ed politik\u016f b\u00fdval\u00e9 koalice nab\u00fdv\u00e1 na s\u00edle, sotva je dob\u0159e nalad\u011bn\u00fd prezident poprosil, zda by si nechali podpisy ov\u011b\u0159it u not\u00e1\u0159e. Negativismus politik\u016f Ne\u010dasovy koalice nab\u00fdv\u00e1 obludn\u00fdch rozm\u011br\u016f. \u017de se na n\u00e1zor poslanc\u016f ned\u00e1 spol\u00e9hat, to c\u00edt\u00ed ka\u017ed\u00fd. \u017de ani not\u00e1\u0159sky ov\u011b\u0159en\u00fd podpis poslance nem\u00e1 v\u016fbec \u017e\u00e1dn\u00fd vliv na poslancovo hlasov\u00e1n\u00ed, to v\u011bd\u00ed ti, kdo znaj\u00ed \u00dastavu. Tak pro\u010d si tak hloup\u011b nab\u00edhaj\u00ed na vidle?<\/p>\n<p style=\"text-align: justify;\">Je dost pravd\u011bpodobn\u00e9, \u017ee Rusnokova vesel\u00e1 vl\u00e1da nez\u00edsk\u00e1 d\u016fv\u011bru. Nastoup\u00ed uf\u0148ukan\u00e1 a rozh\u00e1dan\u00e1 vl\u00e1da N\u011bmcov\u00e9, kter\u00e1 odrad\u00ed zbytky pravicov\u00fdch voli\u010d\u016f. Zat\u00edmco Rusnok \u0159\u00edk\u00e1: mnoho mo\u017enost\u00ed nem\u00e1me, ale zkus\u00edme alespo\u0148 n\u011bco vy\u0159e\u0161it. P\u0159\u00ed\u0161t\u00ed koali\u010dn\u00ed vl\u00e1da bude m\u011bs\u00edce sepisovat koali\u010dn\u00ed dohodu, bude tvrdit, \u017ee mus\u00ed dokon\u010dovat \u0161patn\u00fd a nen\u00e1vid\u011bn\u00fd vl\u00e1dn\u00ed program Ne\u010dasovy vl\u00e1dy. Ztrapn\u00ed pravicov\u00e9 my\u0161lenky takov\u00fdm zp\u016fsobem, \u017ee se levici po volb\u00e1ch mo\u017en\u00e1 poprv\u00e9 poda\u0159\u00ed sestavit levicovou vl\u00e1du bez komunist\u016f: vytvo\u0159\u00ed koalici \u010cSSD a Strany pr\u00e1v ob\u010dan\u016f.<\/p>\n<p style=\"text-align: justify;\">Prezident s nadhledem uk\u00e1zal, \u017ee politick\u00e9 \u0159emeslo um\u00ed, sn\u011bmovn\u00ed politikov\u00e9 op\u011bt prok\u00e1zali svou politickou neschopnost. Nem\u00e1m \u017e\u00e1dn\u00fd d\u016fvod nadr\u017eovat nebo fandit Milo\u0161i Zemanovi, ale \u010dist\u011b analyticky mus\u00edm z \u0159emesln\u00e9ho hlediska ocenit elegantn\u00ed politick\u00e9 tahy, vypl\u00fdvaj\u00edc\u00ed z toho, \u017ee p\u0159\u00edmou volbou prezidenta skon\u010dily dosavadn\u00ed \u00fastavn\u00ed a parlamentn\u00ed tradice a za\u010d\u00ednaj\u00ed se ps\u00e1t nov\u00e9. Podle nov\u00fdch zvyklost\u00ed m\u00e1 prezident pr\u00e1vo sestavit si jednu vl\u00e1du zcela podle sv\u00e9ho uv\u00e1\u017een\u00ed. P\u0159\u00edmo volen\u00fd prezident klidn\u011b m\u016f\u017ee b\u00fdt aktivistick\u00fd. A aktivismus prezidenta se jako jedin\u00e9 politick\u00e9 gesto leto\u0161n\u00ed okurkov\u00e9 sez\u00f3ny prom\u00edtne do v\u00fdsledk\u016f nadch\u00e1zej\u00edc\u00edch voleb. A\u010dkoliv bych si p\u0159\u00e1l \u00fapln\u011b jin\u00fd politick\u00fd v\u00fdvoj, mus\u00edm konstatovat, \u017ee strany Ne\u010dasovy vl\u00e1dn\u00ed koalice prohraj\u00ed volby opravdu jen a jen vlastn\u00edm zavin\u011bn\u00edm.<\/p>\n","protected":false},"excerpt":{"rendered":"<p>24.7.2013 S pobaven\u00edm by mohl pozorovatel, kter\u00e9ho se to net\u00fdk\u00e1, konstatovat, \u017ee Rusnokova vl\u00e1da nen\u00ed nic jin\u00e9ho, ne\u017e chytr\u00e1 p\u0159edvolebn\u00ed kampa\u0148. S politov\u00e1n\u00edm by mohl sledovat, jak si p\u0159i tom&#8230; <a class=\"read-more-button\" href=\"https:\/\/www.payne.cz\/WP15\/pobaveny-letni-pohled\/\">\u010c\u00edst v\u00edce &gt;<\/a><\/p>\n","protected":false},"author":2,"featured_media":0,"comment_status":"closed","ping_status":"closed","sticky":false,"template":"","format":"standard","meta":{"ngg_post_thumbnail":0,"_monsterinsights_skip_tracking":false,"_monsterinsights_sitenote_active":false,"_monsterinsights_sitenote_note":"","_monsterinsights_sitenote_category":0,"footnotes":""},"categories":[3,13,16],"tags":[6,18],"class_list":["post-261","post","type-post","status-publish","format-standard","hentry","category-clanky","category-dompol","category-svobodni","tag-dompol","tag-svobodi"],"_links":{"self":[{"href":"https:\/\/www.payne.cz\/WP15\/wp-json\/wp\/v2\/posts\/261","targetHints":{"allow":["GET"]}}],"collection":[{"href":"https:\/\/www.payne.cz\/WP15\/wp-json\/wp\/v2\/posts"}],"about":[{"href":"https:\/\/www.payne.cz\/WP15\/wp-json\/wp\/v2\/types\/post"}],"author":[{"embeddable":true,"href":"https:\/\/www.payne.cz\/WP15\/wp-json\/wp\/v2\/users\/2"}],"replies":[{"embeddable":true,"href":"https:\/\/www.payne.cz\/WP15\/wp-json\/wp\/v2\/comments?post=261"}],"version-history":[{"count":2,"href":"https:\/\/www.payne.cz\/WP15\/wp-json\/wp\/v2\/posts\/261\/revisions"}],"predecessor-version":[{"id":724,"href":"https:\/\/www.payne.cz\/WP15\/wp-json\/wp\/v2\/posts\/261\/revisions\/724"}],"wp:attachment":[{"href":"https:\/\/www.payne.cz\/WP15\/wp-json\/wp\/v2\/media?parent=261"}],"wp:term":[{"taxonomy":"category","embeddable":true,"href":"https:\/\/www.payne.cz\/WP15\/wp-json\/wp\/v2\/categories?post=261"},{"taxonomy":"post_tag","embeddable":true,"href":"https:\/\/www.payne.cz\/WP15\/wp-json\/wp\/v2\/tags?post=261"}],"curies":[{"name":"wp","href":"https:\/\/api.w.org\/{rel}","templated":true}]}}