{"id":2562,"date":"2023-01-31T19:40:16","date_gmt":"2023-01-31T18:40:16","guid":{"rendered":"http:\/\/www.payne.cz\/WP15\/?p=2562"},"modified":"2023-01-31T19:40:16","modified_gmt":"2023-01-31T18:40:16","slug":"prezident-muze-prorocky-rozhodnout-o-vzdalene-budoucnosti","status":"publish","type":"post","link":"https:\/\/www.payne.cz\/WP15\/prezident-muze-prorocky-rozhodnout-o-vzdalene-budoucnosti\/","title":{"rendered":"Prezident m\u016f\u017ee prorocky rozhodnout o vzd\u00e1len\u00e9 budoucnosti"},"content":{"rendered":"\n<p style=\"text-align: right;\"><span style=\"color: #008080;\">31.1.2023<\/span><\/p>\n<p style=\"text-align: justify;\">Z\u00e1v\u011br Zemanova neslavn\u00e9ho prezidentov\u00e1n\u00ed poznamen\u00e1v\u00e1 diskuse o tom, zda sm\u00ed obsadit funkci jmenov\u00e1n\u00edm, kter\u00e9 nastane a\u017e ve volebn\u00edm obdob\u00ed p\u0159\u00ed\u0161t\u00edho prezidenta. Rozv\u00edjej\u00ed se rozpravy, jak dlouh\u00e1 by mohla b\u00fdt lh\u016fta, kdy u\u017e je to zasahov\u00e1n\u00ed do kompetence nastupuj\u00edc\u00edho prezidenta \u2013 den, p\u016flrok, rok, l\u00e9ta?<\/p>\n<p style=\"text-align: justify;\">Jako \u010dlen n\u011bkolika komis\u00ed pro \u00dastavu v devades\u00e1t\u00fdch letech a p\u0159edseda jedn\u00e9 z nich m\u00e1m na pam\u011bti, jak jsme prov\u00e1d\u011bli z\u00e1t\u011b\u017eov\u00fd test. My\u0161lenkov\u011b jsme se pokou\u0161eli vid\u011bt zbytek \u00dastavy o\u010dima ka\u017ed\u00e9 \u00fastavn\u00ed funkce a zkoumali jsme, zda nem\u016f\u017ee doj\u00edt za ur\u010dit\u00fdch okolnost\u00ed k hav\u00e1rii \u2013 k mimo\u00fastavn\u00edmu patov\u00e9mu stavu, kdy nev\u00edme co d\u00e1l. U funkce prezidenta jsme napevno po\u010d\u00edtali s \u00fastavn\u00ed \u017ealobou, kterou jedna z novelizac\u00ed v podstat\u011b znemo\u017enila. Bohu\u017eel jednotliv\u00e9 novelizace do \u00dastavy nad\u011blaly d\u00edry, kter\u00fdch asi des\u00edtka. Toto je jedna z nich, ale to je na jinou \u00favahu.<\/p>\n<p style=\"text-align: justify;\">Probl\u00e9m p\u0159esahov\u00e1n\u00ed rozhodnut\u00ed prezidenta jsme ale \u0159e\u0161ili. Zat\u00edmco v&nbsp;p\u0159\u00edpad\u011b Sn\u011bmovny jsme do \u00dastavy napsali, \u017ee n\u00e1stupem nov\u00e9ho obsazen\u00ed sn\u011bmovn\u00edch rol\u00ed po volb\u00e1ch padaj\u00ed do ko\u0161e v\u0161echny nerozhodnut\u00e9 a neprojednan\u00e9 z\u00e1le\u017eitosti, tedy nov\u00e1 Sn\u011bmovna zasedne v\u017edy k&nbsp;\u010dist\u00e9mu stolu, v&nbsp;p\u0159\u00edpad\u011b prezidentsk\u00e9 funkce jsme z\u00e1m\u011brn\u011b necht\u011bli probl\u00e9m platnosti star\u00fdch rozhodnut\u00ed s&nbsp;n\u00e1stupem nov\u00e9ho prezidenta upravovat.<\/p>\n<p style=\"text-align: justify;\">\u0158ekn\u011bme, \u017ee odch\u00e1zej\u00edc\u00ed prezident n\u011bkoho jmenuje pr\u00e1v\u011b do funkce p\u0159edsedy \u00dastavn\u00edho soudu tak, \u017ee m\u00e1 do funkce nastoupit a\u017e v dob\u011b volebn\u00edho obdob\u00ed nastupuj\u00edc\u00edho prezidenta. Jmenov\u00e1n\u00ed obrazn\u011b \u0159e\u010deno nenab\u00fdv\u00e1 \u00fa\u010dinnosti, nerealizuje se. M\u016f\u017ee se st\u00e1t, \u017ee nastupuj\u00edc\u00ed prezident je s rozhodnut\u00edm spokojen a pak nevznik\u00e1 probl\u00e9m. Pokud ale nen\u00ed spokojen, m\u016f\u017ee jmenovat n\u011bkoho jin\u00e9ho. V pr\u00e1vn\u00edch v\u011bcech plat\u00ed z\u00e1sada \u201elex postrior derogat priori\u201c, pozd\u011bj\u0161\u00ed rozhodnut\u00ed m\u011bn\u00ed to star\u0161\u00ed. Nedomn\u00edvali jsme se, \u017ee by kolem toho mohl vzniknout spor. Dokud nedojde k tomu, \u017ee by jmenov\u00e1n\u00ed do\u0161lo sv\u00e9ho \u00fa\u010dinku, m\u016f\u017ee b\u00fdt zm\u011bn\u011bno. Je jedno, kdo je aktu\u00e1ln\u011b v roli prezidenta. Analogicky p\u0159eb\u00edr\u00e1 vl\u00e1da ve\u0161kerou agendu vl\u00e1dy p\u0159edchoz\u00ed \u2013 s \u010d\u00edm nesouhlas\u00ed, to m\u016f\u017ee p\u0159\u00edslu\u0161n\u00fdm postupem zm\u011bnit.<\/p>\n<p style=\"text-align: justify;\">Je to podobn\u00e1 situace, i kdy\u017e ne \u00fapln\u011b, jako kdy\u017e prezident rozhodne, \u017ee n\u011bkomu ud\u011bl\u00ed st\u00e1tn\u00ed vyznamen\u00e1n\u00ed. Dokonce to ve\u0159ejn\u011b ozn\u00e1m\u00ed, ale pak si to rozmysl\u00ed. Sv\u00e9 rozhodnut\u00ed pak zm\u011bn\u00ed rozhodnut\u00edm pozd\u011bj\u0161\u00edm a vyznamen\u00e1n\u00ed neud\u011bl\u00ed. Dokud nebylo vyznamen\u00e1n\u00ed p\u0159ed\u00e1no, m\u016f\u017ee si to rozmyslet.<\/p>\n<p style=\"text-align: justify;\">Domn\u00edv\u00e1m se, \u017ee pr\u00e1vn\u00ed posudky, kter\u00e9 si jist\u00fd pan Zeman k t\u00e9to v\u011bci objedn\u00e1v\u00e1, celkem spr\u00e1vn\u011b doch\u00e1zej\u00ed k z\u00e1v\u011bru, \u017ee prezident m\u016f\u017ee klidn\u011b jmenovat p\u0159edsedy vl\u00e1d na stolet\u00ed dop\u0159edu. V\u011b\u0159\u00edm, \u017ee dob\u0159\u00ed pr\u00e1vn\u00edci jej z\u00e1rove\u0148 tak\u00e9 upozorn\u00ed na to, \u017ee takov\u00e9 rozhodnut\u00ed m\u016f\u017ee b\u00fdt n\u00e1sledn\u011b zm\u011bn\u011bno. Prezident, aby se na n\u011bj nezapomn\u011blo, m\u016f\u017ee vytvo\u0159it p\u016fvabnou fra\u0161ku, kdy po cel\u00e9 stolet\u00ed ka\u017ed\u00e9 nov\u00e9 jmenov\u00e1n\u00ed skute\u010dn\u00e9ho p\u0159edsedy vl\u00e1dy ru\u0161\u00ed star\u00e9 prezidentsk\u00e9 proroctv\u00ed.<\/p>\n<p style=\"text-align: justify;\">Panu Zemanovi je z\u0159ejm\u011b l\u00edto, \u017ee doposud nenapsal \u017e\u00e1dnou divadeln\u00ed hru, ani nenato\u010dil film o odch\u00e1zen\u00ed, tak alespo\u0148 vymyslel na odchodnou \u00fastavn\u00ed fra\u0161ku.&nbsp;<\/p>\n","protected":false},"excerpt":{"rendered":"<p>31.1.2023 Z\u00e1v\u011br Zemanova neslavn\u00e9ho prezidentov\u00e1n\u00ed poznamen\u00e1v\u00e1 diskuse o tom, zda sm\u00ed obsadit funkci jmenov\u00e1n\u00edm, kter\u00e9 nastane a\u017e ve volebn\u00edm obdob\u00ed p\u0159\u00ed\u0161t\u00edho prezidenta. Rozv\u00edjej\u00ed se rozpravy, jak dlouh\u00e1 by mohla b\u00fdt&#8230; <a class=\"read-more-button\" href=\"https:\/\/www.payne.cz\/WP15\/prezident-muze-prorocky-rozhodnout-o-vzdalene-budoucnosti\/\">\u010c\u00edst v\u00edce &gt;<\/a><\/p>\n","protected":false},"author":2,"featured_media":0,"comment_status":"closed","ping_status":"closed","sticky":false,"template":"","format":"standard","meta":{"ngg_post_thumbnail":0,"_monsterinsights_skip_tracking":false,"_monsterinsights_sitenote_active":false,"_monsterinsights_sitenote_note":"","_monsterinsights_sitenote_category":0,"footnotes":""},"categories":[3],"tags":[],"class_list":["post-2562","post","type-post","status-publish","format-standard","hentry","category-clanky"],"_links":{"self":[{"href":"https:\/\/www.payne.cz\/WP15\/wp-json\/wp\/v2\/posts\/2562","targetHints":{"allow":["GET"]}}],"collection":[{"href":"https:\/\/www.payne.cz\/WP15\/wp-json\/wp\/v2\/posts"}],"about":[{"href":"https:\/\/www.payne.cz\/WP15\/wp-json\/wp\/v2\/types\/post"}],"author":[{"embeddable":true,"href":"https:\/\/www.payne.cz\/WP15\/wp-json\/wp\/v2\/users\/2"}],"replies":[{"embeddable":true,"href":"https:\/\/www.payne.cz\/WP15\/wp-json\/wp\/v2\/comments?post=2562"}],"version-history":[{"count":4,"href":"https:\/\/www.payne.cz\/WP15\/wp-json\/wp\/v2\/posts\/2562\/revisions"}],"predecessor-version":[{"id":2566,"href":"https:\/\/www.payne.cz\/WP15\/wp-json\/wp\/v2\/posts\/2562\/revisions\/2566"}],"wp:attachment":[{"href":"https:\/\/www.payne.cz\/WP15\/wp-json\/wp\/v2\/media?parent=2562"}],"wp:term":[{"taxonomy":"category","embeddable":true,"href":"https:\/\/www.payne.cz\/WP15\/wp-json\/wp\/v2\/categories?post=2562"},{"taxonomy":"post_tag","embeddable":true,"href":"https:\/\/www.payne.cz\/WP15\/wp-json\/wp\/v2\/tags?post=2562"}],"curies":[{"name":"wp","href":"https:\/\/api.w.org\/{rel}","templated":true}]}}