{"id":2548,"date":"2023-01-16T10:23:05","date_gmt":"2023-01-16T09:23:05","guid":{"rendered":"http:\/\/www.payne.cz\/WP15\/?p=2548"},"modified":"2023-01-16T10:44:57","modified_gmt":"2023-01-16T09:44:57","slug":"babis-na-lidi-zvysoka","status":"publish","type":"post","link":"https:\/\/www.payne.cz\/WP15\/babis-na-lidi-zvysoka\/","title":{"rendered":"Babi\u0161 na lidi zvysoka  \u2026"},"content":{"rendered":"\n<p style=\"text-align: right;\"><span style=\"color: #008080;\">16.1.2023<\/span><\/p>\n<p><a href=\"http:\/\/www.payne.cz\/WP15\/wp-content\/uploads\/Bures-1.jpg\"><img loading=\"lazy\" decoding=\"async\" class=\"aligncenter size-large wp-image-2291\" src=\"http:\/\/www.payne.cz\/WP15\/wp-content\/uploads\/Bures-1-1024x580.jpg\" alt=\"\" width=\"690\" height=\"391\" srcset=\"https:\/\/www.payne.cz\/WP15\/wp-content\/uploads\/Bures-1-1024x580.jpg 1024w, https:\/\/www.payne.cz\/WP15\/wp-content\/uploads\/Bures-1-300x170.jpg 300w, https:\/\/www.payne.cz\/WP15\/wp-content\/uploads\/Bures-1-768x435.jpg 768w, https:\/\/www.payne.cz\/WP15\/wp-content\/uploads\/Bures-1-980x555.jpg 980w, https:\/\/www.payne.cz\/WP15\/wp-content\/uploads\/Bures-1.jpg 1164w\" sizes=\"auto, (max-width: 690px) 100vw, 690px\" \/><\/a><\/p>\n<p style=\"text-align: justify;\">Poslanec Andrej Babi\u0161 nep\u0159etr\u017eit\u011b kritizuje vl\u00e1du, \u017ee nic ned\u011bl\u00e1 pro lidi. N\u011bjak \u0161patn\u011b \u010detl \u00dastavu. &nbsp;Vl\u00e1da toti\u017e slibuje v\u011brnost \u010cesk\u00e9 republice, nikoli lidem (\u010dl. 69 odst. 2). Zato poslanci a sen\u00e1to\u0159i skl\u00e1daj\u00ed krom\u011b v\u011brnosti \u010cesk\u00e9 republice tak\u00e9 slib, \u017ee budou vykon\u00e1vat sv\u016fj mand\u00e1t v z\u00e1jmu lid\u00ed (\u010dl. 23 odst. 3). Jestli chce pan poslanec Babi\u0161 d\u011blat n\u011bco pro lidi, pak k tomu m\u011bl nejlep\u0161\u00ed p\u0159\u00edle\u017eitost pr\u00e1v\u011b a jedin\u011b v poslaneck\u00e9 funkci.<\/p>\n<p style=\"text-align: justify;\">Vysv\u011btlen\u00ed je prost\u00e9. Z\u00e1jmy voli\u010d\u016f jsou velmi rozd\u00edln\u00e9. Ke ka\u017ed\u00e9 skupin\u011b ob\u010dan\u016f a jejich z\u00e1jm\u016fm v\u017edy existuje jin\u00e1 \u010d\u00e1st obyvatel, kter\u00e1 m\u00e1 z\u00e1jmy protich\u016fdn\u00e9. \u00dastava po\u010d\u00edt\u00e1 s&nbsp;t\u00edm, \u017ee ve Sn\u011bmovn\u011b doch\u00e1z\u00ed k&nbsp;jedn\u00e1n\u00ed pr\u00e1v\u011b o tom, co ob\u010dan\u00e9 pot\u0159ebuj\u00ed, \u017ee poslanci nal\u00e9zaj\u00ed p\u0159ijateln\u00e9 kompromisy, kter\u00e9 v\u0161echny z\u00e1jmy uv\u00e1d\u011bj\u00ed do rovnov\u00e1hy. Vl\u00e1d\u011b a lidem maj\u00ed b\u00fdt na z\u00e1klad\u011b v\u00fdsledku hlasov\u00e1n\u00ed p\u0159edkl\u00e1d\u00e1ny prodiskutovan\u00e9 kompromisy.<\/p>\n<p style=\"text-align: justify;\">Poslanec se m\u00e1 \u00fa\u010dastnit nejposv\u00e1tn\u011bj\u0161\u00ed parlamentn\u00ed \u010dinnosti, j\u00ed\u017e je diskuse, m\u016f\u017ee ps\u00e1t a p\u0159edkl\u00e1dat n\u00e1vrhy z\u00e1kon\u016f, m\u016f\u017ee se ob\u010dan\u016f zastat formou interpelac\u00ed, m\u00e1 povinnost \u00fa\u010dastnit se hlasov\u00e1n\u00ed a p\u0159i hlasov\u00e1n\u00ed m\u00e1 rozhodovat pr\u00e1v\u011b v&nbsp;z\u00e1jmu lid\u00ed, nikoli ve sv\u00e9m z\u00e1jmu. \u00dastava \u0159\u00edk\u00e1, \u017ee mus\u00ed hlasovat podle sv\u00e9ho nejlep\u0161\u00edho v\u011bdom\u00ed a sv\u011bdom\u00ed. P\u0159edpokl\u00e1d\u00e1 toti\u017e, \u017ee poslanec sv\u011bdom\u00ed m\u00e1.<\/p>\n<p style=\"text-align: justify;\">Pokud tedy poslanec Babi\u0161 chce opravdu n\u011bco d\u011blat pro lidi, pak k&nbsp;tomu m\u00e1 pr\u00e1v\u011b nyn\u00ed ve Sn\u011bmovn\u011b jako poslanec nejlep\u0161\u00ed p\u0159\u00edle\u017eitost, jakou kdy m\u011bl.<\/p>\n<p style=\"text-align: justify;\">Pod\u00edvejme se, co poslanec A. Babi\u0161 skute\u010dn\u011b pro lidi d\u011bl\u00e1. Pod\u00edvejme se na detailn\u00ed p\u0159ehled \u00fa\u010dasti poslance Andreje Babi\u0161e na hlasov\u00e1n\u00ed ve Sn\u011bmovn\u011b v&nbsp;tomto volebn\u00edm obdob\u00ed. To je jeho povinnost.<\/p>\n<p style=\"text-align: justify;\">M\u00e1 pouze 13% \u00fa\u010dast na jedn\u00e1n\u00edch. To je tak m\u00e1lo, \u017ee nem\u016f\u017ee m\u00edt p\u0159ehled, co se projednalo a o \u010dem se jedn\u00e1, nem\u00e1 ani pon\u011bt\u00ed, co vl\u00e1da d\u011bl\u00e1. Kdy\u017e do nekone\u010dna opakuje, \u017ee vl\u00e1da \u201enic ned\u011bl\u00e1 pro lidi\u201c, mus\u00edme se pt\u00e1t, jak to v\u00ed? Pro\u010d nep\u0159in\u00e1\u0161\u00ed konkr\u00e9tn\u00ed n\u00e1vrhy do parlamentn\u00ed diskuse?<\/p>\n<p style=\"text-align: justify;\">V&nbsp;p\u0159\u00edloze uv\u00e1d\u00edm tabulku \u00fa\u010dasti pana poslance Babi\u0161e na hlasov\u00e1n\u00ed. V&nbsp;Parlamentu se toti\u017e p\u0159esn\u011b zaznamen\u00e1v\u00e1, kter\u00fdch hlasov\u00e1n\u00ed se ka\u017ed\u00fd poslanec z\u00fa\u010dastnil, jak hlasoval a v&nbsp;kolik to bylo hodin. Ze 113 jednac\u00edch \u201asm\u011bn\u2018 m\u00e1 pan poslanec Andrej Babi\u0161 98 absenc\u00ed! Koho by nevyhodili, kdy\u017e v&nbsp;pr\u00e1ci 7 kr\u00e1t \u010dast\u011bji chyb\u00ed, ne\u017e pracuje. A kdy\u017e u\u017e do pr\u00e1ce p\u0159ijde, pracuje jen po dobu minut. Patn\u00e1ct neomluven\u00fdch absenc\u00ed za rok! Tak vypad\u00e1 Babi\u0161ova pr\u00e1ce \u201epro lidi\u201c?&nbsp;<\/p>\n<p style=\"text-align: justify;\">\u010cesk\u00e1 \u00dastava koncipuje Sn\u011bmovnu jako kontinent\u00e1ln\u00ed parlament, t\u011b\u017ei\u0161t\u011b pr\u00e1ce je tedy ve v\u00fdborech. Proto k&nbsp;absenc\u00edm na hlasov\u00e1n\u00ed ve Sn\u011bmovn\u011b mus\u00edme je\u0161t\u011b p\u0159ipo\u010d\u00edst absence na jedn\u00e1n\u00edch v\u00fdbor\u016f. \u0158adov\u00fd opozi\u010dn\u00ed poslanec Andrej Babi\u0161 jako prvn\u00ed za posledn\u00edch 33 let odm\u00edtl za\u0159azen\u00ed do jak\u00e9hokoliv v\u00fdboru, tak\u017ee oproti v\u0161em ostatn\u00edm poslanc\u016fm m\u00e1 je\u0161t\u011b nav\u00edc 100% ne\u00fa\u010dast na jedn\u00e1n\u00edch v\u00fdboru. Jinak \u0159e\u010deno, pan poslanec Andrej Babi\u0161 <strong>odm\u00edt\u00e1 pracovat pro lidi, odm\u00edt\u00e1 plnit sv\u00e9 pracovn\u00ed povinnosti! <\/strong><\/p>\n<p style=\"text-align: justify;\">Abychom si ud\u011blali p\u0159edstavu, jak d\u016fle\u017eit\u00e1 je pr\u00e1ce, kterou pan poslanec Babi\u0161 odm\u00edt\u00e1, uve\u010fme si n\u011bjak\u00e9 p\u0159\u00edklady projedn\u00e1van\u00fdch z\u00e1kon\u016f, kter\u00fdch se nez\u00fa\u010dastnil. Pochop\u00edme, pro\u010d nem\u00e1me ani tu\u0161en\u00ed, co si o n\u00e1sleduj\u00edc\u00edch probl\u00e9mech pan poslanec Babi\u0161 mysl\u00ed, jak\u00e9 \u0159e\u0161en\u00ed navrhuje a co prosazuje.<\/p>\n<p style=\"text-align: justify;\">Tak nap\u0159\u00edklad se nez\u00fa\u010dastnil hlasov\u00e1n\u00ed o podpo\u0159e sportu. V\u00e1\u017een\u00ed sportovci, m\u011bjte to na pam\u011bti! Panu poslanci Babi\u0161ovi na v\u00e1s nez\u00e1le\u017e\u00ed!<\/p>\n<p style=\"text-align: justify;\">Nez\u00fa\u010dastnil se ani jedn\u00e1n\u00ed o st\u00e1tn\u00ed soci\u00e1ln\u00ed podpo\u0159e, o d\u016fchodov\u00e9m poji\u0161t\u011bn\u00ed, o ochran\u011b ve\u0159ejn\u00e9ho zdrav\u00ed, o l\u00e9\u010divech, o poskytov\u00e1n\u00ed d\u00e1vek osob\u00e1m se zdravotn\u00edm posti\u017een\u00edm, o jednor\u00e1zov\u00e9m p\u0159\u00edsp\u011bvku na d\u00edt\u011b. V\u00e1\u017een\u00ed d\u016fchodci, rodi\u010de, zdravotn\u00edci, nemocn\u00ed a soci\u00e1ln\u011b pot\u0159ebn\u00ed, m\u011bjte na pam\u011bti, \u017ee panu poslanci Babi\u0161ovi na v\u00e1s nez\u00e1le\u017e\u00ed!<\/p>\n<p style=\"text-align: justify;\">Nez\u00fa\u010dastnil se ani projedn\u00e1v\u00e1n\u00ed z\u00e1kona o pedagogick\u00fdch pracovn\u00edc\u00edch a rovn\u011b\u017e absentoval p\u0159i jedn\u00e1n\u00ed o opat\u0159en\u00edch v oblasti \u0161kolstv\u00ed. &nbsp;V\u00e1\u017een\u00ed pedagogov\u00e9 a pedagogi\u010dt\u00ed pracovn\u00edci, m\u011bjte na pam\u011bti, \u017ee Babi\u0161ovi na v\u00e1s nez\u00e1le\u017e\u00ed!<\/p>\n<p style=\"text-align: justify;\">Poslanec Babi\u0161 chyb\u011bl p\u0159i tak\u00e9 projedn\u00e1v\u00e1n\u00ed energetick\u00e9ho z\u00e1kona. V\u00e1\u017een\u00ed ob\u010dan\u00e9, kte\u0159\u00ed m\u00e1te pot\u00ed\u017ee se spl\u00e1cen\u00edm faktur, pamatujte si, \u017ee mu na v\u00e1s nez\u00e1le\u017e\u00ed!<\/p>\n<p style=\"text-align: justify;\">\u0158\u00edk\u00e1 se, \u017ee rozpo\u010det je nejd\u016fle\u017eit\u011bj\u0161\u00ed z\u00e1kon. Nebyl p\u0159\u00edtomen na projedn\u00e1v\u00e1n\u00ed novely rozpo\u010dtu na rok 2022 a omluvil se i p\u0159i projedn\u00e1v\u00e1n\u00ed rozpo\u010dtu na rok 2023. Tak\u017ee ani na rozpo\u010dtu mu nez\u00e1le\u017e\u00ed!<\/p>\n<p>Nez\u00fa\u010dastnil se ani jedn\u00e1n\u00ed o ve\u0159ejn\u00fdch zak\u00e1zk\u00e1ch a o spot\u0159ebn\u00edch dan\u00edch. To je u ekonoma p\u0159ekvapiv\u00e9!<\/p>\n<p style=\"text-align: justify;\">N\u011bkdo by mohl p\u0159edpokl\u00e1dat, \u017ee kdy\u017e s\u00e1m sebe naz\u00fdv\u00e1 \u201emana\u017eerem\u201c se zku\u0161enostmi v&nbsp;zahrani\u010dn\u00edm obchodu, \u017ee ho bude zaj\u00edmat novelizace z\u00e1kona o poji\u0161\u0165ov\u00e1n\u00ed a financov\u00e1n\u00ed v\u00fdvozu se st\u00e1tn\u00ed podporou. Nezaj\u00edm\u00e1! Ani na projedn\u00e1v\u00e1n\u00ed z\u00e1kona o mezin\u00e1rodn\u00ed spolupr\u00e1ci p\u0159i spr\u00e1v\u011b dan\u00ed nebyl.&nbsp; Mil\u00ed export\u00e9\u0159i, pamatujte, \u017ee mu nez\u00e1le\u017e\u00ed ani na exportu!<\/p>\n<p style=\"text-align: justify;\">Kdy\u017e se projedn\u00e1val n\u00e1vrh t\u00fdkaj\u00edc\u00ed se zem\u011bd\u011blstv\u00ed, nejenom \u017ee nebyl p\u0159\u00edtomen, ale ani se neomluvil. V\u00e1\u017een\u00ed zem\u011bd\u011blci, pamatujte si pros\u00edm dob\u0159e, \u017ee mu na zem\u011bd\u011blstv\u00ed a na v\u00e1s nez\u00e1le\u017e\u00ed!<\/p>\n<p style=\"text-align: justify;\">Jako prezidentsk\u00fd kandid\u00e1t se ani nez\u00fa\u010dastnil projedn\u00e1v\u00e1n\u00ed n\u00e1vrhu o zvl\u00e1\u0161tn\u00edm zp\u016fsobu hlasov\u00e1n\u00ed p\u0159i prezidentsk\u00fdch volb\u00e1ch. Ka\u017ed\u00e9mu je jasn\u00e9, \u017ee poslanci Babi\u0161ovi ani na prezidentsk\u00fdch volb\u00e1ch nez\u00e1le\u017e\u00ed!&nbsp;<\/p>\n<p style=\"text-align: justify;\">Pan poslanec Babi\u0161 o sob\u011b prohla\u0161uje, \u017ee je diplomat. Nikdy diplomatem nebyl a je na prvn\u00ed pohled z\u0159ejm\u00e9, \u017ee ani v&nbsp;obecn\u011bj\u0161\u00edm hovorov\u00e9m smyslu neopl\u00fdv\u00e1 diplomatick\u00fdm stylem jedn\u00e1n\u00ed. Ov\u0161em u n\u011bkoho, kdo se chce pova\u017eovat za diplomata, je s podivem, \u017ee nep\u0159i\u0161el ani na jedno jedin\u00e9 projedn\u00e1v\u00e1n\u00ed mezin\u00e1rodn\u00edch smluv, a bylo jich na po\u0159adu v\u00edce ne\u017e tucet.<\/p>\n<p style=\"text-align: justify;\">Mo\u017en\u00e1 by mohl n\u011bkdo pochopit, \u017ee poslanec Babi\u0161 chyb\u011bl pr\u00e1v\u011b p\u0159i projedn\u00e1v\u00e1n\u00ed z\u00e1kona o Antarktid\u011b. Pro mnoh\u00e9 ob\u010dany letos v&nbsp;zim\u011b toti\u017e nen\u00ed probl\u00e9mem, a\u010dkoliv \u010cesk\u00e1 republika m\u00e1 i zde svoje z\u00e1jmy. M\u011bjte na pam\u011bti, \u017ee ani o \u010desk\u00e9 z\u00e1jmy poslanci Babi\u0161ovi nejde!<\/p>\n<p style=\"text-align: justify;\">Mil\u00ed p\u0159\u00e1tel\u00e9, kdy\u017e v\u00e1m pan poslanec Babi\u0161 v&nbsp;r\u00e1mci sv\u00e9 kandidatury vykl\u00e1d\u00e1, co v\u0161echno d\u011bl\u00e1 pro lidi, a jak jeho protikandid\u00e1t ned\u011bl\u00e1 nic, m\u011bjte na pam\u011bti, \u017ee v\u00e1m pan poslanec Babi\u0161 l\u017ee. A jestli chce n\u011bco pro lidi d\u011blat, m\u011bl by z\u016fstat poslancem a za\u010d\u00edt chodit do pr\u00e1ce.<\/p>\n<p><a href=\"http:\/\/www.payne.cz\/WP15\/wp-content\/uploads\/Tabulka.png\"><img loading=\"lazy\" decoding=\"async\" class=\"aligncenter wp-image-2549 size-full\" src=\"http:\/\/www.payne.cz\/WP15\/wp-content\/uploads\/Tabulka.png\" alt=\"\" width=\"766\" height=\"2348\" srcset=\"https:\/\/www.payne.cz\/WP15\/wp-content\/uploads\/Tabulka.png 766w, https:\/\/www.payne.cz\/WP15\/wp-content\/uploads\/Tabulka-98x300.png 98w, https:\/\/www.payne.cz\/WP15\/wp-content\/uploads\/Tabulka-334x1024.png 334w, https:\/\/www.payne.cz\/WP15\/wp-content\/uploads\/Tabulka-501x1536.png 501w, https:\/\/www.payne.cz\/WP15\/wp-content\/uploads\/Tabulka-668x2048.png 668w\" sizes=\"auto, (max-width: 766px) 100vw, 766px\" \/><\/a><\/p>\n<p style=\"text-align: justify;\"><strong>Pozn\u00e1mky:<\/strong> <br>1. N\u011bkter\u00e9 dny jsou zdvojen\u00e9, proto\u017ee se ten den konaly r\u016fzn\u00e9 sch\u016fze. <br>2. Pokud je n\u011bkter\u00fd den d\u00e9lka \u00fa\u010dasti 0 minut, v\u016fbec se \u017e\u00e1dn\u00e9ho hlasov\u00e1n\u00ed nez\u00fa\u010dastnil. <br>3. \u00dadaj v minut\u00e1ch je vypo\u010dten z ve\u0159ejn\u011b dostupn\u00fdch Parlamentn\u00edch z\u00e1znam\u016f jako interval mezi prvn\u00edm a posledn\u00edm hlasov\u00e1n\u00edm. <br>4. \u010casto se p\u0159i odchodu neodhl\u00e1sil, tak\u017ee v po\u010d\u00edta\u010dov\u00e9m syst\u00e9mu to vypad\u00e1, jakoby byl p\u0159\u00edtomen, ale nehlasoval. Zpravidla je to jen jedenkr\u00e1t, proto\u017ee p\u0159i n\u00e1sleduj\u00edc\u00edm hlasov\u00e1n\u00ed by se musel znovu zaregistrovat. <br>5. \u017dlut\u011b je vyzna\u010deno obdob\u00ed po vyhl\u00e1\u0161en\u00ed \u00famyslu kandidovat do prezidentsk\u00e9 funkce. Na prvn\u00ed pohled je z\u0159ejm\u00e9, \u017ee na jeho fiktivn\u00ed pr\u00e1ci \u201epro lidi\u201c se nic nezm\u011bnilo.&nbsp;<\/p>\n<p>&nbsp;<\/p>\n<p>&nbsp;<\/p>\n","protected":false},"excerpt":{"rendered":"<p>16.1.2023 Poslanec Andrej Babi\u0161 nep\u0159etr\u017eit\u011b kritizuje vl\u00e1du, \u017ee nic ned\u011bl\u00e1 pro lidi. N\u011bjak \u0161patn\u011b \u010detl \u00dastavu. &nbsp;Vl\u00e1da toti\u017e slibuje v\u011brnost \u010cesk\u00e9 republice, nikoli lidem (\u010dl. 69 odst. 2). Zato poslanci&#8230; <a class=\"read-more-button\" href=\"https:\/\/www.payne.cz\/WP15\/babis-na-lidi-zvysoka\/\">\u010c\u00edst v\u00edce &gt;<\/a><\/p>\n","protected":false},"author":2,"featured_media":0,"comment_status":"closed","ping_status":"closed","sticky":false,"template":"","format":"standard","meta":{"ngg_post_thumbnail":0,"_monsterinsights_skip_tracking":false,"_monsterinsights_sitenote_active":false,"_monsterinsights_sitenote_note":"","_monsterinsights_sitenote_category":0,"footnotes":""},"categories":[3],"tags":[],"class_list":["post-2548","post","type-post","status-publish","format-standard","hentry","category-clanky"],"_links":{"self":[{"href":"https:\/\/www.payne.cz\/WP15\/wp-json\/wp\/v2\/posts\/2548","targetHints":{"allow":["GET"]}}],"collection":[{"href":"https:\/\/www.payne.cz\/WP15\/wp-json\/wp\/v2\/posts"}],"about":[{"href":"https:\/\/www.payne.cz\/WP15\/wp-json\/wp\/v2\/types\/post"}],"author":[{"embeddable":true,"href":"https:\/\/www.payne.cz\/WP15\/wp-json\/wp\/v2\/users\/2"}],"replies":[{"embeddable":true,"href":"https:\/\/www.payne.cz\/WP15\/wp-json\/wp\/v2\/comments?post=2548"}],"version-history":[{"count":5,"href":"https:\/\/www.payne.cz\/WP15\/wp-json\/wp\/v2\/posts\/2548\/revisions"}],"predecessor-version":[{"id":2556,"href":"https:\/\/www.payne.cz\/WP15\/wp-json\/wp\/v2\/posts\/2548\/revisions\/2556"}],"wp:attachment":[{"href":"https:\/\/www.payne.cz\/WP15\/wp-json\/wp\/v2\/media?parent=2548"}],"wp:term":[{"taxonomy":"category","embeddable":true,"href":"https:\/\/www.payne.cz\/WP15\/wp-json\/wp\/v2\/categories?post=2548"},{"taxonomy":"post_tag","embeddable":true,"href":"https:\/\/www.payne.cz\/WP15\/wp-json\/wp\/v2\/tags?post=2548"}],"curies":[{"name":"wp","href":"https:\/\/api.w.org\/{rel}","templated":true}]}}