{"id":2531,"date":"2022-12-26T16:09:49","date_gmt":"2022-12-26T15:09:49","guid":{"rendered":"http:\/\/www.payne.cz\/WP15\/?p=2531"},"modified":"2022-12-26T16:09:49","modified_gmt":"2022-12-26T15:09:49","slug":"definitivni-prezidentuv-proslov","status":"publish","type":"post","link":"https:\/\/www.payne.cz\/WP15\/definitivni-prezidentuv-proslov\/","title":{"rendered":"Definitivn\u00ed prezident\u016fv proslov"},"content":{"rendered":"\n<p style=\"text-align: right;\"><span style=\"color: #008080;\">26.12.2022<\/span><\/p>\n<p><a href=\"http:\/\/www.payne.cz\/WP15\/wp-content\/uploads\/Ferenc-a-Lorenc.jpg\"><img loading=\"lazy\" decoding=\"async\" class=\"aligncenter size-large wp-image-2533\" src=\"http:\/\/www.payne.cz\/WP15\/wp-content\/uploads\/Ferenc-a-Lorenc-1024x419.jpg\" alt=\"\" width=\"690\" height=\"282\" srcset=\"https:\/\/www.payne.cz\/WP15\/wp-content\/uploads\/Ferenc-a-Lorenc-1024x419.jpg 1024w, https:\/\/www.payne.cz\/WP15\/wp-content\/uploads\/Ferenc-a-Lorenc-300x123.jpg 300w, https:\/\/www.payne.cz\/WP15\/wp-content\/uploads\/Ferenc-a-Lorenc-768x314.jpg 768w, https:\/\/www.payne.cz\/WP15\/wp-content\/uploads\/Ferenc-a-Lorenc-980x401.jpg 980w, https:\/\/www.payne.cz\/WP15\/wp-content\/uploads\/Ferenc-a-Lorenc.jpg 1500w\" sizes=\"auto, (max-width: 690px) 100vw, 690px\" \/><\/a><\/p>\n<p style=\"text-align: justify;\">Funkci na\u0161eho nejvy\u0161\u0161\u00edho \u00fa\u0159edn\u00edka (nic jin\u00e9ho to nen\u00ed) p\u00ed\u0161u dvoj\u00edm zp\u016fsobem. Pokud m\u00e1m na mysli osobnost, kter\u00e9 si v\u00e1\u017e\u00edm, p\u00ed\u0161u president, ti ostatn\u00ed si zaslou\u017e\u00ed pouze prezident.<\/p>\n<p style=\"text-align: justify;\">Leto\u0161n\u00ed prezidentsk\u00fd v\u00e1no\u010dn\u00ed projev na rozlou\u010denou nebyl ani trochu sv\u00e1te\u010dn\u00ed. Doty\u010dn\u00fd vyslou\u017eilec je natolik sebest\u0159edn\u00fd a egoistick\u00fd, \u017ee mu ani nep\u0159ipadlo na mysl, \u017ee slav\u00edme n\u011bjak\u00e9 sv\u00e1tky, \u017ee si v\u0161ichni p\u0159ejeme k&nbsp;sv\u00e1tk\u016fm, kdykoli spolu v&nbsp;posledn\u00edch dnech mluv\u00edme. Mluvil jen o sob\u011b, jak byl dokonal\u00fd a jak si bude \u010d\u00edst knihy. Mohl si to ten st\u00e1tn\u00ed \u00fa\u0159edn\u00edk alespo\u0148 p\u0159e\u010d\u00edst v&nbsp;z\u00e1kon\u011b o st\u00e1tn\u00edch sv\u00e1tc\u00edch, kdy\u017e u\u017e o k\u0159es\u0165anstv\u00ed nev\u00ed nic. Z\u0159eteln\u011b uk\u00e1zal, \u017ee mu nez\u00e1le\u017e\u00ed na nikom jin\u00e9m, ne\u017e na sob\u011b.<\/p>\n<p style=\"text-align: justify;\">V&nbsp;mnoh\u00e9m spat\u0159uji podobn\u00e9 rysy t\u00e9to osoby, kter\u00e1 je st\u00e1le je\u0161t\u011b ve funkci, s&nbsp;kandid\u00e1ty, kter\u00e9 budeme zanedlouho volit. V&nbsp;poh\u00e1dk\u00e1ch, kter\u00e9 jsme mohli o sv\u00e1tc\u00edch vid\u011bt, vystupuj\u00ed podobn\u011b egoistick\u00e9 postavy. Nap\u0159\u00edklad jist\u00ed Ferenc a Lorenc, kte\u0159\u00ed jenom sed\u00ed na bedn\u00e1ch nakraden\u00fdch pen\u011bz. Nep\u0159ipom\u00edn\u00e1 v\u00e1m to n\u011bkoho z&nbsp;kandid\u00e1t\u016f? Nebo t\u0159eba takov\u00fd mistr Ko\u0161\u0165\u00e1l, kter\u00fd um\u00ed zakleknout na ka\u017ed\u00e9ho, kdo se mu protiv\u00ed. Jedin\u00fd rys jeho osobnosti: touha po moci. Nebo t\u0159eba \u0161lechti\u010dny, kter\u00e9 maj\u00ed jedinou starost o to, jak\u00e9 \u0161perky budou m\u00edt. N\u011bkdy bych docela pou\u017eil v\u016f\u010di takov\u00fdm kandid\u00e1tk\u00e1m v\u011bti\u010dku: Jak se tak d\u00edv\u00e1m asi ne, spletl jsem si \u010d\u00edslo popisn\u00e9.<\/p>\n<p style=\"text-align: justify;\">Pro\u010detl jsem to, \u010demu kandid\u00e1ti \u0159\u00edkaj\u00ed program. Pozoruhodn\u00e9, jak deklaruj\u00ed sv\u00e9 \u00fadajn\u00e9 vize, kter\u00e9 ale president nem\u016f\u017ee a nesm\u00ed ovliv\u0148ovat. Oproti tomu nevid\u00edm tam hlavn\u00ed t\u00e9ma politiky: pojet\u00ed st\u00e1tu.<\/p>\n<p style=\"text-align: justify;\">M\u00e1 b\u00fdt st\u00e1t v\u0161eobecnou poji\u0161\u0165ovnou, kter\u00e1 ka\u017ed\u00e9mu rozd\u00e1v\u00e1 z&nbsp;\u00fa\u010dt\u016f budouc\u00edch vnuk\u016f podle jeho pot\u0159eb, jak to k\u00e1\u017ee marxismus? Cht\u011blo by to d\u016fkladn\u011bj\u0161\u00ed politologick\u00e9 vzd\u011bl\u00e1n\u00ed. Nebo m\u00e1 b\u00fdt st\u00e1t spr\u00e1vcem spravedlnosti (v poh\u00e1dk\u00e1ch jde o spravedlnost v&nbsp;prvn\u00ed \u0159ad\u011b), spr\u00e1vcem univerz\u00e1ln\u00edch pravidel, kter\u00e1 ned\u00e1vaj\u00ed p\u0159ednost kr\u010dm\u00e1\u0159\u016fm p\u0159ed kov\u00e1\u0159i v dob\u011b pandemie, nebo mlyn\u00e1\u0159\u016fm p\u0159ed chalupn\u00edky. Nepolitick\u00e1 politika je pr\u00e1v\u011b ztr\u00e1ta tohoto hlavn\u00edho politick\u00e9ho pojmu.<\/p>\n<p style=\"text-align: justify;\">Nepolitick\u00fd politik vykl\u00e1d\u00e1, jak bude \u201ev\u0161echno d\u011blat pro lidi\u201c (tvrd\u00ed to hned v\u011bt\u0161ina kandid\u00e1t\u016f). To bylo komunistick\u00e9 heslo, pamatujete? Vych\u00e1z\u00ed z&nbsp;marxistick\u00e9 p\u0159edstavy, \u017ee v\u00edme, co je pro n\u00e1s dobr\u00e9, \u017ee existuje n\u011bjak\u00e9 unik\u00e1tn\u00ed v\u00fdlu\u010dn\u00e9 dobro. A my v\u00e1m to dobro p\u0159ik\u00e1\u017eeme!<\/p>\n<p style=\"text-align: justify;\">Demokracie oproti tomu spo\u010d\u00edv\u00e1 na p\u0159edstav\u011b, \u017ee harmonizace rozli\u010dn\u00fdch a protich\u016fdn\u00fdch z\u00e1jm\u016f obyvatel nen\u00ed mo\u017en\u00e1 od pl\u00e1novac\u00edho stolu, \u017ee je t\u0159eba d\u00e1t svobodn\u00fd prostor, aby si ka\u017ed\u00fd hledal sv\u00e9 vlastn\u00ed \u0161t\u011bst\u00ed. Lid\u00e9 maj\u00ed rozli\u010dn\u00e1 a protich\u016fdn\u00e1 dobra, kter\u00e1 se v&nbsp;\u010dase m\u011bn\u00ed a prol\u00ednaj\u00ed. M\u00e1me to sice v Listin\u011b: \u201e<em>Ka\u017ed\u00fd m\u00e1 p\u0159irozen\u00e9 pr\u00e1vo br\u00e1t se o vlastn\u00ed \u0161t\u011bst\u00ed\u201c, a<\/em>le politikov\u00e9 jak na\u0161i, tak brusel\u0161t\u00ed, n\u00e1m \u010d\u00edm d\u00e1l t\u00edm v\u00edce n\u00e1sil\u00ed vnucuj\u00ed sv\u00e9 pojet\u00ed \u0161t\u011bst\u00ed, n\u011bkdy dokonce t\u0159eba zelen\u00e9ho. Je to opak demokracie.<\/p>\n<p style=\"text-align: justify;\">Nevid\u00edm kandid\u00e1ta na presidenta, asi budeme m\u00edt zase jen prezidenta, i kdy\u017e douf\u00e1m lep\u0161\u00edho, ne\u017e je ten dosavadn\u00ed. Hled\u00e1m r\u016fzn\u00e1 krit\u00e9ria, jako nap\u0159\u00edklad diplomatick\u00e9 zku\u0161enosti, parlamentn\u00ed zku\u0161enosti, schopnost pokorn\u011b p\u0159ijmout roli, ve kter\u00e9 slou\u017e\u00ed sv\u00e9 vlasti. Pokora a slu\u017eba je to hlavn\u00ed, co kandid\u00e1t\u016fm chyb\u00ed. I kdy\u017e vlastn\u011b jeden z nich je zvykl\u00fd slou\u017eit uk\u00e1zn\u011bn\u011b plnit \u00fakoly a dodr\u017eovat p\u0159episy. V\u00fdborn\u00e9 to nen\u00ed, ale oproti st\u00e1vaj\u00edc\u00edmu prezidentovi by to bylo lep\u0161\u00ed, ne\u017e nez\u0159\u00edzen\u00e1 touha po moci, jak ji zn\u00e1me z poh\u00e1dek.<\/p>\n<p>&nbsp;<\/p>\n","protected":false},"excerpt":{"rendered":"<p>26.12.2022 Funkci na\u0161eho nejvy\u0161\u0161\u00edho \u00fa\u0159edn\u00edka (nic jin\u00e9ho to nen\u00ed) p\u00ed\u0161u dvoj\u00edm zp\u016fsobem. Pokud m\u00e1m na mysli osobnost, kter\u00e9 si v\u00e1\u017e\u00edm, p\u00ed\u0161u president, ti ostatn\u00ed si zaslou\u017e\u00ed pouze prezident. Leto\u0161n\u00ed prezidentsk\u00fd&#8230; <a class=\"read-more-button\" href=\"https:\/\/www.payne.cz\/WP15\/definitivni-prezidentuv-proslov\/\">\u010c\u00edst v\u00edce &gt;<\/a><\/p>\n","protected":false},"author":2,"featured_media":0,"comment_status":"closed","ping_status":"closed","sticky":false,"template":"","format":"standard","meta":{"ngg_post_thumbnail":0,"_monsterinsights_skip_tracking":false,"_monsterinsights_sitenote_active":false,"_monsterinsights_sitenote_note":"","_monsterinsights_sitenote_category":0,"footnotes":""},"categories":[3],"tags":[],"class_list":["post-2531","post","type-post","status-publish","format-standard","hentry","category-clanky"],"_links":{"self":[{"href":"https:\/\/www.payne.cz\/WP15\/wp-json\/wp\/v2\/posts\/2531","targetHints":{"allow":["GET"]}}],"collection":[{"href":"https:\/\/www.payne.cz\/WP15\/wp-json\/wp\/v2\/posts"}],"about":[{"href":"https:\/\/www.payne.cz\/WP15\/wp-json\/wp\/v2\/types\/post"}],"author":[{"embeddable":true,"href":"https:\/\/www.payne.cz\/WP15\/wp-json\/wp\/v2\/users\/2"}],"replies":[{"embeddable":true,"href":"https:\/\/www.payne.cz\/WP15\/wp-json\/wp\/v2\/comments?post=2531"}],"version-history":[{"count":2,"href":"https:\/\/www.payne.cz\/WP15\/wp-json\/wp\/v2\/posts\/2531\/revisions"}],"predecessor-version":[{"id":2534,"href":"https:\/\/www.payne.cz\/WP15\/wp-json\/wp\/v2\/posts\/2531\/revisions\/2534"}],"wp:attachment":[{"href":"https:\/\/www.payne.cz\/WP15\/wp-json\/wp\/v2\/media?parent=2531"}],"wp:term":[{"taxonomy":"category","embeddable":true,"href":"https:\/\/www.payne.cz\/WP15\/wp-json\/wp\/v2\/categories?post=2531"},{"taxonomy":"post_tag","embeddable":true,"href":"https:\/\/www.payne.cz\/WP15\/wp-json\/wp\/v2\/tags?post=2531"}],"curies":[{"name":"wp","href":"https:\/\/api.w.org\/{rel}","templated":true}]}}