{"id":2483,"date":"2022-08-08T18:42:02","date_gmt":"2022-08-08T17:42:02","guid":{"rendered":"http:\/\/www.payne.cz\/WP15\/?p=2483"},"modified":"2022-08-08T18:42:02","modified_gmt":"2022-08-08T17:42:02","slug":"rodina-s-r-o-pro-vsechny","status":"publish","type":"post","link":"https:\/\/www.payne.cz\/WP15\/rodina-s-r-o-pro-vsechny\/","title":{"rendered":"Rodina s r.o. pro v\u0161echny"},"content":{"rendered":"\n<p style=\"text-align: right;\"><span style=\"color: #008080;\">8.8.2022<\/span><\/p>\n<p style=\"text-align: justify;\">Poj\u010fme si ujasnit, pro\u010d se uzav\u00edr\u00e1 man\u017eelstv\u00ed. \u010c\u00edm se li\u0161\u00ed od \u017eit\u00ed na hrom\u00e1dce? Je to ve\u0159ejn\u00e1 deklarace, \u017ee mu\u017e a \u017eena k&nbsp;sob\u011b pat\u0159\u00ed. \u017de ani jeden z nich nehled\u00e1 jin\u00e9ho partnera. Ve\u0159ejn\u00e1 deklarace z\u00e1rove\u0148 varuje kolemjdouc\u00ed, aby se nepokou\u0161eli n\u011bkoho z man\u017eel\u016f z\u00edskat pro sebe. Prost\u011b konec hled\u00e1n\u00ed. U\u017e nen\u00ed voln\u00fd, nen\u00ed voln\u00e1. Pokud n\u011bjak\u00fd p\u00e1r nepova\u017euje za d\u016fle\u017eit\u00e9 a spr\u00e1vn\u00e9 sv\u016fj stav ve\u0159ejn\u011b deklarovat a v\u0161ude uv\u00e1d\u011bt, mohou spolu \u017e\u00edt na ps\u00ed kn\u00ed\u017eku. Nemus\u00ed zakl\u00e1dat rodinu.<\/p>\n<p style=\"text-align: justify;\">Kdy\u017e pir\u00e1t Richterov\u00e1 argumentuje t\u00edm, \u017ee stejnopohlavn\u00ed dru\u017estva p\u0159ejmenovan\u00e1 na rodinu necht\u011bj\u00ed vypl\u0148ovat do dotazn\u00edk\u016f sv\u016fj skute\u010dn\u00fd stav, pak se nask\u00fdt\u00e1 ot\u00e1zka, pro\u010d tedy cht\u011bj\u00ed ve\u0159ejn\u011b deklarovat, \u017ee pat\u0159\u00ed k&nbsp;sob\u011b? Cht\u011bj\u00ed stejnou ve\u0159ejnou deklaraci, svatbu (od slova svat\u00fd), ale necht\u011bj\u00ed povinnost d\u016fsledn\u011b a v\u0161ude ve\u0159ejn\u011b uv\u00e1d\u011bt sv\u016fj skute\u010dn\u00fd stav? Maj\u00ed snad v \u00famyslu ve\u0159ejnosti lh\u00e1t?<\/p>\n<p style=\"text-align: justify;\">A z\u00e1rove\u0148, pokud m\u00e1 zam\u011bstnavatel nebo kdokoli jin\u00fd pr\u00e1vo pt\u00e1t se na rodinn\u00fd stav, pak mu o n\u011bm v&nbsp;sou\u010dasn\u00e9 dob\u011b odpov\u011b\u010f poskytuje \u00faplnou informaci. Jsou-li po\u017eadov\u00e1na stejn\u00e1 pr\u00e1va a stejn\u00e9 povinnosti, pak to logicky znamen\u00e1, \u017ee se v&nbsp;dotazn\u00edc\u00edch mus\u00ed objevit vedle stavu tak\u00e9 kolonka, o jak\u00fd rodinn\u00fd stav se jedn\u00e1. Cht\u011bj\u00ed p\u0159ece stejn\u00e1 pr\u00e1va a stejn\u00e9 povinnosti, tedy i povinnost v\u017edy uv\u00e9st p\u0159esnou podobu sv\u00e9ho dru\u017estva. To je toti\u017e v&nbsp;sou\u010dasn\u00e9 dob\u011b pro man\u017eele povinn\u00e9.<\/p>\n<p style=\"text-align: justify;\">Objevuje se n\u011bkdy argument, \u017ee stejnopohlavn\u00ed &nbsp;vztah je p\u0159ece pro spole\u010dnost pozitivn\u00ed hodnotou. Jist\u011b, podobn\u00fdch vztah\u016f je cel\u00e1 \u0159ada. Nap\u0159\u00edklad vztah k rodinn\u00e9mu domu nebo chat\u011b, vztah se psem nebo jin\u00fdm dom\u00e1c\u00edm mazl\u00ed\u010dkem (v\u0161imn\u011bme si v\u00fdmluvn\u00e9ho slova \u201amazl\u00ed\u010dek\u2018). Nebo vztah k p\u0159\u00edrod\u011b, k ryba\u0159en\u00ed \u010di ke sportu. Dokonce i ke kultu\u0159e nebo k v\u011bd\u011b. Ne v\u0161echny vztahy jsou pro spole\u010dnost a pro st\u00e1t stejn\u011b d\u016fle\u017eit\u00e9. Nap\u0159\u00edklad mu\u017e a \u017eena v man\u017eelstv\u00ed maj\u00ed pr\u00e1vo a podle n\u011bkter\u00fdch c\u00edrkv\u00ed i povinnost usilovat o zplozen\u00ed potomk\u016f. N\u011bkdy se to nepovede, ale z\u016fst\u00e1v\u00e1 nad\u011bje a hodnot\u00ed se snaha. Nen\u00ed \u017e\u00e1dn\u00fd n\u00e1rok na \u00fasp\u011bch. Stejn\u00e9 pr\u00e1vo maj\u00ed i stejnopohlavn\u00ed dru\u017estva. Tak\u00e9 nemaj\u00ed n\u00e1rok na \u00fasp\u011bch. Odd\u011blme tedy zcela z\u00e1sadn\u011b ot\u00e1zku d\u011bt\u00ed od konceptu nyn\u00ed zpochyb\u0148ovan\u00e9 k\u0159es\u0165ansk\u00e9 tradice rodiny.<\/p>\n<p style=\"text-align: justify;\">Pr\u00e1vn\u00ed postaven\u00ed d\u011bt\u00ed, jejich n\u00e1rok\u016f a pr\u00e1v, tak\u00e9 proch\u00e1z\u00ed zm\u011bnami. Zaslou\u017e\u00ed si samostatnou diskusi mimo prob\u00edhaj\u00edc\u00ed diskusi o stejnopohlavn\u00edch dru\u017estvech. Mo\u017en\u00e1 by po dosa\u017een\u00ed plnoletosti m\u011bly m\u00edt pr\u00e1vo vzd\u00e1t se vztahu s&nbsp;rodi\u010dem jedna, dva i t\u0159i, jak se nyn\u00ed v&nbsp;EU uv\u00e1d\u00ed m\u00edsto pojmu otec a matka. V&nbsp;libovoln\u00e9m v\u011bku. Je nespravedliv\u00e9, \u017ee d\u011bti mus\u00ed spl\u00e1cet dluhy nad\u011blan\u00e9 rodi\u010di? A je stejn\u011b nespravedliv\u00e9, kdy\u017e rodi\u010de v&nbsp;d\u016fchodu mus\u00ed spl\u00e1cet dluhy nad\u011blan\u00e9 d\u011btmi? Nepova\u017euje-li \u010desk\u00e1 spole\u010dnost vztah mezi rodi\u010di a d\u011btmi za n\u011bco z\u00e1sadn\u011b jin\u00e9ho, ne\u017e v\u0161echny ostatn\u00ed vztahy, pak mus\u00ed existovat mo\u017enost vztah prost\u011b ukon\u010dit. Stejn\u011b, jako se mohu svobodn\u011b p\u0159estat zaj\u00edmat o kulturu. Kolonku otec a matka takov\u00e9 d\u011bti prost\u011b pro\u0161krtnou. P\u0159esto v\u011b\u0159\u00edm, \u017ee pro v\u011bt\u0161inu lid\u00ed je rodi\u010dovsk\u00fd vztah nezru\u0161iteln\u00fd, a\u010dkoliv se n\u00e1m n\u011bkte\u0159\u00ed politikov\u00e9 pokou\u0161ej\u00ed namluvit, \u017ee se obsah pojm\u016f m\u011bn\u00ed.<\/p>\n<p style=\"text-align: justify;\">Poj\u010fme si tak\u00e9 ujasnit po\u010det \u00fa\u010dastn\u00edk\u016f v dru\u017estvu. V k\u0159es\u0165ansk\u00e9 tradici se mluv\u00ed o man\u017eelsk\u00e9m p\u00e1ru. Ale jsou i jin\u00e9 tradice. V n\u011bkter\u00fdch zem\u00edch m\u016f\u017ee m\u00edt mu\u017e n\u011bkolik \u017een. U n\u00e1s je to trestn\u00fd \u010din. Trestn\u00e9 je i to, kdyby n\u011bjak\u00e1 \u017eena m\u011bla v\u00edce man\u017eel\u016f. Mus\u00edme se rozhodnout, jak d\u00e1l. M\u016f\u017eeme opustit k\u0159es\u0165ansk\u00e9 tradice a opustit k\u0159es\u0165ansk\u00e9 pojet\u00ed rodiny jako p\u00e1ru. Pak ale nen\u00ed \u017e\u00e1dn\u00fd d\u016fvod, aby v rodin\u011b byli jen dva \u00fa\u010dastn\u00edci. Pro\u010d neumo\u017enit tak\u00e9 existenci v\u00edce\u010dlenn\u00fdch komun? Tak\u00e9 by m\u011bly m\u00edt stejn\u00e1 pr\u00e1va a stejn\u00e9 povinnosti. K\u0159es\u0165ansk\u00e1 tradice zn\u00e1 takov\u00e1 spole\u010denstv\u00ed, jsou to mu\u017esk\u00e9 nebo \u017eensk\u00e9 \u0159eholn\u00ed \u0159\u00e1dy. \u010clenstv\u00ed vznik\u00e1 tak\u00e9 slibem, ale nen\u00ed to sv\u00e1tost. Pro\u010d by nem\u011bli m\u00edt n\u00e1rok na vdovsk\u00fd d\u016fchod i brat\u0159i nebo sestry v kl\u00e1\u0161te\u0159e? Pro\u010d by kl\u00e1\u0161tery nem\u011bly m\u00edt mo\u017enost vychov\u00e1vat d\u011bti? N\u011bkter\u00e9 \u0159ehole s t\u00edm u\u017e po stalet\u00ed maj\u00ed zku\u0161enosti.<\/p>\n<p style=\"text-align: justify;\">Z v\u011bt\u0161\u00edho po\u010dtu \u00fa\u010dastn\u00edk\u016f v rodin\u011b by se zaradovali nejen \u0159eholn\u00edci a muslimov\u00e9, mohlo by to b\u00fdt \u0159e\u0161en\u00ed pro mnoh\u00e9 man\u017eelsk\u00e9 troj- a v\u00edce-\u00faheln\u00edky. Dokonce je pravd\u011bpodobn\u00e9, \u017ee takov\u00fdch p\u0159\u00edpad\u016f je nesrovnateln\u011b v\u00edce, ne\u017e z\u00e1jemc\u016f o stejnopohlavn\u00ed dru\u017estva. Tedy zv\u00fd\u0161en\u00ed maxim\u00e1ln\u00edho po\u010dtu \u00fa\u010dastn\u00edk\u016f by u\u010dinilo \u0161\u0165astn\u00fdmi je\u0161t\u011b nesrovnateln\u011b v\u00edce lid\u00ed (je-li posl\u00e1n\u00edm politik\u016f starat se o \u0161t\u011bst\u00ed ob\u010dan\u016f &#8211; pozn.:&nbsp; v USA je pr\u00e1vo usilovat o vlastn\u00ed \u0161t\u011bst\u00ed proti politik\u016fm \u00fastavn\u011b chr\u00e1n\u011bno). Milenka by se tak mohla zaj\u00edmat o zdravotn\u00ed stav \u017eenat\u00e9ho p\u0159\u00edtele, \u010dtvrt\u00e1 man\u017eelka muslima by se mohla zaj\u00edmat o zdravotn\u00ed stav prvn\u00ed man\u017eelky. &nbsp;Pro\u010d by nemohlo m\u00edt d\u00edt\u011b v dokladech n\u011bkolik otc\u016f a n\u011bkolik matek z\u00e1rove\u0148?<\/p>\n<p style=\"text-align: justify;\">N\u011bkdo, i \u017eurnalist\u00e9, uv\u00e1d\u00ed jako argument, \u017ee jsme jaksi pozadu za jin\u00fdmi st\u00e1ty. Pamatuji je\u0161t\u011b, jak m\u011bli v centru Bruselu kr\u00e1sn\u00e9 historick\u00e9 star\u00e9 uli\u010dky. Mal\u00e9 nanejv\u00fd\u0161 dvojpodla\u017en\u00ed dome\u010dky v p\u0159\u00edzem\u00ed s kr\u00e1mkem, kde se prod\u00e1valy pralinky, lik\u00e9ry, doutn\u00edky nebo pe\u010divo. U\u017e je zbourali, dnes na jejich m\u00edst\u011b stoj\u00ed \u017eelezobetonov\u00e9 budovy evropsk\u00fdch instituc\u00ed. Jsme pozadu? Nem\u011bli bychom v Praze co nejd\u0159\u00edve zbourat Star\u00e9 M\u011bsto a Malou Stranu? Uv\u00e1d\u00ed se jako argument, \u017ee jinde to u\u017e maj\u00ed. Kdy\u017e n\u011bjak\u00e9 d\u00e1m\u011b kr\u00e1sn\u011b slu\u0161\u00ed lodi\u010dky na vysok\u00e9m podpatku, v\u016fbec z toho nevypl\u00fdv\u00e1, \u017ee budou slu\u0161et tak\u00e9 mn\u011b.<\/p>\n<p style=\"text-align: justify;\">N\u011bkdo dokonce tvrd\u00ed, \u017ee p\u0159ejmenov\u00e1n\u00ed stejnopohlavn\u00edch dru\u017estev na rodinu sn\u00ed\u017e\u00ed sebevra\u017eednost. Kdyby to platilo i u n\u00e1s, museli bychom po zaveden\u00ed registrovan\u00e9ho partnerstv\u00ed vid\u011bt obrovsk\u00fd pokles sebevra\u017eednosti. Ale pozor, v USA p\u0159esn\u011b v dob\u011b, kdy stejnopohlavn\u00ed man\u017eelstv\u00ed uz\u00e1konili, stouplo nev\u00eddan\u00fdm zp\u016fsobem procento vra\u017eedn\u00fdch \u00fatok\u016f se st\u0159elnou zbran\u00ed ve \u0161kol\u00e1ch. A jestli u n\u00e1s nestoupne, asi budeme muset mlad\u00e9 agresory se zbran\u00ed n\u011bjak motivovat, abychom u\u017e nezaost\u00e1vali. Nebo rad\u011bji p\u0159ipust\u00edme, \u017ee to spolu nijak nesouvis\u00ed?<\/p>\n<p style=\"text-align: justify;\">P\u0159ed mnoha lety jsem porovn\u00e1val na\u0161e rodinn\u00e9 pr\u00e1vo se spole\u010dnost\u00ed s ru\u010den\u00edm omezen\u00fdm. Pokud n\u00e1m u\u017e nez\u00e1le\u017e\u00ed na pojmu otec a matka, pak nen\u00ed d\u016fvod zakl\u00e1dat rodinu. Zalo\u017eit m\u00edsto toho spole\u010dnost s ru\u010den\u00edm omezen\u00fdm m\u00e1 nesporn\u00e9 v\u00fdhody. S.r.o. se zakl\u00e1d\u00e1 ti\u0161e u not\u00e1\u0159e, ne na radnici. Not\u00e1\u0159\u016f je v\u00edc a jejich kancel\u00e1\u0159e jsou \u00fatuln\u011bj\u0161\u00ed. Pokud neklademe d\u016fraz na ve\u0159ejn\u00fd slib v\u011brnosti, je omezen\u00e9 ru\u010den\u00ed mnohem p\u0159il\u00e9hav\u011bj\u0161\u00ed n\u00e1zev. V s.r.o. m\u016f\u017ee b\u00fdt maxim\u00e1ln\u011b 50 spole\u010dn\u00edk\u016f, to prozat\u00edm p\u0159evy\u0161uje v\u011bt\u0161inu o\u010dek\u00e1v\u00e1n\u00ed. Plnolet\u00e9 d\u011bti m\u016f\u017ee s.r.o. p\u0159ijmout za spole\u010dn\u00edka a lze tak vy\u0159e\u0161it v\u0161echny komplikace spojen\u00e9 s d\u011bdictv\u00edm. Stejnopohlavn\u00ed dru\u017estva i p\u00e1ry mohou v s.r.o. vychov\u00e1vat d\u011bti. Dokonce pokud s.r.o. prohl\u00e1s\u00ed v\u00fdchovu d\u011bt\u00ed za p\u0159edm\u011bt sv\u00e9 \u010dinnosti, je mo\u017en\u00e9 mnoh\u00e9 n\u00e1klady uplatnit v da\u0148ov\u00e9m p\u0159izn\u00e1n\u00ed. Za spole\u010dn\u00edky je mo\u017en\u00e9 p\u0159ijmout i v\u011bt\u0161\u00ed po\u010det milenek a milenc\u016f. Mohou m\u00edt r\u016fzn\u00fd majetkov\u00fd vklad, lze tedy odstup\u0148ovat 30% a 5% milenku. Stejnopohlavn\u00ed s.r.o. v\u016fbec nikoho nepohor\u0161uje. Dokonce je mnohem jasn\u011bj\u0161\u00ed, co je ve vlastnictv\u00ed s.r.o. (analogie spole\u010dn\u00e9ho vlastnictv\u00ed man\u017eel\u016f), a co je v osobn\u00edm vlastnictv\u00ed spole\u010dn\u00edk\u016f, tak\u017ee nepot\u0159ebuj\u00ed p\u0159edman\u017eelskou smlouvu. Neb\u00fdt k\u0159es\u0165ansk\u00e9 tradice, musel bych navrhovat zru\u0161en\u00ed rodiny a m\u00edsto n\u00ed m\u00edt jen vztahy s ru\u010den\u00edm omezen\u00fdm. Rodina s ru\u010den\u00edm omezen\u00fdm pro v\u0161echny, pane\u010dku, to by byl politick\u00fd program! A \u00fapln\u00e9 zru\u0161en\u00ed rozvod\u016f! &nbsp;<\/p>\n<p style=\"text-align: justify;\">Jen\u017ee t\u011bch, kter\u00fdm na tradic\u00edch z\u00e1le\u017e\u00ed, kter\u00e9 doslova bol\u00ed degradace v\u00fdlu\u010dn\u00e9ho pojmu rodina, otec a matka, je nesrovnateln\u011b v\u00edc, ne\u017e t\u011bch, kter\u00fdm to d\u011bl\u00e1 radost.<\/p>\n","protected":false},"excerpt":{"rendered":"<p>8.8.2022 Poj\u010fme si ujasnit, pro\u010d se uzav\u00edr\u00e1 man\u017eelstv\u00ed. \u010c\u00edm se li\u0161\u00ed od \u017eit\u00ed na hrom\u00e1dce? Je to ve\u0159ejn\u00e1 deklarace, \u017ee mu\u017e a \u017eena k&nbsp;sob\u011b pat\u0159\u00ed. \u017de ani jeden z nich&#8230; <a class=\"read-more-button\" href=\"https:\/\/www.payne.cz\/WP15\/rodina-s-r-o-pro-vsechny\/\">\u010c\u00edst v\u00edce &gt;<\/a><\/p>\n","protected":false},"author":2,"featured_media":0,"comment_status":"closed","ping_status":"closed","sticky":false,"template":"","format":"standard","meta":{"ngg_post_thumbnail":0,"_monsterinsights_skip_tracking":false,"_monsterinsights_sitenote_active":false,"_monsterinsights_sitenote_note":"","_monsterinsights_sitenote_category":0,"footnotes":""},"categories":[3],"tags":[],"class_list":["post-2483","post","type-post","status-publish","format-standard","hentry","category-clanky"],"_links":{"self":[{"href":"https:\/\/www.payne.cz\/WP15\/wp-json\/wp\/v2\/posts\/2483","targetHints":{"allow":["GET"]}}],"collection":[{"href":"https:\/\/www.payne.cz\/WP15\/wp-json\/wp\/v2\/posts"}],"about":[{"href":"https:\/\/www.payne.cz\/WP15\/wp-json\/wp\/v2\/types\/post"}],"author":[{"embeddable":true,"href":"https:\/\/www.payne.cz\/WP15\/wp-json\/wp\/v2\/users\/2"}],"replies":[{"embeddable":true,"href":"https:\/\/www.payne.cz\/WP15\/wp-json\/wp\/v2\/comments?post=2483"}],"version-history":[{"count":1,"href":"https:\/\/www.payne.cz\/WP15\/wp-json\/wp\/v2\/posts\/2483\/revisions"}],"predecessor-version":[{"id":2484,"href":"https:\/\/www.payne.cz\/WP15\/wp-json\/wp\/v2\/posts\/2483\/revisions\/2484"}],"wp:attachment":[{"href":"https:\/\/www.payne.cz\/WP15\/wp-json\/wp\/v2\/media?parent=2483"}],"wp:term":[{"taxonomy":"category","embeddable":true,"href":"https:\/\/www.payne.cz\/WP15\/wp-json\/wp\/v2\/categories?post=2483"},{"taxonomy":"post_tag","embeddable":true,"href":"https:\/\/www.payne.cz\/WP15\/wp-json\/wp\/v2\/tags?post=2483"}],"curies":[{"name":"wp","href":"https:\/\/api.w.org\/{rel}","templated":true}]}}