{"id":2470,"date":"2022-06-05T11:51:30","date_gmt":"2022-06-05T10:51:30","guid":{"rendered":"http:\/\/www.payne.cz\/WP15\/?p=2470"},"modified":"2022-06-05T11:51:30","modified_gmt":"2022-06-05T10:51:30","slug":"evropa-je-jen-poloostrov-asie","status":"publish","type":"post","link":"https:\/\/www.payne.cz\/WP15\/evropa-je-jen-poloostrov-asie\/","title":{"rendered":"Evropa je jen poloostrov Asie"},"content":{"rendered":"\n<p style=\"text-align: right;\"><span style=\"color: #008080;\">5.6.2022<\/span><\/p>\n<p style=\"text-align: justify;\">Pokud si n\u011bkdo je\u0161t\u011b mysl\u00ed, \u017ee n\u011bjakou diplomatickou fintou ukon\u010d\u00ed ruskou agresi a \u017ee zase <em>\u201abude dob\u0159e jako p\u0159ed v\u00e1lkou\u2018<\/em>, stra\u0161n\u011b se m\u00fdl\u00ed. Rusko vyhl\u00e1silo v\u00e1lku cel\u00e9mu Z\u00e1padu. P\u0159ipravuje se ni nejm\u00e9n\u011b deset let. Putin si vybral pro zah\u00e1jen\u00ed v\u00e1lky situaci, kterou pova\u017eoval za nejv\u00fdhodn\u011bj\u0161\u00ed. Nebyla by pro n\u011bj lep\u0161\u00ed o dva roky d\u0159\u00edve ani dva roky pozd\u011bji. V\u00edra, \u017ee Putina z\u00e1zra\u010dn\u00fdm zp\u016fsobem nahrad\u00ed n\u011bjak\u00fd nov\u00fd Gorba\u010dov, je neopodstatn\u011bn\u00e1. Rusko promarnilo p\u0159\u00edle\u017eitost z devades\u00e1t\u00fdch let obnovit d\u016fv\u011bru a dal\u0161\u00ed p\u0159\u00edle\u017eitost, pokud v\u016fbec p\u0159ijde, bude a\u017e za n\u011bkolik desetilet\u00ed. Odchod Putina nic nem\u011bn\u00ed. Mnohem pravd\u011bpodobn\u011bj\u0161\u00ed je, \u017ee ho nahrad\u00ed je\u0161t\u011b pevn\u011bj\u0161\u00ed diktatura, kterou u\u017e nepovede jedna osoba, bude kolektivn\u00ed. S hospod\u00e1\u0159sk\u00fdm kolapsem Ruska se rovn\u011b\u017e ned\u00e1 po\u010d\u00edtat, na agresi se i ekonomicky chystalo p\u0159es deset let. A ur\u010dit\u011b najde p\u00e1r spojenc\u016f.<\/p>\n<p style=\"text-align: justify;\">P\u0159iznejme si, \u017ee \u0161est \u00fadajn\u011b skv\u011bl\u00fdch sank\u010dn\u00edch bal\u00ed\u010dk\u016f ze strany nejv\u011bt\u0161\u00edho trhu na sv\u011bt\u011b proti Rusku, kter\u00e9 m\u00e1 ekonomickou s\u00edlu jako It\u00e1lie, sv\u011bd\u010d\u00ed o tom, \u017ee Evropa si \u017e\u00e1dn\u00fd kolaps Ruska nep\u0159eje. Rusko toti\u017e m\u00e1 po t\u011bchto sankc\u00edch a t\u0159ech m\u011bs\u00edc\u00edch v\u00e1lky pades\u00e1tiprocentn\u00ed p\u0159ebytek v&nbsp;rozpo\u010dtu. M\u016f\u017ee radostn\u011b pokra\u010dovat v korupci, agresi, zastra\u0161ov\u00e1n\u00ed, atent\u00e1tech, otrav\u00e1ch novi\u010dokem, podpo\u0159e terorismu, v exploz\u00edch muni\u010dn\u00edch sklad\u016f, v po\u010d\u00edta\u010dov\u00e9 kriminalit\u011b a podobn\u011b.<\/p>\n<p style=\"text-align: justify;\">Jedn\u00edm z&nbsp;v\u00e1le\u010dn\u00fdch motiv\u016f je rusk\u00e9 odm\u00edt\u00e1n\u00ed f\u00e9rov\u00e9 sout\u011b\u017ee na sv\u011btov\u00fdch trz\u00edch a ve sv\u011btov\u00e9 politice. Putin si uv\u011bdomuje, \u017ee by to vedlo k&nbsp;n\u011b\u010demu podobn\u00e9mu, jako Gorba\u010dovova perestrojka. Neudr\u017eel by krok. Pot\u0159ebuje konflikt. Rusk\u00e1 propaganda b\u011b\u017e\u00ed naplno, ne v&nbsp;Evrop\u011b, ale v&nbsp;zem\u00edch, kter\u00e9 maj\u00ed nevyhran\u011bn\u00fd vztah k&nbsp;Rusku. Systematicky vyvol\u00e1v\u00e1 antiamerick\u00e9 emoce. Rusk\u00e1 agrese se m\u00e1 st\u00e1t po\u010d\u00e1tkem glob\u00e1ln\u00edho povst\u00e1n\u00ed proti NATO.<\/p>\n<p style=\"text-align: justify;\">Studen\u00e1 v\u00e1lka ukon\u010dila historicky kr\u00e1tk\u00e9 obdob\u00ed globalizace. Nen\u00ed mo\u017en\u00e9 glob\u00e1ln\u011b spolupracovat a obchodovat, pokud n\u011bkdo nerespektuje pravidla slu\u0161n\u00e9ho chov\u00e1n\u00ed. Jak\u00e1koli spolupr\u00e1ce ve v\u011bd\u011b, jak\u00e9koli sd\u00edlen\u00ed citliv\u00fdch informac\u00ed a technologi\u00ed, i vz\u00e1jemn\u00fd obchod kon\u010d\u00ed. Nato\u017epak jak\u00e9koli investice. Bylo by naivn\u00ed pro nejbli\u017e\u0161\u00ed desetilet\u00ed po\u010d\u00edtat s&nbsp;rusk\u00fdm trhem v&nbsp;libovoln\u00e9 podob\u011b. Rad\u011bji po\u010d\u00edtejme \u017ee konflikt potrv\u00e1, p\u0159\u00edjemn\u00e9 p\u0159ekvapen\u00ed je m\u00e1lo pravd\u011bpodobn\u00e9. A studen\u00e1 v\u00e1lka, kter\u00e1 u\u017e b\u011b\u017e\u00ed, potrv\u00e1 je\u0161t\u011b o l\u00e9ta d\u00e9le. Neodvolateln\u011b.<\/p>\n<p style=\"text-align: justify;\">Redukce glob\u00e1ln\u00ed spolupr\u00e1ce (a p\u0159iznejme si, \u017ee mnohdy bezohledn\u00e9), povede k mnohem v\u011bt\u0161\u00edmu d\u016frazu na dom\u00e1c\u00ed produkci nejd\u016fle\u017eit\u011bj\u0161\u00edch produkt\u016f, zejm\u00e9na l\u00e9k\u016f, povede mo\u017en\u00e1 k&nbsp;omezen\u00ed \u010d\u00ednsk\u00e9 obchodn\u00ed dominance.<\/p>\n<p style=\"text-align: justify;\">S novou \u00e9rou bipol\u00e1rn\u00edho rozd\u011blen\u00ed sv\u011bta do zna\u010dn\u00e9 m\u00edry ztr\u00e1c\u00ed smysl jak\u00e9koli \u00fasil\u00ed br\u00e1nit p\u0159\u00edpadn\u00fdm klimatick\u00fdm zm\u011bn\u00e1m. V\u00edcepol\u00e1rn\u00ed model je z mnoha d\u016fvod\u016f neuskute\u010dniteln\u00fd. V\u00e1lka p\u0159in\u00e1\u0161\u00ed mnohem hor\u0161\u00ed klimatick\u00e9 d\u016fsledky, ne\u017e jak\u00e9koli na\u0161e \u00fasil\u00ed o n\u00e1pravu. V rozd\u011blen\u00e9m sv\u011bt\u011b takov\u00e9 klimatick\u00e9 \u00fasil\u00ed znamen\u00e1 prohru pro toho, kdo se o n\u011bj bude n\u011bjak rychle pokou\u0161et. V\u0161echny \u00favahy je t\u0159eba prodlou\u017eit o n\u011bjak\u00e1 dv\u011b desetilet\u00ed. Chce-li Evropa p\u0159e\u017e\u00edt, mus\u00ed decentralizovat odpov\u011bdnost a p\u0159estat p\u0159ikazovat, co mus\u00ed v\u0161ichni d\u011blat a v\u011b\u0159it. Chloubou Evropsk\u00fdch tradic b\u00fdvala pluralita, centr\u00e1ln\u00ed evropsk\u00e9 regulace ale zastavily hled\u00e1n\u00ed \u0159e\u0161en\u00ed na lok\u00e1ln\u00ed \u00farovni, v\u0161ichni vzhl\u00ed\u017eej\u00ed k tomu, jak Brusel energetickou krizi vy\u0159e\u0161\u00ed.<\/p>\n<p style=\"text-align: justify;\">St\u00e1ty, jako \u010cesk\u00e1 republika, kter\u00e9 hazardn\u011b podcenily svou bezpe\u010dnost vojenskou, surovinovou, energetickou i politickou, ponesou nejhor\u0161\u00ed n\u00e1sledky. Nem\u00e1 smysl p\u0159\u00edli\u0161 si st\u011b\u017eovat, je to v\u00fdsledek nekompetentn\u00ed politiky posledn\u00edch dvou des\u00edtek let. Sp\u00ed\u0161 mus\u00edme zatnout zuby a hodn\u011b se sna\u017eit. A kone\u010dn\u011b zah\u00e1jit pr\u016fb\u011b\u017enou ve\u0159ejnou diskusi o bezpe\u010dnosti ve v\u0161ech v\u00fdznamech. A mimochodem asi tak zdesateron\u00e1sobit rozpo\u010det tajn\u00fdch slu\u017eeb. Nejen kv\u016fli zvl\u00e1\u0161tn\u00ed pozornosti pro b\u00fdval\u00e9 ob\u010dany Ruska, rizik bude mnohem v\u00edce.<\/p>\n<p>Jak\u00e9 jsou mo\u017enosti, p\u0159edstavme si n\u011bkolik variant budouc\u00edho v\u00fdvoje:<\/p>\n<ol>\n<li style=\"text-align: justify;\">Rusko zesl\u00e1bne pod t\u00edhou sankc\u00ed, kter\u00e9 kone\u010dn\u011b po dvan\u00e1ct\u00e9m bal\u00ed\u010dku trochu za\u010dnou p\u016fsobit. Nebude sta\u010dit sv\u011btov\u00e9mu v\u00fdvoji. Vzd\u011blan\u00ed Rusov\u00e9 ute\u010dou do exilu, pro\u010d by m\u011bli m\u00edt rusk\u00fd pas, se kter\u00fdm se \u0161patn\u011b cestuje, n\u00edzkou \u017eivotn\u00ed \u00farove\u0148 a omezen\u00e9 profesn\u00ed a \u017eivotn\u00ed mo\u017enosti. Zbyl\u00fdch sto t\u0159icet milion\u016f Rus\u016f si vytvo\u0159\u00ed gangstersk\u00fd re\u017eim, kter\u00fd se bude podobat komunistick\u00e9 Koreji. Sankce maj\u00ed kr\u00e1tkodob\u00fd v\u00fdznam, mus\u00ed n\u00e1sledovat okam\u017eit\u00e1 tvrd\u00e1 reakce. Vlekl\u00fd konflikt nakonec povede k rozd\u011blen\u00ed Ukrajiny na z\u00e1padn\u00ed a v\u00fdchodn\u00ed. Z\u00e1padn\u00ed Ukrajina se bude postupn\u011b obnovovat a za \u010das bude pro Rusko podobn\u00fdm l\u00e1kav\u00fdm i nebezpe\u010dn\u00fdm sousedem, jako bylo Z\u00e1padn\u00ed N\u011bmecko v\u016f\u010di NDR. Sv\u011bt bude pod trval\u00fdm rizikem jadern\u00e9ho \u00fatoku.&nbsp;<\/li>\n<li style=\"text-align: justify;\">Rusko s tich\u00fdm souhlasem Z\u00e1padu obsad\u00ed celou Ukrajinu. S j\u00eddlem roste hlad. V p\u0159\u00edpad\u011b Ruska neomyln\u011b. Bude jen ot\u00e1zkou \u010dasu, kdy dostane dal\u0161\u00ed agresivn\u00ed choutky. T\u0159eba v Pobalt\u00ed, nebo na Balk\u00e1n\u011b. A zkou\u0161et to bude i ve st\u0159edn\u00ed Evrop\u011b. N\u00e1klady Z\u00e1padu na takovou variantu budou tis\u00edckr\u00e1t v\u011bt\u0161\u00ed, ne\u017e kdyby se v\u00edc podporovala obrana Ukrajiny. P\u0159ipome\u0148me si, \u017ee zat\u00edm nepodporujeme v\u00e1lku, ale obranu proti bezd\u016fvodn\u00e9 agresi. Ob\u011btov\u00e1n\u00ed Ukrajiny je t\u00e9m\u011b\u0159 jist\u00e1 cesta ke glob\u00e1ln\u00ed jadern\u00e9 v\u00e1lce, jenom ji o p\u00e1r let odlo\u017e\u00ed.&nbsp;<\/li>\n<li style=\"text-align: justify;\">Mezin\u00e1rodn\u00ed po\u0159\u00e1dek nahrad\u00ed pr\u00e1vo siln\u011bj\u0161\u00edho. To ostatn\u011b vyhl\u00e1sil Putin v&nbsp;p\u0159edve\u010der rusk\u00e9 agrese. Kdy\u017e mohou Rusov\u00e9 obsadit \u010d\u00e1st ciz\u00edho \u00fazem\u00ed, mohou i ostatn\u00ed. Dejme prostor fantazii: \u010c\u00edna obsad\u00ed Taiwan a pln\u011b podpo\u0159\u00ed Rusko. Katal\u00e1nci byli hloup\u00ed, kdy\u017e doposud nepou\u017eili n\u00e1sil\u00ed k&nbsp;dosa\u017een\u00ed samostatnosti. Ma\u010fa\u0159i byli doposud m\u00e1lo agresivn\u00ed, ne\u017e aby vytvo\u0159ili Velk\u00e9 Uhry, pou\u010d\u00ed se a p\u0159ipoj\u00ed si \u010d\u00e1sti Slovenska, \u010d\u00e1sti Rumunska a \u010d\u00e1sti Ukrajiny. N\u011bmeck\u00e1 men\u0161ina v&nbsp;Rumunsku uspo\u0159\u00e1d\u00e1 referendum a vyhl\u00e1s\u00ed samostatnost. China-town v&nbsp;New Yorku tak\u00e9 vyhl\u00e1s\u00ed referendum o samostatnosti. Objev\u00ed se n\u00e1siln\u00e9 snahy o obnoven\u00ed velk\u00e9 Osmansk\u00e9 \u0159\u00ed\u0161e vojenskou silou a o\u017eivne v\u00e1le\u010dn\u00fd konflikt nejen s \u0158eckem. Budeme sledovat dal\u0161\u00ed kapitolu v&nbsp;\u0159ad\u011b ji\u017e stalet\u00ed pokra\u010duj\u00edc\u00edch Balk\u00e1nsk\u00fdch v\u00e1lek. Mimochodem, v&nbsp;Brit\u00e1nii se n\u011bkdy vtipn\u011b \u0159\u00edk\u00e1, \u017ee Balk\u00e1n za\u010d\u00edn\u00e1 za kan\u00e1lem, Brexit se odehr\u00e1l p\u0159esn\u011b v&nbsp;posledn\u00ed chv\u00edli, kdy se je\u0161t\u011b ostrovn\u00ed velmoc mohla odpoutat od dal\u0161\u00edho d\u011bjstv\u00ed balk\u00e1nsk\u00fdch v\u00e1lek. O Makedonii se tak\u00e9 svede dal\u0161\u00ed v\u00e1lka, kdov\u00edkolik\u00e1t\u00e1 v historii. Arabsk\u00fd sv\u011bt si ur\u010dit\u011b za\u010dne vy\u0159izovat \u00fa\u010dty, patrn\u011b sp\u00ed\u0161 na n\u00e1bo\u017eensk\u00fdch z\u00e1kladech, ne\u017e etnick\u00fdch. P\u0159istoup\u00edme-li na princip, \u017ee se hranice mohou m\u011bnit pr\u00e1vem siln\u011bj\u0161\u00edho, \u010dek\u00e1 n\u00e1s chaotick\u00e9 desetilet\u00ed stra\u0161liv\u00fdch v\u00e1lek.<\/li>\n<li style=\"text-align: justify;\">Nam\u00edsto bezzub\u00fdch kompromis\u016f Evropa kone\u010dn\u011b pochop\u00ed, \u017ee je v\u00e1lka a \u017ee je nutn\u00e9 p\u0159in\u00e9st kr\u00e1tkodob\u00e9 ob\u011bti a jednu zimu sp\u00e1t v ly\u017ea\u0159sk\u00e9 bund\u011b. P\u0159ijme d\u016fsledn\u00e1 opat\u0159en\u00ed, b\u011bhem n\u011bkolika m\u011bs\u00edc\u016f m\u016f\u017ee v\u00e1lka skon\u010dit. U t\u00e9to varianty, jedn\u00e9 z nejlep\u0161\u00edch, ale mus\u00edme o\u010dek\u00e1vat, \u017ee z\u00e1padoevrop\u0161t\u00ed politikov\u00e9 nevaln\u00e9ho charakteru nemaj\u00ed k takov\u00e9mu kroku odvahu. Jsou to populist\u00e9.&nbsp;<\/li>\n<li style=\"text-align: justify;\">Putin p\u0159i jedn\u00e1n\u00ed s gener\u00e1ln\u00edm tajemn\u00edkem OSN uvedl jako hlavn\u00ed argument: \u201aKdy\u017e se mohlo Kosovo odd\u011blit od Srbska, mohou se Rusov\u00e9 odd\u011blit od Ukrajiny.\u2018 Jakkoliv byl sporn\u00fd koncept humanit\u00e1rn\u00ed intervence, kterou prosazovala Madeleine Albrightov\u00e1, dalo se o n\u011bm diskutovat. Ale naprosto nelze obh\u00e1jit, \u017ee Alb\u00e1nci maj\u00ed m\u00edt dvojn\u00e1sobn\u00e9 pr\u00e1vo na sebeur\u010den\u00ed, to zp\u016fsob\u00ed sv\u011btov\u00fd chaos. Proto\u017ee alb\u00e1nsk\u00e1 men\u0161ina v Srbsku nen\u00ed nad\u00e1le ochotn\u00e1 b\u00fdt men\u0161inou, vyhl\u00e1s\u00ed samostatnost, pro Alb\u00e1nce u\u017e druhou. Doposud jsme m\u011bli za to, \u017ee men\u0161ina m\u00e1 volbu b\u00fdt nad\u00e1le men\u0161inou, jej\u00ed\u017e men\u0161inov\u00e1 pr\u00e1va maj\u00ed mezin\u00e1rodn\u00ed podporu, nebo se p\u0159est\u011bhovat do mate\u0159sk\u00e9ho st\u00e1tu a tam se st\u00e1t v\u011bt\u0161inou. Z hlediska mezin\u00e1rodn\u00edho po\u0159\u00e1dku v n\u011bjak\u00e9 konkr\u00e9tn\u00ed situaci nemus\u00ed b\u00fdt problematick\u00e1 humanit\u00e1rn\u00ed intervence, sv\u00fdm zp\u016fsobem ji nyn\u00ed tak trochu prov\u00e1d\u00ed Z\u00e1pad na Ukrajin\u011b, problematick\u00e9 bylo v p\u0159\u00edpad\u011b Kosova o dev\u011bt let pozd\u011bji odd\u011blen\u00ed podporovan\u00e9 Evropskou uni\u00ed, kter\u00e1 vyhl\u00e1sila, \u017ee Kosovo se stane \u010dlenem, jakmile to bude mo\u017en\u00e9. T\u00edm se humanit\u00e1rn\u00ed intervence zm\u011bnila v \u00fazemn\u00ed agresi. EU nese podstatn\u00fd d\u00edl odpov\u011bdnosti za rusko-ukrajinskou v\u00e1lku. Diplomaticky kompromisn\u00edm n\u00e1vrhem by mohlo b\u00fdt jedn\u00e1n\u00ed o tom, \u017ee se \u00fazem\u00ed Kosova kultivovan\u00fdm zp\u016fsobem vr\u00e1t\u00ed Srbsku a Rusov\u00e9 vyklid\u00ed Ukrajinu v hranic\u00edch potvrzen\u00fdch v Budape\u0161\u0165sk\u00e9m memorandu. T\u00edm by byl cel\u00e9mu sv\u011btu vysl\u00e1n vzkaz, \u017ee hranice se nem\u011bn\u00ed silou, ale jedn\u00e1n\u00edm, nemohou se upravovat podle etnick\u00e9ho slo\u017een\u00ed obyvatelstva. (Etnick\u00e9 d\u011blen\u00ed je mimochodem dal\u0161\u00ed v\u00e1le\u010dnou odpov\u011bdnost\u00ed EU za Vance-Owen\u016fv pl\u00e1n, kter\u00fd rozdm\u00fdchal masivn\u00ed vra\u017ed\u011bn\u00ed v Jugosl\u00e1vii). U t\u00e9to varianty mus\u00edme m\u00edt nejv\u011bt\u0161\u00ed obavy z nevaln\u00fdch mor\u00e1ln\u00edch vlastnost\u00ed z\u00e1padoevropsk\u00fdch politik\u016f. Budou usilovat o kompromis, kter\u00fd zaplat\u00ed Ukrajinci, m\u00edsto aby p\u0159iznali sv\u00e9 vlastn\u00ed fat\u00e1ln\u00ed selh\u00e1n\u00ed, kter\u00e9ho Putin vyu\u017eil k od\u016fvodn\u011bn\u00ed agrese. Jak se vtipn\u011b traduje, Evropa je skv\u011bl\u00e9 m\u00edsto pro \u017eivot, m\u00e1 jen dva probl\u00e9my: Francii a N\u011bmecko. Nejv\u00edce se mus\u00edme ob\u00e1vat mor\u00e1ln\u00edho selh\u00e1n\u00ed francouzsk\u00e9ho prezidenta a n\u011bmeck\u00e9ho kancl\u00e9\u0159e. M\u00e1lo si p\u0159ipom\u00edn\u00e1me mor\u00e1ln\u00ed odpov\u011bdnost Francie za Mnichovskou smlouvu a za v\u00e1lku proti Libyi. Kdyby n\u011bme\u010dt\u00ed a francouz\u0161t\u00ed politikov\u00e9 mor\u00e1ln\u011b neselh\u00e1vali, byla by kompenzace \u201aKosovo za Ukrajinu\u2018 nejlevn\u011bj\u0161\u00ed variantou. Ale vy\u017eaduje opravdu charaktern\u00ed politiky, kte\u0159\u00ed um\u00ed p\u0159iznat chybu.<\/li>\n<\/ol>\n<p style=\"text-align: justify;\">Spojen\u00e9 st\u00e1ty op\u011bt mus\u00ed \u0159e\u0161it nezodpov\u011bdnost Evropan\u016f, kte\u0159\u00ed po desetilet\u00ed podcenili investice do obrany. A\u010dkoliv se t\u011b\u017ei\u0161t\u011b sv\u011btov\u00e9ho d\u011bn\u00ed pln\u011b p\u0159esunulo do Pacifiku, Ameri\u010dan\u00e9 je\u0161t\u011b vn\u00edmaj\u00ed n\u011bjakou odpov\u011bdnost za Evropu. A nelze si nepov\u0161imnout izolacionistick\u00fdch tendenc\u00ed, kter\u00e9 se z\u00e1konit\u011b objevuj\u00ed. Zat\u00edmco NATO, jakkoli nyn\u00ed \u00fadajn\u011b brilantn\u011b semknut\u00e9, je mo\u017en\u00e1 na sklonku sv\u00e9 existence, v&nbsp;Pacifiku u\u017e vznikl z\u00e1rodek nov\u00e9 a d\u016fle\u017eit\u011bj\u0161\u00ed aliance. Jak se \u017eertem \u0159\u00edk\u00e1, Evropa je jen poloostrov Asie, a\u010dkoliv Evropan\u00e9 si st\u00e1le mysl\u00ed, \u017ee jsou st\u0159edem sv\u011bta. Mimochodem, nukle\u00e1rn\u00ed v\u00e1lka by se neodehr\u00e1vala nad Evropou, ale nad Pacifikem, trajektorie st\u0159el jsou tam krat\u0161\u00ed, Evropa skute\u010dn\u011b nen\u00ed st\u0159edem sv\u011bta.<\/p>\n","protected":false},"excerpt":{"rendered":"<p>5.6.2022 Pokud si n\u011bkdo je\u0161t\u011b mysl\u00ed, \u017ee n\u011bjakou diplomatickou fintou ukon\u010d\u00ed ruskou agresi a \u017ee zase \u201abude dob\u0159e jako p\u0159ed v\u00e1lkou\u2018, stra\u0161n\u011b se m\u00fdl\u00ed. Rusko vyhl\u00e1silo v\u00e1lku cel\u00e9mu Z\u00e1padu. P\u0159ipravuje&#8230; <a class=\"read-more-button\" href=\"https:\/\/www.payne.cz\/WP15\/evropa-je-jen-poloostrov-asie\/\">\u010c\u00edst v\u00edce &gt;<\/a><\/p>\n","protected":false},"author":2,"featured_media":0,"comment_status":"closed","ping_status":"closed","sticky":false,"template":"","format":"standard","meta":{"ngg_post_thumbnail":0,"_monsterinsights_skip_tracking":false,"_monsterinsights_sitenote_active":false,"_monsterinsights_sitenote_note":"","_monsterinsights_sitenote_category":0,"footnotes":""},"categories":[3],"tags":[],"class_list":["post-2470","post","type-post","status-publish","format-standard","hentry","category-clanky"],"_links":{"self":[{"href":"https:\/\/www.payne.cz\/WP15\/wp-json\/wp\/v2\/posts\/2470","targetHints":{"allow":["GET"]}}],"collection":[{"href":"https:\/\/www.payne.cz\/WP15\/wp-json\/wp\/v2\/posts"}],"about":[{"href":"https:\/\/www.payne.cz\/WP15\/wp-json\/wp\/v2\/types\/post"}],"author":[{"embeddable":true,"href":"https:\/\/www.payne.cz\/WP15\/wp-json\/wp\/v2\/users\/2"}],"replies":[{"embeddable":true,"href":"https:\/\/www.payne.cz\/WP15\/wp-json\/wp\/v2\/comments?post=2470"}],"version-history":[{"count":5,"href":"https:\/\/www.payne.cz\/WP15\/wp-json\/wp\/v2\/posts\/2470\/revisions"}],"predecessor-version":[{"id":2475,"href":"https:\/\/www.payne.cz\/WP15\/wp-json\/wp\/v2\/posts\/2470\/revisions\/2475"}],"wp:attachment":[{"href":"https:\/\/www.payne.cz\/WP15\/wp-json\/wp\/v2\/media?parent=2470"}],"wp:term":[{"taxonomy":"category","embeddable":true,"href":"https:\/\/www.payne.cz\/WP15\/wp-json\/wp\/v2\/categories?post=2470"},{"taxonomy":"post_tag","embeddable":true,"href":"https:\/\/www.payne.cz\/WP15\/wp-json\/wp\/v2\/tags?post=2470"}],"curies":[{"name":"wp","href":"https:\/\/api.w.org\/{rel}","templated":true}]}}