{"id":2461,"date":"2022-05-10T12:37:36","date_gmt":"2022-05-10T11:37:36","guid":{"rendered":"http:\/\/www.payne.cz\/WP15\/?p=2461"},"modified":"2022-05-10T12:37:36","modified_gmt":"2022-05-10T11:37:36","slug":"o-rusko-nikdo-nema-zajem-tak-se-budou-bat","status":"publish","type":"post","link":"https:\/\/www.payne.cz\/WP15\/o-rusko-nikdo-nema-zajem-tak-se-budou-bat\/","title":{"rendered":"O Rusko nikdo nem\u00e1 z\u00e1jem, tak se budou b\u00e1t"},"content":{"rendered":"\n<p style=\"text-align: right;\"><span style=\"color: #008080;\">10.5.2022<\/span><\/p>\n<p>Pro\u010d vlastn\u011b Putin zah\u00e1jil v\u00e1lku na Ukrajin\u011b?<\/p>\n<p style=\"text-align: justify;\">Zpo\u010d\u00e1tku v p\u0159edve\u010der \u00fatoku to vypadalo v Putinov\u011b projevu jen jakoby&nbsp; ledabyl\u00e9 konstatov\u00e1n\u00ed, \u017ee vlastn\u011b Ukrajina nen\u00ed st\u00e1t, \u017ee ani nem\u00e1 n\u00e1rok na samostatnou existenci. Poslucha\u010d si m\u011bl domyslet, \u017ee o nic nejde, \u017ee prost\u011b jist\u00e1 speci\u00e1ln\u00ed operace vy\u0159e\u0161\u00ed probl\u00e9m, komu toto \u00fazem\u00ed nikoho pat\u0159\u00ed. O n\u011bco pozd\u011bji to rozvedla agentura RIO-Novosti: <em>\u201eUkrajinstv\u00ed je um\u011bl\u00e1 protirusk\u00e1 konstrukce bez vlastn\u00edho civiliza\u010dn\u00edho obsahu\u2026\u201c<\/em><\/p>\n<p style=\"text-align: justify;\">Z\u00e1rove\u0148 se objevilo Putinovo tvrzen\u00ed, \u017ee na Ukrajin\u011b jsou fa\u0161ist\u00e9, kter\u00e9 je t\u0159eba v&nbsp;z\u00e1jmu cel\u00e9ho lidstva vyhladit. Podle Putina jde obrazn\u011b \u0159e\u010deno o u\u0161lechtil\u00fd z\u00e1m\u011br, Rusko pouze pln\u00ed sv\u00e9 mesi\u00e1\u0161sk\u00e9 posl\u00e1n\u00ed a zachra\u0148uje sv\u011bt. V&nbsp;kontextu rusk\u00fdch militantn\u00edch tradic jde vlastn\u011b o svatou v\u00e1lku. A jak se poznaj\u00ed? <em>Fa\u0161ista je ka\u017ed\u00fd, kdo se protiv\u00ed rusk\u00fdm z\u00e1jm\u016fm.<\/em><\/p>\n<p style=\"text-align: justify;\">Putin p\u0159idal do kotl\u00edku od\u016fvodn\u011bn\u00ed vedle fa\u0161ismu tak\u00e9 pojem nacismus. \u017d\u00e1dn\u00e1 v\u00e1lka sice neexistuje, ale n\u011bkte\u0159\u00ed voj\u00e1ci na Rud\u00e9m n\u00e1m\u011bst\u00ed se \u201apr\u00e1v\u011b vr\u00e1tili z boj\u016f proti nacist\u016fm\u2018. Je samoz\u0159ejm\u011b s podivem, \u017ee doposud speci\u00e1ln\u00ed operace \u017e\u00e1dn\u00e9ho fa\u0161istu ani nacistu nena\u0161la. Naopak mno\u017e\u00ed se doklady, \u017ee pr\u00e1v\u011b rusk\u00e9 jednotky si p\u0159i Putinov\u011b <em>\u201edenacifikaci\u201c<\/em> po\u010d\u00ednaj\u00ed na Ukrajin\u011b nejen stejn\u011b, ale n\u011bkdy i h\u016f\u0159, ne\u017e kdy\u017e byly na Ukrajin\u011b n\u011bmeck\u00e9 jednotky za v\u00e1lky.<\/p>\n<p style=\"text-align: justify;\">Dal\u0161\u00edm motivem m\u011blo b\u00fdt tvrzen\u00ed, \u017ee si Ukrajinci cht\u011bj\u00ed vyr\u00e1b\u011bt jadern\u00e9 zbran\u011b. A Rusko ob\u011btav\u011b db\u00e1 na dodr\u017eov\u00e1n\u00ed mezin\u00e1rodn\u00ed smlouvy o ne\u0161\u00ed\u0159en\u00ed jadern\u00fdch zbran\u00ed, tak\u017ee okupac\u00ed takovou v\u00fdrobu zastav\u00ed.<\/p>\n<p style=\"text-align: justify;\">A tak\u00e9 se objevilo tvrzen\u00ed, \u017ee Rusko pouze h\u00e1j\u00ed sv\u00e9 \u00fadajn\u011b \u201aopr\u00e1vn\u011bn\u00e9 bezpe\u010dnostn\u00ed z\u00e1jmy\u2018. To vych\u00e1z\u00ed z&nbsp;postul\u00e1tu, kter\u00fd zn\u00e1me u\u017e z&nbsp;doby okupace u n\u00e1s: <em>velk\u00e9 st\u00e1ty d\u011blaj\u00ed, co cht\u011bj\u00ed, mal\u00e9 st\u00e1ty d\u011blaj\u00ed, co mus\u00ed<\/em>. Na to nav\u00e1zal po\u017eadavek, \u017ee NATO se mus\u00ed st\u00e1hnout za rudou \u010d\u00e1ru neboli \u017eeleznou oponu studen\u00e9 v\u00e1lky z&nbsp;roku 1997. A z\u00e1rove\u0148 se mus\u00ed zav\u00e1zat, \u017ee se nebude roz\u0161i\u0159ovat. Lavrov dokonce v&nbsp;jist\u00e9 chv\u00edli tvrd\u00ed, \u017ee agrese na Ukrajin\u011b je <em>\u201ed\u016fsledkem neomezen\u00e9ho roz\u0161i\u0159ov\u00e1n\u00ed NATO\u201c<\/em>. NATO vzniklo jako obrann\u00e1 aliance s&nbsp;posl\u00e1n\u00edm, \u017ee bude kolektivn\u011b br\u00e1nit demokratick\u00e9 st\u00e1ty, kter\u00e9 teprve po spln\u011bn\u00ed dost n\u00e1ro\u010dn\u00fdch podm\u00ednek p\u0159\u00edpadn\u011b mohou b\u00fdt mo\u017en\u00e1 p\u0159ijaty. NATO se neroz\u0161i\u0159uje tak, \u017ee se rozhodne zabrat n\u011bjak\u00e9 \u00fazem\u00ed. &nbsp;Potvrd\u00ed to ka\u017ed\u00fd \u010dlensk\u00fd st\u00e1t.<\/p>\n<p style=\"text-align: justify;\">Zaj\u00edmav\u00fd slovn\u00ed obrat pou\u017eil Putin v rozhovoru s Antoniem Guterresem, toti\u017e \u017ee zabr\u00e1n\u00ed Krymu byl <em>\u201evynucen\u00fd tah\u201c<\/em>, tak\u017ee Rusov\u00e9 za nic nem\u016f\u017eou. Vypad\u00e1 to, \u017ee pou\u017eil nep\u0159\u00edm\u00fd cit\u00e1t V\u00e1clava Klause. Vida, jak \u010de\u0161t\u00ed politikov\u00e9 svou kreativitou ovliv\u0148uj\u00ed sv\u011btovou politiku.&nbsp;<\/p>\n<p style=\"text-align: justify;\">Pom\u011brn\u011b nov\u00e1 a hlavn\u011b nov\u011b formulovan\u00e1 z\u00e1minka je tvrzen\u00ed, \u017ee Ukrajina cht\u011bla Rusko napadnout a \u017ee se Rusko jenom br\u00e1n\u00ed <em>preventivn\u00edm \u00faderem<\/em>. V&nbsp;jin\u00e9 variant\u011b pr\u00fd m\u00e1 dokonce Z\u00e1pad \u00famysl Rusko okupovat. Pot\u00e9, co si tam vyl\u00e1mal zuby Napoleon a Hitler? A\u0165 hled\u00e1m, jak hled\u00e1m, nevid\u00edm nikoho, komu by se do Ruska cht\u011blo. Pr\u00e1v\u011b v&nbsp;tom je rusk\u00fd probl\u00e9m: <em>proto\u017ee nikdo nem\u00e1 z\u00e1jem, budou se alespo\u0148 v\u0161ichni b\u00e1t<\/em>. Rusko nebav\u00ed role tankovac\u00ed stanice pro Evropu.<\/p>\n<p style=\"text-align: justify;\">Putin se v&nbsp;rozhovoru s Guterresem pokusil mimo jin\u00e9 obh\u00e1jit ruskou taktiku, podle kter\u00e9 se \u00fazem\u00ed destabilizuje, obsad\u00ed vojensk\u00fdmi silami, pak se uspo\u0159\u00e1d\u00e1 referendum, vyhl\u00e1s\u00ed se \u201asebeur\u010den\u00ed\u2018 a nov\u011b vznikl\u00fd separatistick\u00fd st\u00e1t, kter\u00fd sice nebyl uzn\u00e1n mezin\u00e1rodn\u011b, po\u017e\u00e1d\u00e1 o p\u0159ipojen\u00ed k&nbsp;Rusk\u00e9 federaci. Rusko jenom odpov\u00edd\u00e1 na pozv\u00e1n\u00ed. Je to modifikace Hitlerovy sudetsk\u00e9 karty. Plat\u00ed-li pr\u00e1vo na sebeur\u010den\u00ed, plat\u00ed jenom jednou. Ka\u017ed\u00e1 men\u0161ina se podle Charty OSN m\u016f\u017ee rozhodnout, zda chce \u017e\u00edt v&nbsp;n\u011bjak\u00e9m st\u00e1t\u011b jako men\u0161ina se v\u0161emi men\u0161inov\u00fdmi pr\u00e1vy, nebo zda se chce p\u0159est\u011bhovat do sv\u00e9ho sebeur\u010den\u00e9ho st\u00e1tu a tam b\u00fdt v\u011bt\u0161inou.<\/p>\n<p style=\"text-align: justify;\">Putin tak\u00e9 opakovan\u011b uv\u00e1d\u00ed, \u017ee mu jde o prosazen\u00ed n\u011bjak\u00e9ho nov\u00e9ho sv\u011btov\u00e9ho po\u0159\u00e1dku. Ov\u0161em p\u0159edstava o sv\u011btov\u00e9m uspo\u0159\u00e1d\u00e1n\u00ed, kter\u00e9 loni v prosinci poslal do Washingtonu, vypad\u00e1 pr\u00e1v\u011b jako sv\u011bt zalo\u017een\u00fd na tom, \u017ee velk\u00e9 st\u00e1ty si podle pr\u00e1va siln\u011bj\u0161\u00edho mohou bezohledn\u011b d\u011blat, co cht\u011bj\u00ed. Jinak \u0159e\u010deno <em>sv\u011btov\u00fd chaos<\/em>.<\/p>\n<p style=\"text-align: justify;\">Dal\u0161\u00ed z\u00e1minkou m\u00e1 b\u00fdt p\u0159edstava, \u017ee Rusko jenom obsazuje sv\u00e1 <em>\u201ehistorick\u00e1 \u00fazem\u00ed\u201c<\/em>, jak to Putin na Rud\u00e9m n\u00e1m\u011bst\u00ed formuloval. To sice vypad\u00e1 \u00fasm\u011bvn\u011b, ale ve skute\u010dnosti je to nejvra\u017eedn\u011bj\u0161\u00ed tvrzen\u00ed ze v\u0161ech. M\u011bla-li by se prosadit tato p\u0159edstava, pak si nikdo na sv\u011bt\u011b nem\u016f\u017ee b\u00fdt jist svou bezpe\u010dnost\u00ed. Ka\u017ed\u00e9 \u00fazem\u00ed na zem\u011bkouli v&nbsp;minulosti pat\u0159ilo n\u011bkomu jin\u00e9mu, \u017e\u00e1dn\u00e1 mezist\u00e1tn\u00ed hranice v&nbsp;takov\u00e9m pop\u0159\u00edpad\u011b neplat\u00ed. Znovu se pro uspo\u0159\u00e1d\u00e1n\u00ed sv\u011bta potvrzuje d\u016fle\u017eitost principu suverenity, o kter\u00e9m Kissinger tvrd\u00ed, \u017ee to je to nejd\u016fle\u017eit\u011bj\u0161\u00ed, co Evropa p\u0159inesla lidstvu. Na suverenit\u011b byl zalo\u017een syst\u00e9m bezpe\u010dnosti po V\u00edde\u0148sk\u00e9m kongresu v&nbsp;roce 1814, na suverenit\u011b je postavena Charta OSN, podle kter\u00e9 \u017e\u00e1dn\u00fd st\u00e1t nesm\u00ed jin\u00e9mu vypov\u011bd\u011bt v\u00e1lku.<\/p>\n<p style=\"text-align: justify;\">Jakkoli je Z\u00e1pad \u00fadajn\u011b dekadentn\u00ed, jakkoli proch\u00e1z\u00ed demokracie slo\u017eit\u00fdm obdob\u00edm, st\u00e1le p\u0159edstavuje v d\u011bjin\u00e1ch lidstva nejspolehliv\u011bj\u0161\u00ed z\u00e1ruku pro svobodu ka\u017ed\u00e9ho jednotliv\u00e9ho \u010dlov\u011bka. Z Putinovy argumentace si m\u016f\u017eeme vz\u00edt mo\u017en\u00e1 u\u017e d\u00e1vno zn\u00e1m\u00e9 ponau\u010den\u00ed: ka\u017ed\u00fd politick\u00fd krok mus\u00ed b\u00fdt velmi v\u00e1\u017en\u011b posuzov\u00e1n z obecn\u00e9ho etick\u00e9ho hlediska. Z\u00e1jmy nejsou nevy\u0161\u0161\u00ed prioritou, nemor\u00e1ln\u00ed osoby do politiky nepat\u0159\u00ed.&nbsp;<\/p>\n","protected":false},"excerpt":{"rendered":"<p>10.5.2022 Pro\u010d vlastn\u011b Putin zah\u00e1jil v\u00e1lku na Ukrajin\u011b? Zpo\u010d\u00e1tku v p\u0159edve\u010der \u00fatoku to vypadalo v Putinov\u011b projevu jen jakoby&nbsp; ledabyl\u00e9 konstatov\u00e1n\u00ed, \u017ee vlastn\u011b Ukrajina nen\u00ed st\u00e1t, \u017ee ani nem\u00e1 n\u00e1rok&#8230; <a class=\"read-more-button\" href=\"https:\/\/www.payne.cz\/WP15\/o-rusko-nikdo-nema-zajem-tak-se-budou-bat\/\">\u010c\u00edst v\u00edce &gt;<\/a><\/p>\n","protected":false},"author":2,"featured_media":0,"comment_status":"closed","ping_status":"closed","sticky":false,"template":"","format":"standard","meta":{"ngg_post_thumbnail":0,"_monsterinsights_skip_tracking":false,"_monsterinsights_sitenote_active":false,"_monsterinsights_sitenote_note":"","_monsterinsights_sitenote_category":0,"footnotes":""},"categories":[3],"tags":[],"class_list":["post-2461","post","type-post","status-publish","format-standard","hentry","category-clanky"],"_links":{"self":[{"href":"https:\/\/www.payne.cz\/WP15\/wp-json\/wp\/v2\/posts\/2461","targetHints":{"allow":["GET"]}}],"collection":[{"href":"https:\/\/www.payne.cz\/WP15\/wp-json\/wp\/v2\/posts"}],"about":[{"href":"https:\/\/www.payne.cz\/WP15\/wp-json\/wp\/v2\/types\/post"}],"author":[{"embeddable":true,"href":"https:\/\/www.payne.cz\/WP15\/wp-json\/wp\/v2\/users\/2"}],"replies":[{"embeddable":true,"href":"https:\/\/www.payne.cz\/WP15\/wp-json\/wp\/v2\/comments?post=2461"}],"version-history":[{"count":1,"href":"https:\/\/www.payne.cz\/WP15\/wp-json\/wp\/v2\/posts\/2461\/revisions"}],"predecessor-version":[{"id":2462,"href":"https:\/\/www.payne.cz\/WP15\/wp-json\/wp\/v2\/posts\/2461\/revisions\/2462"}],"wp:attachment":[{"href":"https:\/\/www.payne.cz\/WP15\/wp-json\/wp\/v2\/media?parent=2461"}],"wp:term":[{"taxonomy":"category","embeddable":true,"href":"https:\/\/www.payne.cz\/WP15\/wp-json\/wp\/v2\/categories?post=2461"},{"taxonomy":"post_tag","embeddable":true,"href":"https:\/\/www.payne.cz\/WP15\/wp-json\/wp\/v2\/tags?post=2461"}],"curies":[{"name":"wp","href":"https:\/\/api.w.org\/{rel}","templated":true}]}}