{"id":2446,"date":"2022-04-13T17:48:35","date_gmt":"2022-04-13T16:48:35","guid":{"rendered":"http:\/\/www.payne.cz\/WP15\/?p=2446"},"modified":"2022-04-13T17:48:35","modified_gmt":"2022-04-13T16:48:35","slug":"debata-o-zakladne-je-predcasna","status":"publish","type":"post","link":"https:\/\/www.payne.cz\/WP15\/debata-o-zakladne-je-predcasna\/","title":{"rendered":"Debata o z\u00e1kladn\u011b je p\u0159ed\u010dasn\u00e1"},"content":{"rendered":"\n<p style=\"text-align: right;\"><span style=\"color: #008080;\">11.4.2022<\/span><\/p>\n<p style=\"text-align: justify;\">Vypad\u00e1 to, \u017ee se u n\u00e1s rozpoutala v\u00e1\u0161niv\u00e1 debata pro a proti USA. Zat\u00edm se zd\u00e1, \u017ee v\u016fbec nejde o NATO nebo z\u00e1kladnu, \u017ee jde jenom o protiamerick\u00e9 emoce. N\u011bkte\u0159\u00ed jsou proti USA a pro Putina, n\u011bkte\u0159\u00ed jsou proti USA i proti Putinovi.<\/p>\n<p style=\"text-align: justify;\">Podstatn\u00e1 je p\u0159ece na\u0161e bezpe\u010dnost. A ta je sou\u010d\u00e1st\u00ed bezpe\u010dnosti cel\u00e9 Aliance. M\u016f\u017eeme deklarovat, \u017ee chceme svou \u00fa\u010dast v&nbsp;Alianci minimalizovat, Francouzi to kdysi ud\u011blali, proto\u017ee m\u011bli jadern\u00e9 zbran\u011b. Ale v&nbsp;takov\u00e9m p\u0159\u00edpad\u011b si mus\u00edme svou obranu zaplati sami. V&nbsp;r\u00e1mci Aliance n\u00e1m sta\u010d\u00ed p\u00e1r des\u00edtek st\u00edha\u010dek, pokud chceme spol\u00e9hat na sv\u00e9 s\u00edly, mus\u00edme jich m\u00edt v\u00edc ne\u017e sto dvacet. K&nbsp;tomu je\u0161t\u011b podzvukov\u00e1 letadla. Mus\u00edme si po\u0159\u00eddit vlastn\u00ed protiraketovou obranu pro v\u0161echny typy raket. Mus\u00edme l\u00e9pe zabezpe\u010dit obranu na\u0161ich hranic. V&nbsp;p\u0159\u00edpad\u011b napaden\u00ed \u2013 jsme Putin\u016fv nep\u0159\u00edtel \u010d\u00edslo jedna v&nbsp;Evrop\u011b a sl\u00edbil, \u017ee n\u00e1s vysvobod\u00ed z&nbsp;NATO \u2013 se mus\u00edme sami ubr\u00e1nit minim\u00e1ln\u011b stejnou dobu, jako Ukrajinci, ale bez p\u0159\u00edsunu zbran\u00ed ze zahrani\u010d\u00ed. T\u011b\u017eko m\u016f\u017eeme spol\u00e9hat na n\u011bjakou masivn\u00ed pomoc, kdy\u017e si nep\u0159ejeme p\u0159\u00edtomnost ciz\u00edch voj\u00e1k\u016f na na\u0161em \u00fazem\u00ed.<\/p>\n<p style=\"text-align: justify;\">Tak poj\u010fme p\u0159em\u00fd\u0161let o jin\u00e9 alternativ\u011b. Jak\u00e1 jsou na\u0161e bezpe\u010dnostn\u00ed rizika? Nyn\u00ed to je \u00fatok raketou na na\u0161e \u00fazem\u00ed. Jsme &nbsp;nep\u0159\u00edtelem \u010d\u00edslo jedna v&nbsp;Evrop\u011b. Jinak \u0159e\u010deno, prvn\u00ed Putinova raketa by let\u011bla na Prahu. Nejpravd\u011bpodobn\u011bji z&nbsp;Kaliningradu, to je tis\u00edc kilometr\u016f, v&nbsp;ide\u00e1ln\u00edm dosahu raket.<\/p>\n<p style=\"text-align: justify;\">K&nbsp;protiraketov\u00e9 obran\u011b bychom mohli pou\u017e\u00edt nap\u0159\u00edklad syst\u00e9m Patriot. Koupili si ho Pol\u00e1ci, maj\u00ed ho Slov\u00e1ci. Na pokryt\u00ed cel\u00e9ho na\u0161eho \u00fazem\u00ed bychom jich pot\u0159ebovali minim\u00e1ln\u011b 5. Jeden stoj\u00ed, odhaduji, asi pades\u00e1t miliard. Pokud bychom se zapojili do n\u011bjak\u00e9 formy spole\u010dn\u00e9 protiraketov\u00e9 obrany, m\u016f\u017ee to na\u0161e riziko alespo\u0148 z\u010d\u00e1sti vy\u0159e\u0161it a n\u00e1klady sn\u00ed\u017eit.<\/p>\n<p style=\"text-align: justify;\">Tak\u017ee poj\u010fme diskusi trochu konkretizovat: m\u00e1me nyn\u00ed na \u00fa\u010dtu ministerstva obrany voln\u00fdch 250 miliard a dal\u0161\u00ed finance, na provoz a budouc\u00ed modernizaci? A m\u00e1me na \u00fa\u010dtu dal\u0161\u00ed finance, na protitankovou obranu, drony a dal\u0161\u00ed bezpilotn\u00ed prost\u0159edky\u2026? Tak\u017ee doporu\u010duji za\u010d\u00edt skute\u010dnou diskusi, a\u017e bude na stole re\u00e1ln\u00fd n\u00e1vrh.<\/p>\n<p style=\"text-align: justify;\">A jak\u00e9 podm\u00ednky si vyjednat? Smlouva o radaru obsahovala ustanoven\u00ed, \u017ee budeme mezi prvn\u00edmi, kdo bude dost\u00e1vat p\u0159esn\u00e1 data o glob\u00e1ln\u00ed balistick\u00e9 bezpe\u010dnosti. Smlouvu poh\u0159bil Topol\u00e1nek, kter\u00fd dodnes nepochopil, o co se tehdy jednalo. Dneska jsme c\u00edlem prvn\u00edho rusk\u00e9ho \u00fatoku a nem\u00e1me \u017e\u00e1dnou obranu. Jsme v&nbsp;situaci, \u017ee pros\u00edme o pomoc, tehdy jsme mohli m\u00edt \u00fa\u017easn\u00e9 v\u00fdhody. N\u011bco podobn\u00e9ho u\u017e nevyjedn\u00e1me, tak\u017ee v&nbsp;po\u0159\u00e1dku jsou standardn\u00ed smluvn\u00ed podm\u00ednky (krom\u011b standardn\u00ed smlouvy o konkr\u00e9tn\u00edm \u0159e\u0161en\u00ed smlouva SOFA atd.).<\/p>\n<p>&nbsp;<\/p>\n<p>&nbsp;<\/p>\n","protected":false},"excerpt":{"rendered":"<p>11.4.2022 Vypad\u00e1 to, \u017ee se u n\u00e1s rozpoutala v\u00e1\u0161niv\u00e1 debata pro a proti USA. Zat\u00edm se zd\u00e1, \u017ee v\u016fbec nejde o NATO nebo z\u00e1kladnu, \u017ee jde jenom o protiamerick\u00e9 emoce&#8230;. <a class=\"read-more-button\" href=\"https:\/\/www.payne.cz\/WP15\/debata-o-zakladne-je-predcasna\/\">\u010c\u00edst v\u00edce &gt;<\/a><\/p>\n","protected":false},"author":2,"featured_media":0,"comment_status":"closed","ping_status":"closed","sticky":false,"template":"","format":"standard","meta":{"ngg_post_thumbnail":0,"_monsterinsights_skip_tracking":false,"_monsterinsights_sitenote_active":false,"_monsterinsights_sitenote_note":"","_monsterinsights_sitenote_category":0,"footnotes":""},"categories":[3],"tags":[],"class_list":["post-2446","post","type-post","status-publish","format-standard","hentry","category-clanky"],"_links":{"self":[{"href":"https:\/\/www.payne.cz\/WP15\/wp-json\/wp\/v2\/posts\/2446","targetHints":{"allow":["GET"]}}],"collection":[{"href":"https:\/\/www.payne.cz\/WP15\/wp-json\/wp\/v2\/posts"}],"about":[{"href":"https:\/\/www.payne.cz\/WP15\/wp-json\/wp\/v2\/types\/post"}],"author":[{"embeddable":true,"href":"https:\/\/www.payne.cz\/WP15\/wp-json\/wp\/v2\/users\/2"}],"replies":[{"embeddable":true,"href":"https:\/\/www.payne.cz\/WP15\/wp-json\/wp\/v2\/comments?post=2446"}],"version-history":[{"count":1,"href":"https:\/\/www.payne.cz\/WP15\/wp-json\/wp\/v2\/posts\/2446\/revisions"}],"predecessor-version":[{"id":2447,"href":"https:\/\/www.payne.cz\/WP15\/wp-json\/wp\/v2\/posts\/2446\/revisions\/2447"}],"wp:attachment":[{"href":"https:\/\/www.payne.cz\/WP15\/wp-json\/wp\/v2\/media?parent=2446"}],"wp:term":[{"taxonomy":"category","embeddable":true,"href":"https:\/\/www.payne.cz\/WP15\/wp-json\/wp\/v2\/categories?post=2446"},{"taxonomy":"post_tag","embeddable":true,"href":"https:\/\/www.payne.cz\/WP15\/wp-json\/wp\/v2\/tags?post=2446"}],"curies":[{"name":"wp","href":"https:\/\/api.w.org\/{rel}","templated":true}]}}