{"id":2410,"date":"2022-03-24T10:17:28","date_gmt":"2022-03-24T09:17:28","guid":{"rendered":"http:\/\/www.payne.cz\/WP15\/?p=2410"},"modified":"2022-03-24T10:17:28","modified_gmt":"2022-03-24T09:17:28","slug":"ceske-predsednictvi","status":"publish","type":"post","link":"https:\/\/www.payne.cz\/WP15\/ceske-predsednictvi\/","title":{"rendered":"\u010cesk\u00e9 p\u0159edsednictv\u00ed"},"content":{"rendered":"\n<p style=\"text-align: right;\"><span style=\"color: #008080;\">21.2.2022<\/span><\/p>\n<p style=\"text-align: justify;\"><span style=\"color: #008080;\">Evropsk\u00e1 unie m\u00e1 v&nbsp;posledn\u00edch letech za sebou n\u011bkolik n\u00e1ro\u010dn\u00fdch zkou\u0161ek. Nejd\u0159\u00edve to byla migra\u010dn\u00ed krize, pak pandemie Covid-19 a te\u010f krize energetick\u00e1. Jak podle v\u00e1s v t\u011bchto n\u00e1ro\u010dn\u00fdch \u00fakolech obst\u00e1la?&nbsp;\u200b<\/span><\/p>\n<p style=\"text-align: justify;\">Evropsk\u00e1 unie m\u00e1 neskonale velkou tendenci podce\u0148ovat d\u011bn\u00ed kolem, z\u016fst\u00e1v\u00e1 na povrchu v&nbsp;barvotiskov\u00e9m zjednodu\u0161en\u00ed. Migraci se pokusila \u0159e\u0161it silou a reglementac\u00ed, p\u0159i \u0161\u00ed\u0159en\u00ed infekce podstatn\u00e1 \u010d\u00e1st \u010dlensk\u00fdch st\u00e1t\u016f musela uzav\u0159\u00edt hranice, proto\u017ee p\u0159irozen\u00e1 reakce na kritickou situaci byla redukovat a omezit voln\u00fd pohyb osob. Kdy\u017e m\u00e1te infekci v&nbsp;t\u011ble, tak\u00e9 se organismus sna\u017e\u00ed uzav\u0159\u00edt ji do men\u0161\u00edch jednotek. Uk\u00e1zala se skute\u010dn\u00e1 povrchnost evropsk\u00e9 reality. Evropsk\u00e1 politika ulp\u011bla na povrchn\u00ed fr\u00e1zi, \u017ee vakcinace v\u0161echno vy\u0159e\u0161\u00ed. Ukazuje se, \u017ee to byl kr\u00e1tkozrak\u00e9. K&nbsp;energetick\u00e9 krizi EU v\u00fdznamn\u011b p\u0159isp\u011bla. Nedojde-li k&nbsp;rozumn\u00e9mu jedn\u00e1n\u00ed, dostanou se mnoh\u00e9 st\u00e1ty do situace, \u017ee budou muset odstoupit od vnit\u0159n\u00edho evropsk\u00e9ho trhu s&nbsp;energi\u00ed. Je nep\u0159edstaviteln\u011b hloup\u00e9 vyhl\u00e1sit drakonick\u00e1 opat\u0159en\u00ed zelen\u00e9ho osudu, kter\u00fd dopadne na st\u00e1ty, kter\u00e9 mus\u00ed prod\u00e1vat svou energii N\u011bmecku za nehor\u00e1zn\u011b vysok\u00e9 ceny, proto\u017ee N\u011bmecko pohrd\u00e1 jadernou energi\u00ed. Ve v\u0161ech t\u011bchto oblastech se ukazuje, \u017ee \u010dlensk\u00e9 st\u00e1ty p\u0159irozen\u011b sm\u011b\u0159uj\u00ed k&nbsp;tomu, \u0159e\u0161it si sv\u00e9 probl\u00e9my bez EU. A budou sm\u011b\u0159ovat st\u00e1le v\u00edce.<\/p>\n<p style=\"text-align: justify;\"><span style=\"color: #008080;\">\u010ceskou republiky letos \u010dek\u00e1 evropsk\u00e9 p\u0159edsednictv\u00ed. Co od n\u011bj o\u010dek\u00e1v\u00e1te?&nbsp;<\/span><\/p>\n<p style=\"text-align: justify;\">Chcete v\u011bd\u011bt co \u010dek\u00e1m, nebo co bych si p\u0159\u00e1l? Neo\u010dek\u00e1v\u00e1m cokoli z\u00e1sadn\u00edho, dokument vl\u00e1dy nazvan\u00fd \u201eV\u00fdchodiska k&nbsp;priorit\u00e1m p\u0159edsednictv\u00ed\u201c mi p\u0159ipom\u00edn\u00e1 svou formou pl\u00e1novac\u00ed dokumenty komunistick\u00e9ho re\u017eimu. Vyjmenovan\u00e9 je tam v\u0161echno, n\u011bkter\u00e9 priority si odporuj\u00ed, n\u011bco se mo\u017en\u00e1 zm\u011bn\u00ed, ale v\u016fbec nebude jasn\u00e9, jestli je to k&nbsp;lep\u0161\u00edmu nebo k&nbsp;hor\u0161\u00edmu. P\u0159\u00edklad: <em>\u201eRozvoj unijn\u00edch obrann\u00fdch schopnost\u00ed\u201c<\/em>, kter\u00fd je u\u017e t\u0159i des\u00edtky let v&nbsp;NATO vn\u00edm\u00e1n jako podr\u00fdv\u00e1n\u00ed soudr\u017enosti v&nbsp;NATO. A v&nbsp;t\u00e9\u017ee v\u011bt\u011b: <em>\u201eposilov\u00e1n\u00ed spolupr\u00e1ce s&nbsp;NATO\u201c<\/em>.<\/p>\n<p style=\"text-align: justify;\"><span style=\"color: #008080;\">Kdyby bylo na v\u00e1s, jak\u00fdm kl\u00ed\u010dov\u00fdm t\u00e9mat\u016fm by se m\u011blo \u010desk\u00e9 p\u0159edsednictv\u00ed v\u011bnovat?&nbsp;<\/span><\/p>\n<p style=\"text-align: justify;\">V\u011bnoval bych se jedn\u00e9 jedin\u00e9 priorit\u011b, kter\u00e1 m\u00e1 smysl: Odstranit demokratick\u00fd deficit. Dokud nebude spolupr\u00e1ce evropsk\u00fdch st\u00e1t\u016f zalo\u017eena na demokratick\u00fdch z\u00e1kladech, neexistuje \u017e\u00e1dn\u00e1 jin\u00e1 priorita a nic dal\u0161\u00edho nem\u00e1 smysl. Vy\u017eadovalo by to z\u00e1sadn\u00ed zm\u011bny, a bez nich je tato podoba integrace dlouhodob\u011b neudr\u017eiteln\u00e1. Ka\u017ed\u00fd, kdo usiluje o trvale udr\u017eitelnou evropskou spolupr\u00e1ci, si je p\u0159ece v\u011bdom toho, \u017ee to takhle d\u00e1l nejde.<\/p>\n<p style=\"text-align: justify;\"><span style=\"color: #008080;\">Zept\u00e1m se ale tak\u00e9 opa\u010dn\u011b &#8230; Jak\u00e1 t\u00e9mata si podle v\u00e1s zvol\u00ed kabinet Petra Fialy v r\u00e1mci \u010desk\u00e9ho p\u0159edsednictv\u00ed?&nbsp;<\/span><\/p>\n<p style=\"text-align: justify;\">Jak zn\u00e1m ODS a jak vn\u00edm\u00e1m premi\u00e9ra Fialu, bude se vyh\u00fdbat obt\u00ed\u017en\u00fdm t\u00e9mat\u016fm. Ale pod tlakem okolnost\u00ed bude muset \u0159e\u0161it energetickou situaci. A k&nbsp;tomu, co by krizi okam\u017eit\u011b zm\u00edrnilo, tedy alespo\u0148 do\u010dasnou suspenzaci voln\u00e9ho trhu s&nbsp;energiemi, k&nbsp;tomu se neodhodl\u00e1.<\/p>\n<p><span style=\"color: #008080;\">Nep\u0159ece\u0148uje se vlastn\u011b podle v\u00e1s v\u00fdznam evropsk\u00e9ho p\u0159edsednictv\u00ed? Nejde sp\u00ed\u0161 jen o symbolick\u00e9 p\u0159ed\u00e1v\u00e1n\u00ed \u017eezla bez re\u00e1ln\u00e9ho dopadu na vnit\u0159n\u00ed chod Evropsk\u00e9 unie?&nbsp;<\/span><\/p>\n<p style=\"text-align: justify;\">Mysl\u00edm, \u017ee evropsk\u00e1 spolupr\u00e1ce zab\u0159edla do nekone\u010dn\u00fdch cykl\u016f diplomatick\u00fdch ohled\u016f, bez kter\u00fdch by se to zadrhlo, a skute\u010dn\u00fd krok k&nbsp;\u0159e\u0161en\u00ed by zase vedl k&nbsp;radikalizaci v&nbsp;mnoha zem\u00edch. Nejde to, i kdyby se cht\u011blo. Ale ono se vlastn\u011b moc nechce,<\/p>\n<p><span style=\"color: #008080;\">Velmi aktu\u00e1ln\u00edm t\u00e9matem je jist\u011b energetick\u00e1 krize, kterou mnoz\u00ed d\u00e1vaj\u00ed do p\u0159\u00ed\u010dinn\u00e9 souvislosti s tzv. Green Deal, emisn\u00edmi povolenkami, apod. Jak to vid\u00edte vy? Opravdu je vin\u00edkem zelen\u00e1 politika EU?&nbsp;<\/span><\/p>\n<p style=\"text-align: justify;\">Zelen\u00e9 ambice EU jsou dlouhodob\u00fdm vin\u00edkem, zelen\u00fd \u00fad\u011bl a emisn\u00ed povolenky jsou jen aktu\u00e1ln\u00ed novinky. Probl\u00e9m vznikl t\u00edm, \u017ee EU za\u010dala uvalovat selektivn\u00ed dan\u011b na r\u016fzn\u011b vyrobenou kilowatthodinu. Tat\u00e1\u017e energie m\u00e1 jinou da\u0148, kdy\u017e vznikne ve v\u011btrn\u00edku, a jinou, kdy\u017e vznikne ve spalovn\u011b a jinou kdy\u017e vznikne v&nbsp;sol\u00e1rn\u00edm panelu. To trv\u00e1 u\u017e p\u011bkn\u011b dlouho. To ale znamen\u00e1, \u017ee v\u00fdrobci energie v&nbsp;Evrop\u011b na rozd\u00edl od zbytku sv\u011bta nev\u011bd\u00ed, jak\u00e1 bude da\u0148 za p\u011bt let, nev\u011bd\u00ed, kam zam\u011b\u0159it v\u00fdzkum, fabriky nev\u011bd\u00ed, s&nbsp;jakou energi\u00ed maj\u00ed do budoucna po\u010d\u00edtat, automobilky nev\u011bd\u00ed, na co budou za p\u011bt let jezdit auta. Kdybychom m\u011bli opravdu svobodn\u00fd trh, ne ten regulovan\u00fd z&nbsp;Bruselu, d\u00e1vno by se objevily alternativn\u00ed konkurenceschopn\u00e9 zdroje energie a dokonce by pravd\u011bpodobn\u011b byly ohledupln\u011bj\u0161\u00ed k&nbsp;p\u0159\u00edrod\u011b, ne\u017e je bruselsk\u00e1 regulace. V&nbsp;prost\u0159ed\u00ed energetick\u00e9 krize pl\u00e1novan\u00e9 z&nbsp;Bruselu se nevyplat\u00ed d\u011blat jak\u00fdkoli v\u00fdzkum, leda\u017ee by byl asi tak ston\u00e1sobn\u011b v\u00edc dotov\u00e1n, ne\u017e by skute\u010dn\u011b bylo zapot\u0159eb\u00ed.<\/p>\n<p style=\"text-align: justify;\"><span style=\"color: #008080;\">Co by se podle v\u00e1s muselo st\u00e1t, aby se \u010cesk\u00e1 republika dok\u00e1zala vyvl\u00e9ct z evropsk\u00e9ho zelen\u00e9ho \u00fad\u011blu?&nbsp;<\/span><\/p>\n<p style=\"text-align: justify;\">Nevid\u00edm n\u011bjakou smysluplnou \u00fanikovou cestu jen pro \u010ceskou republiku. Pot\u0159ebujeme dos\u00e1hnout udr\u017eiteln\u00e9 spolupr\u00e1ce v&nbsp;cel\u00e9 Evrop\u011b, to znamen\u00e1 prosadit \u00faplnou zm\u011bnu p\u0159\u00edstupu ke spolupr\u00e1ci. Je to jin\u00e1 filosofie.<\/p>\n<p style=\"text-align: justify;\"><span style=\"color: #008080;\">Nap\u0159\u00ed\u010d \u010dlensk\u00fdmi st\u00e1ty EU v posledn\u00edch m\u011bs\u00edc\u00edch s\u00edl\u00ed hlasy, kter\u00e9 volaj\u00ed po nezbytn\u00e9 reform\u011b Unie a p\u0159inejmen\u0161\u00edm n\u00e1vratu k jej\u00edm &#8222;zdrav\u00fdm&#8220; ko\u0159en\u016fm. Vn\u00edm\u00e1te to tak\u00e9 tak? Je podle v\u00e1s mo\u017en\u00e9 je\u0161t\u011b Evropskou unii reformovat?&nbsp;<\/span><\/p>\n<p style=\"text-align: justify;\">Neexistuj\u00ed \u017e\u00e1dn\u00e9 \u201ezdrav\u00e9 ko\u0159eny\u201c. Nen\u00ed k&nbsp;\u010demu se vracet. Mus\u00edme opustit Monnet\u016fv model. Byl \u0161patn\u00fd od za\u010d\u00e1tku. A mus\u00edme za\u010d\u00edt \u00fapln\u011b jinak. St\u00e1vaj\u00edc\u00ed EU nelze reformovat, nad t\u00edm u\u017e se p\u0159em\u00fd\u0161l\u00ed asi t\u0159icet let, jak odstranit demokratick\u00fd deficit. A nikdo nic nevymyslel. Prostudoval jsem \u0159adu teoretick\u00fdch publikac\u00ed, na 98% jsem si jist\u00fd, \u017ee neexistuje \u017e\u00e1dn\u00fd zp\u016fsob, jak EU zreformovat tak, aby to dlouhodob\u011b fungovalo. A proto m\u00e1me jen dv\u011b mo\u017enosti: pokra\u010dovat d\u00e1l, a\u017e dojdeme k&nbsp;tak z\u00e1sadn\u00ed krizi, \u017ee se to rozpadne a zp\u016fsob\u00ed to sv\u011btovou hospod\u00e1\u0159skou krizi. To je tragick\u00fd konec evropsk\u00e9 civilizace. Nebo sebereme odvahu a zru\u0161\u00edme Monnet\u016fv hloup\u00fd projekt a postav\u00edme jin\u00e9 z\u00e1klady. Kdyby bylo pot\u0159eba, m\u00e1m napsan\u00fd pl\u00e1n, jak se to d\u00e1, odhaduji, asi za \u0161est m\u011bs\u00edc\u016f ud\u011blat. Ale zat\u00edm k&nbsp;tomu nen\u00ed politick\u00e1 v\u016fle.<\/p>\n<p style=\"text-align: justify;\"><span style=\"color: #008080;\">V p\u0159\u00edpad\u011b \u010cesk\u00e9 republiky \u010d\u00edm d\u00e1l \u010dast\u011bji zazn\u00edvaj\u00ed n\u00e1vrhy, abychom op\u011bt nad\u0159adili \u010desk\u00e9 pr\u00e1vo nad to evropsk\u00e9 a t\u00edm pos\u00edlili suverenitu na\u0161\u00ed zem\u011b. Mysl\u00edte si, \u017ee se v\u016fbec k tokov\u00e9mu kroku m\u016f\u017ee naj\u00edt dostate\u010dn\u00e1 politick\u00e1 v\u016fle?<\/span><\/p>\n<p style=\"text-align: justify;\">To s&nbsp;t\u00edm \u010dl\u00e1nkem 10 na\u0161\u00ed \u00dastavy jsem vymyslel j\u00e1, ale nep\u0159\u00edli\u0161 ch\u00e1pav\u00ed politikov\u00e9 si nep\u0159e\u010detli kontext. Zd\u016fraz\u0148oval jsem, \u017ee to nejde ud\u011blat separ\u00e1tn\u011b, \u017ee to mus\u00ed b\u00fdt sou\u010d\u00e1st\u00ed kolektivn\u00edho rozhodnut\u00ed podstatn\u00e9 \u010d\u00e1sti (poloviny) \u010dlensk\u00fdch st\u00e1t\u016f a mus\u00ed to v\u0161ichni ud\u011blat z\u00e1rove\u0148. Pak bude fungovat m\u016fj \u0161estim\u011bs\u00ed\u010dn\u00ed pl\u00e1n. V\u017edycky jsem varoval, \u017ee jednotliv\u00fd st\u00e1t to nesm\u00ed ud\u011blat. Ani Polsko, a \u010cesk\u00e1 republika u\u017e v\u016fbec ne. Pokud to n\u011bkdo doporu\u010duje, m\u011bl by popsat dal\u0161\u00edch n\u011bkolik krok\u016f, co bude n\u00e1sledovat a kam to povede.<\/p>\n<p>&nbsp;<\/p>\n","protected":false},"excerpt":{"rendered":"<p>21.2.2022 Evropsk\u00e1 unie m\u00e1 v&nbsp;posledn\u00edch letech za sebou n\u011bkolik n\u00e1ro\u010dn\u00fdch zkou\u0161ek. Nejd\u0159\u00edve to byla migra\u010dn\u00ed krize, pak pandemie Covid-19 a te\u010f krize energetick\u00e1. Jak podle v\u00e1s v t\u011bchto n\u00e1ro\u010dn\u00fdch \u00fakolech&#8230; <a class=\"read-more-button\" href=\"https:\/\/www.payne.cz\/WP15\/ceske-predsednictvi\/\">\u010c\u00edst v\u00edce &gt;<\/a><\/p>\n","protected":false},"author":2,"featured_media":0,"comment_status":"closed","ping_status":"closed","sticky":false,"template":"","format":"standard","meta":{"ngg_post_thumbnail":0,"_monsterinsights_skip_tracking":false,"_monsterinsights_sitenote_active":false,"_monsterinsights_sitenote_note":"","_monsterinsights_sitenote_category":0,"footnotes":""},"categories":[3],"tags":[],"class_list":["post-2410","post","type-post","status-publish","format-standard","hentry","category-clanky"],"_links":{"self":[{"href":"https:\/\/www.payne.cz\/WP15\/wp-json\/wp\/v2\/posts\/2410","targetHints":{"allow":["GET"]}}],"collection":[{"href":"https:\/\/www.payne.cz\/WP15\/wp-json\/wp\/v2\/posts"}],"about":[{"href":"https:\/\/www.payne.cz\/WP15\/wp-json\/wp\/v2\/types\/post"}],"author":[{"embeddable":true,"href":"https:\/\/www.payne.cz\/WP15\/wp-json\/wp\/v2\/users\/2"}],"replies":[{"embeddable":true,"href":"https:\/\/www.payne.cz\/WP15\/wp-json\/wp\/v2\/comments?post=2410"}],"version-history":[{"count":1,"href":"https:\/\/www.payne.cz\/WP15\/wp-json\/wp\/v2\/posts\/2410\/revisions"}],"predecessor-version":[{"id":2411,"href":"https:\/\/www.payne.cz\/WP15\/wp-json\/wp\/v2\/posts\/2410\/revisions\/2411"}],"wp:attachment":[{"href":"https:\/\/www.payne.cz\/WP15\/wp-json\/wp\/v2\/media?parent=2410"}],"wp:term":[{"taxonomy":"category","embeddable":true,"href":"https:\/\/www.payne.cz\/WP15\/wp-json\/wp\/v2\/categories?post=2410"},{"taxonomy":"post_tag","embeddable":true,"href":"https:\/\/www.payne.cz\/WP15\/wp-json\/wp\/v2\/tags?post=2410"}],"curies":[{"name":"wp","href":"https:\/\/api.w.org\/{rel}","templated":true}]}}