{"id":2408,"date":"2022-03-24T10:18:59","date_gmt":"2022-03-24T09:18:59","guid":{"rendered":"http:\/\/www.payne.cz\/WP15\/?p=2408"},"modified":"2022-03-24T10:38:06","modified_gmt":"2022-03-24T09:38:06","slug":"mise-k-udrzeni-miru","status":"publish","type":"post","link":"https:\/\/www.payne.cz\/WP15\/mise-k-udrzeni-miru\/","title":{"rendered":"Mise k udr\u017een\u00ed m\u00edru"},"content":{"rendered":"\n<p style=\"text-align: right;\"><span style=\"color: #008080;\">23.3.2022<\/span><\/p>\n<p style=\"text-align: justify;\">Vysl\u00e1n\u00ed mise peace keeping m\u00e1 smysl, kdy\u017e jde o udr\u017een\u00ed m\u00edru. Jen\u017ee Putin i Lavrov opakovan\u011b vyhl\u00e1sili, \u017ee c\u00edlem aktu\u00e1ln\u00edho vojensk\u00e9ho \u00fatoku Ruska je vytla\u010den\u00ed NATO z \u00fazem\u00ed b\u00fdval\u00fdch sov\u011btsk\u00fdch satelit\u016f na hranici p\u0159ed rokem 1997. Probl\u00e9m NATO spo\u010d\u00edv\u00e1 v tom, \u017ee tento fakt odm\u00edt\u00e1 vz\u00edt na v\u011bdom\u00ed. Ji\u017e jsme ve v\u00e1lce, p\u0159i kter\u00e9 m\u00e1 b\u00fdt p\u0159eps\u00e1no post-studenov\u00e1le\u010dn\u00e9 uspo\u0159\u00e1d\u00e1n\u00ed. Z\u00e1rove\u0148 chce Putin dok\u00e1zat cel\u00e9mu sv\u011btu, \u017ee st\u00e1t \u0159\u00edzen\u00fd tajn\u00fdmi slu\u017ebami je z vojensk\u00e9ho hlediska efektivn\u011bj\u0161\u00ed, ne\u017e demokracie. Nam\u00edsto svobodn\u00e9 sout\u011b\u017ee na trhu chce prosadit dru\u017ebu \u2013 jinak \u0159e\u010deno korupci. Za poskytnut\u00ed v\u00fdhodn\u011bj\u0161\u00edch netr\u017en\u00edch cenov\u00fdch podm\u00ednek v n\u011bjak\u00e9m projektu si koup\u00ed form\u00e1ln\u00ed politickou podporu. A pr\u00e1v\u011b tomu se \u0159\u00edk\u00e1 korupce.<\/p>\n<p style=\"text-align: justify;\">Putin ji\u017e v\u00edce ne\u017e deset let mluv\u00ed o revizi v\u00fdsledk\u016f studen\u00e9 v\u00e1lky. Kdo jej sleduje, d\u00e1vno v\u00ed, deklaroval, \u017ee zm\u011bnu bude doprov\u00e1zet v\u00e1lka. Chce prosadit bipol\u00e1rn\u00ed politick\u00e9 uspo\u0159\u00e1d\u00e1n\u00ed sv\u011bta, ve kter\u00e9m budou oba p\u00f3ly pova\u017eovat protivn\u00edka za zt\u011blesn\u011bn\u00e9 zlo. Cel\u00fd sv\u011bt se rozd\u011bl\u00ed na dva t\u00e1bory.<\/p>\n<p style=\"text-align: justify;\">V&nbsp;r\u00e1mci ukrajinsk\u00e9 invaze si vytv\u00e1\u0159\u00ed lep\u0161\u00ed podm\u00ednky pro hlavn\u00ed st\u0159etnut\u00ed, dokud nedos\u00e1hne v\u00fdhodn\u00fdch pozic k \u00fatoku, kter\u00fdm propoj\u00ed \u00fazem\u00ed Ruska s&nbsp;Kaliningradem. V&nbsp;t\u00e9 chv\u00edli v&nbsp;souladu s&nbsp;bezpe\u010dnostn\u00ed strategi\u00ed Ruska podnikne raketov\u00fd \u00fatok jako prvn\u00ed.<\/p>\n<p style=\"text-align: justify;\">Putin v\u00ed, \u017ee Z\u00e1pad je bezradn\u00fd. V\u00ed, \u017ee v\u0161ichni v&nbsp;NATO spol\u00e9haj\u00ed na USA. A tak\u00e9 v\u00ed, \u017ee USA zanedbaly investice do obrany podobn\u011b jako evropsk\u00e9 st\u00e1ty, tak\u017ee se moment\u00e1ln\u011b neodv\u00e1\u017e\u00ed na vypov\u011bzen\u00ed v\u00e1lky odpov\u011bd\u011bt. Na dozbrojen\u00ed budou v&nbsp;USA pot\u0159ebovat n\u011bkolik let. Do t\u00e9 doby se mus\u00ed o svou bezpe\u010dnost postarat ka\u017ed\u00fd s\u00e1m.<\/p>\n<p style=\"text-align: justify;\">Opakovan\u011b p\u0159ipom\u00edn\u00e1m, \u017ee \u010cesk\u00e1 republika nem\u00e1 zaji\u0161t\u011bnou protiraketovou obranu, \u017ee je nep\u0159\u00edtelem Ruska \u010d\u00edslo jedna v&nbsp;Evrop\u011b a \u017ee je v&nbsp;pohodln\u00e9m dosahu raket odstartovan\u00fdch z&nbsp;Kaliningradu.<\/p>\n<p style=\"text-align: justify;\">Pokud chce n\u011bkdo v takov\u00e9mto kontextu mluvit o vysl\u00e1n\u00ed m\u00edrov\u00e9 mise na Ukrajinu, mus\u00ed p\u0159edlo\u017eit podrobnosti. Jak\u00fd by byl mand\u00e1t? RB OSN? Na jak\u00e9m \u00fazem\u00ed by m\u011bl b\u00fdt m\u00edr udr\u017een? Jak\u00fdmi prost\u0159edky? Mo\u017en\u00e1 do\u0161lo k n\u011bjak\u00e9mu omylu a m\u00e1 se jednat o misi peace enforcing, tedy vym\u00e1h\u00e1n\u00ed m\u00edru. Ale tam plat\u00ed to sam\u00e9.<\/p>\n<p style=\"text-align: justify;\">Jak\u00e1 je tedy hlavn\u00ed priorita \u010desk\u00e9 obrany? Poprv\u00e9 jsem to formuloval v roce 2000: <a href=\"https:\/\/www.payne.cz\/WP15\/hrozi-nam-zasah-balistickou-raketou\/\">https:\/\/www.payne.cz\/WP15\/hrozi-nam-zasah-balistickou-raketou\/<\/a>. A opakuji to znovu: zajistit protiraketovou obranu.&nbsp;<\/p>\n","protected":false},"excerpt":{"rendered":"<p>23.3.2022 Vysl\u00e1n\u00ed mise peace keeping m\u00e1 smysl, kdy\u017e jde o udr\u017een\u00ed m\u00edru. Jen\u017ee Putin i Lavrov opakovan\u011b vyhl\u00e1sili, \u017ee c\u00edlem aktu\u00e1ln\u00edho vojensk\u00e9ho \u00fatoku Ruska je vytla\u010den\u00ed NATO z \u00fazem\u00ed b\u00fdval\u00fdch&#8230; <a class=\"read-more-button\" href=\"https:\/\/www.payne.cz\/WP15\/mise-k-udrzeni-miru\/\">\u010c\u00edst v\u00edce &gt;<\/a><\/p>\n","protected":false},"author":2,"featured_media":0,"comment_status":"closed","ping_status":"closed","sticky":false,"template":"","format":"standard","meta":{"ngg_post_thumbnail":0,"_monsterinsights_skip_tracking":false,"_monsterinsights_sitenote_active":false,"_monsterinsights_sitenote_note":"","_monsterinsights_sitenote_category":0,"footnotes":""},"categories":[3],"tags":[],"class_list":["post-2408","post","type-post","status-publish","format-standard","hentry","category-clanky"],"_links":{"self":[{"href":"https:\/\/www.payne.cz\/WP15\/wp-json\/wp\/v2\/posts\/2408","targetHints":{"allow":["GET"]}}],"collection":[{"href":"https:\/\/www.payne.cz\/WP15\/wp-json\/wp\/v2\/posts"}],"about":[{"href":"https:\/\/www.payne.cz\/WP15\/wp-json\/wp\/v2\/types\/post"}],"author":[{"embeddable":true,"href":"https:\/\/www.payne.cz\/WP15\/wp-json\/wp\/v2\/users\/2"}],"replies":[{"embeddable":true,"href":"https:\/\/www.payne.cz\/WP15\/wp-json\/wp\/v2\/comments?post=2408"}],"version-history":[{"count":4,"href":"https:\/\/www.payne.cz\/WP15\/wp-json\/wp\/v2\/posts\/2408\/revisions"}],"predecessor-version":[{"id":2421,"href":"https:\/\/www.payne.cz\/WP15\/wp-json\/wp\/v2\/posts\/2408\/revisions\/2421"}],"wp:attachment":[{"href":"https:\/\/www.payne.cz\/WP15\/wp-json\/wp\/v2\/media?parent=2408"}],"wp:term":[{"taxonomy":"category","embeddable":true,"href":"https:\/\/www.payne.cz\/WP15\/wp-json\/wp\/v2\/categories?post=2408"},{"taxonomy":"post_tag","embeddable":true,"href":"https:\/\/www.payne.cz\/WP15\/wp-json\/wp\/v2\/tags?post=2408"}],"curies":[{"name":"wp","href":"https:\/\/api.w.org\/{rel}","templated":true}]}}