{"id":2397,"date":"2022-03-15T17:52:53","date_gmt":"2022-03-15T16:52:53","guid":{"rendered":"http:\/\/www.payne.cz\/WP15\/?p=2397"},"modified":"2022-03-15T17:52:53","modified_gmt":"2022-03-15T16:52:53","slug":"nepodcenujte-putina","status":"publish","type":"post","link":"https:\/\/www.payne.cz\/WP15\/nepodcenujte-putina\/","title":{"rendered":"Nepodce\u0148ujte Putina"},"content":{"rendered":"\n<p style=\"text-align: right;\"><span style=\"color: #008080;\">15.3.2022<\/span><\/p>\n<p style=\"text-align: justify;\"><strong><span style=\"color: #008080;\">Nemaj\u00ed pr\u00e1vo na existenci<\/span><br><\/strong>Ka\u017ed\u00fd si jist\u011b pamatuje Putin\u016fv <a href=\"https:\/\/www.c-span.org\/video\/?518097-2\/russian-president-putin-recognizes-independence-donetsk-luhansk-ukraines-donbas-region\"><span style=\"color: #008080;\">projev<\/span><\/a> na za\u010d\u00e1tku v\u00e1lky (23.2.), kdy ozn\u00e1mil sv\u011btu, \u017ee Ukrajinci nejsou n\u00e1rod a \u017ee nemaj\u00ed n\u00e1rok na samostatnou existenci. <em>\u201eUkrajina nikdy nem\u011bla svoji stabiln\u00ed st\u00e1tnost,\u201c<\/em> \u0159\u00edk\u00e1 Putin. Bu\u010f p\u0159ijmou ruskou okupaci, nebo budou zni\u010deni. Rusk\u00e9 bezpe\u010dnostn\u00ed z\u00e1jmy jsou nad\u0159azeny z\u00e1jm\u016fm ostatn\u00edch st\u00e1t\u016f. <em>\u201eSvrchovanost, nez\u00e1vislost a \u00fazemn\u00ed celistvost Ruska jsou bezpodm\u00edne\u010dn\u00e9,\u201c<\/em> \u0159\u00edk\u00e1 Putin v&nbsp;roce 2013. <em>\u201eSamotn\u00fd pojem \u201an\u00e1rodn\u00ed suverenita\u2018 se pro v\u011bt\u0161inu st\u00e1t\u016f stal relativn\u00ed veli\u010dinou,\u201c<\/em> prohla\u0161uje Putin v&nbsp;roce 2014. Putin s\u00e1m uva\u017euje o krit\u00e9ri\u00edch pro pou\u017eit\u00ed vn\u011bj\u0161\u00ed s\u00edly, o tom, za jak\u00fdch podm\u00ednek je vojensk\u00fd z\u00e1sah mo\u017en\u00e9 pova\u017eovat za nezbytn\u00fd a legitimn\u00ed.<\/p>\n<p style=\"text-align: justify;\">Po hodinov\u00e9m vizion\u00e1\u0159sk\u00e9m projevu n\u00e1sleduj\u00edc\u00edho dne Putin zah\u00e1jil v\u00e1lku, kter\u00e1 m\u00e1 z\u00e1 c\u00edl Ukrajince vyhnat a vyhladit. Bezesporu jde o genocidu, podob\u00e1 se to nacistick\u00e9mu holocaustu. A dom\u00e1c\u00ed podpora Putina p\u0159i tom&nbsp; stoupla o n\u011bjak\u00fdch deset procent.&nbsp;<\/p>\n<p style=\"text-align: justify;\">Sv\u011btov\u00e9 spole\u010denstv\u00ed zat\u00edm nedok\u00e1zalo prohl\u00e1sit se v\u0161emi d\u016fsledky, \u017ee neexistuj\u00ed bezpe\u010dnostn\u00ed z\u00e1jmy, kter\u00e9 by oprav\u0148ovaly k agresi. Sv\u011btov\u00fd po\u0159\u00e1dek se zhroutil. P\u0159edstavitel\u00e9 sou\u010dasn\u00e9ho Ruska \u2013 Putin, vl\u00e1da, vojensk\u00e9 veden\u00ed, n\u011bkte\u0159\u00ed poslanci&nbsp; &#8211; mus\u00ed b\u00fdt postaveni p\u0159ed mezin\u00e1rodn\u00ed tribun\u00e1l a v\u00fdmluva na pouh\u00e9 pln\u011bn\u00ed rozkaz\u016f nen\u00ed poleh\u010duj\u00edc\u00ed okolnost\u00ed. V\u0161ichni mohli a m\u011bli v\u011bd\u011bt, \u017ee poru\u0161uj\u00ed mezin\u00e1rodn\u00ed pr\u00e1vo a \u017ee se dopou\u0161t\u011bj\u00ed neproml\u010diteln\u00fdch zlo\u010din\u016f. Jen\u017ee sv\u011btov\u00e9 spole\u010denstv\u00ed zat\u00edm nem\u00e1 s\u00edlu volat je k odpov\u011bdnosti. Co v\u0161echno se mezit\u00edm mus\u00ed odehr\u00e1t, ne\u017e se tak stane? &nbsp;<\/p>\n<p style=\"text-align: justify;\"><span style=\"color: #008080;\"><strong>Je to v\u00e1lka o sv\u011btov\u00fd \u0159\u00e1d&nbsp;<br><\/strong><\/span><em>\u201ePov\u00e1le\u010dn\u00fd bezpe\u010dnostn\u00ed syst\u00e9m byl zbo\u0159en a nebyl ni\u010d\u00edm nahrazen \u2026 z\u016fst\u00e1v\u00e1 jedin\u00fd institut &#8211; hrub\u00e1 s\u00edla,\u201c <\/em>\u0159\u00edk\u00e1 Putin a navrhuje<em> \u201erekonstrukci syst\u00e9mu mezin\u00e1rodn\u00edch vztah\u016f.\u201c &nbsp;<\/em>M\u00e1 p\u0159i tom na mysli <em>\u201evytvo\u0159en\u00ed nov\u00e9 rovnov\u00e1hy sil, syst\u00e9m zadr\u017eov\u00e1n\u00ed a protiv\u00e1h\u201c<\/em>, ve kter\u00e9m by Rusko op\u011bt hr\u00e1lo prvn\u00ed housle. Putin tak\u00e9 konstatoval, \u017ee <em>\u201ezm\u011bna sv\u011btov\u00e9ho po\u0159\u00e1dku je doprov\u00e1zena glob\u00e1ln\u00ed v\u00e1lkou\u201c<\/em>. Putin zah\u00e1jil glob\u00e1ln\u00ed \u201aoperaci\u2018 a nem\u00e1 \u00fastupovou cestu. Nepot\u0159ebuje ji.&nbsp;<\/p>\n<p style=\"text-align: justify;\"><strong><span style=\"color: #008080;\">Nepodce\u0148ujte Putina<\/span><br><\/strong>Putin se dovol\u00e1v\u00e1 bezpe\u010dnostn\u00edch z\u00e1jm\u016f Ruska. Odm\u00edt\u00e1 vstup Ukrajiny do NATO, se kter\u00fdm ale doposud nikdo ani na vte\u0159inu re\u00e1ln\u011b nepo\u010d\u00edtal. Ozn\u00e1mil, \u017ee rozhodl o rud\u00e9 \u010d\u00e1\u0159e, kter\u00e1 rusk\u00e9 z\u00e1jmy vymezuje. Napaden\u00ed Ukrajiny je jen prvn\u00ed f\u00e1z\u00ed. Neuzn\u00e1v\u00e1, \u017ee i Ukrajina by mohla m\u00edt sv\u00e9 opr\u00e1vn\u011bn\u00e9 bezpe\u010dnostn\u00ed z\u00e1jmy. Ozn\u00e1mil, \u017ee rud\u00e1 \u010d\u00e1ra vede po rozhran\u00ed p\u0159ed rokem 1997. Napaden\u00ed Ukrajiny je jen za\u010d\u00e1tkem operace, p\u0159i kter\u00e9 p\u0159ijde Putin vysvobodit nap\u0159\u00edklad i \u010ceskou republiku ze \u201asp\u00e1r\u016f\u2018 NATO. Tuto \u201aspeci\u00e1ln\u00ed operaci\u2018 chystal Putin nejm\u00e9n\u011b deset let. Je\u0161t\u011b mnohem d\u00e9le nakupuje Rusko ve\u0161ker\u00e9 investi\u010dn\u00ed diamanty na sv\u011bt\u011b, aby o n\u011b op\u0159elo svou m\u011bnu. Nashrom\u00e1\u017edilo diamantov\u00fd a zlat\u00fd poklad, ve kter\u00e9m jsou ulo\u017eeny hlavn\u00ed rusk\u00e9 rezervy. Tvrzen\u00ed, \u017ee je Putin zasko\u010den v\u00fdvojem ud\u00e1lost\u00ed, vyvracej\u00ed dokumenty, kter\u00e9 dokazuj\u00ed, \u017ee naopak m\u011bl absolutn\u011b p\u0159esn\u00e9 progn\u00f3zy (nap\u0159. Ivan Timofejev). Evropa a USA tyto progn\u00f3zy bezezbytku napl\u0148uj\u00ed. Rusko je podle Putina sob\u011bsta\u010dn\u00fd st\u00e1t, proto se m\u016f\u017ee odvr\u00e1tit od Evropy a spolehnout se na asijsk\u00e9 integra\u010dn\u00ed projekty \u2013 na Euroasijsk\u00fd ekonomick\u00fd svaz, kter\u00fd zahrnuje i vojenskou spolupr\u00e1ci.<\/p>\n<p style=\"text-align: justify;\"><strong><span style=\"color: #008080;\">Jeden ze sc\u00e9n\u00e1\u0159\u016f<\/span><\/strong><br>Dnes u\u017e tedy v\u00edme, kudy vede rud\u00e1 \u010d\u00e1ra, o kter\u00e9 Putin \u0159adu let mluv\u00ed (2014). Vyty\u010dil sf\u00e9ru rusk\u00e9ho z\u00e1jmu a boji\u0161t\u011b. Ultimativn\u011b dal najevo, \u017ee o tom nebude s nik\u00fdm diskutovat. Za poru\u0161en\u00ed \u010dehokoli v oblasti rusk\u00fdch z\u00e1jm\u016f bude n\u00e1sledovat asymetrick\u00e1 vojensk\u00e1 odpov\u011b\u010f. To je kompromis, kter\u00fd Rusko nab\u00edz\u00ed Spojen\u00fdm st\u00e1t\u016fm.&nbsp;<\/p>\n<p style=\"text-align: justify;\">Pokud si n\u011bkdo mysl\u00ed, \u017ee je to nere\u00e1ln\u00e9, zkusme si p\u0159edstavit jeden ze zhruba stovky moskevsk\u00fdch sc\u00e9n\u00e1\u0159\u016f. V Rakousku prob\u011bhne v\u00fdsadek rusk\u00e9 t\u011b\u017ek\u00e9 techniky. Rakousko o sob\u011b sice tvrd\u00ed, \u017ee je neutr\u00e1ln\u00ed, ale ve skute\u010dnosti si plete neutralitu s nezodpov\u011bdnost\u00ed, je bezbrann\u00e9. Je nejv\u011bt\u0161\u00edm bezpe\u010dnostn\u00edm rizikem Evropy. Zcela jinak vypad\u00e1 \u0161v\u00fdcarsk\u00e1 neutralita, zalo\u017een\u00e1 na principu <em>\u201amus\u00edme m\u00edt siln\u011bj\u0161\u00ed arm\u00e1du, ne\u017e nejsiln\u011bj\u0161\u00ed soused\u2018<\/em>.<\/p>\n<p style=\"text-align: justify;\">\u010cesk\u00e1 republika nem\u00e1 \u00fa\u010dinnou protiraketovou obranu. Obrann\u00e9 syst\u00e9my Patriot maj\u00ed v Polsku a nyn\u00ed i na Slovensku, my ale ne. Z\u00e1rove\u0148 s&nbsp;napaden\u00edm na\u0161eho ji\u017en\u00edho souseda dojde z Kaliningradu k raketov\u00e9mu \u00fatoku na na\u0161e leti\u0161t\u011b a m\u011bsta. \u010cesk\u00e1 republika je nep\u0159\u00edtelem \u010d\u00edslo jedna v Evrop\u011b. V Praze na Hrad\u011b je zr\u00e1dce, kter\u00fd zradil jak NATO, tak Putina. K p\u0159ekvapen\u00ed Zaor\u00e1lk\u016f se staneme c\u00edlem prvn\u00edho \u00fatoku pr\u00e1v\u011b proto, \u017ee nem\u00e1me na sv\u00e9m \u00fazem\u00ed kdysi pl\u00e1novan\u00fd radar. Ve stejn\u00e9 dob\u011b na \u010ceskou republiku za\u00fato\u010d\u00ed tankov\u00e9 jednotky od V\u00eddn\u011b a od Lince. Mo\u017en\u00e1 dojde k v\u00fdsadku jako v roce 1968.<\/p>\n<p style=\"text-align: justify;\">Jako \u010dasto v historii, \u010ce\u0161i se b\u011bhem dvou dn\u016f vzdaj\u00ed. N\u00e1sledn\u011b slo\u017e\u00ed zbran\u011b i Slovensko. Ma\u010farsko rusk\u00e9 voj\u00e1ky p\u0159iv\u00edt\u00e1. O Polsku se bude vyjedn\u00e1vat, ale t\u011b\u017eko se m\u016f\u017ee br\u00e1nit napaden\u00ed jak z Kaliningradu, tak i z okupovan\u00e9ho \u201a\u010deska\u2018 (v t\u00e9 dob\u011b u\u017e jen s mal\u00fdm \u201a\u010d\u2018).<\/p>\n<p style=\"text-align: justify;\">B\u011bhem t\u00fddne americk\u00e9 s\u00edly do okupovan\u00e9ho \u201a\u010deska\u2018 nedoraz\u00ed. Nanejv\u00fd\u0161 dok\u00e1\u017e\u00ed st\u00e1hnout pracovn\u00edky z americk\u00e9 ambas\u00e1dy v Praze do bezpe\u010d\u00ed. \u010cesk\u00e1 republika se v jist\u00e9m smyslu chov\u00e1 podobn\u011b hazardn\u00edm zp\u016fsobem, jako Rakousko. Vl\u00e1da ob\u011btav\u011b v\u011bnuje ve\u0161kerou energii uprchl\u00edk\u016fm, to je jist\u011b dob\u0159e, ale nemysl\u00ed na prioritu \u010d\u00edslo jedna a tou je obrana vlastn\u00edho \u00fazem\u00ed. M\u011bla by okam\u017eit\u011b koupit Patrioty na ochranu v\u0161ech leti\u0161\u0165 a d\u016fle\u017eit\u00fdch m\u011bst. A mus\u00ed vybudovat protitankovou obranu na ji\u017en\u00ed hranici s Rakouskem. Budeme tak\u00e9 velmi brzy pot\u0159ebovat mnohem kvalitn\u011bj\u0161\u00ed bojov\u00e1 nadzvukov\u00e1 letadla, ne\u017e jsou zap\u016fj\u010den\u00e9 Gripeny.&nbsp;<\/p>\n<p style=\"text-align: justify;\">Mo\u017en\u00e1 si n\u011bkdo namlouv\u00e1, \u017ee se rusk\u00e1 agrese na Ukrajin\u011b neda\u0159\u00ed. U\u017e nejm\u00e9n\u011b deset let Putin uplat\u0148uje strategii, \u017ee ka\u017ed\u00e1 jeho operace je maskov\u00e1na propagandou, kter\u00e1 sv\u011btov\u00e9 ve\u0159ejnosti p\u0159edkl\u00e1d\u00e1 historku o tom, \u017ee je operace zpackan\u00e1. P\u0159eje si, abychom jej podce\u0148ovali.<\/p>\n<p style=\"text-align: justify;\">V\u0161imli jste si, \u017ee za \u00fadajn\u011b zpackanou operaci ve Vrb\u011btic\u00edch, kdy k&nbsp;v\u00fdbuchu pr\u00fd do\u0161lo o n\u011bkolik t\u00fddn\u016f p\u0159ed\u010dasn\u011b, byli akt\u00e9\u0159i vyznamen\u00e1ni a \u017ee dostali k&nbsp;do\u017eivotn\u00edmu u\u017e\u00edv\u00e1n\u00ed luxusn\u00ed byty a dal\u0161\u00ed v\u00fdhody? Ta operace se zda\u0159ila a to velmi dob\u0159e. Za zpackan\u00e9 operace se neud\u011bluj\u00ed met\u00e1ly (to se d\u011bje snad jenom u n\u00e1s). Kamufl\u00e1\u017e je nejobl\u00edben\u011bj\u0161\u00ed ruskou taktikou od dob Sov\u011btsk\u00e9ho svazu.<\/p>\n<p style=\"text-align: justify;\">Putin mo\u017en\u00e1 v n\u011bkter\u00e9 ze stovek variant p\u0159ed zah\u00e1jen\u00edm druh\u00e9 f\u00e1ze \u201aspeci\u00e1ln\u00ed operace\u2018 vy\u010dk\u00e1v\u00e1, a\u017e z Ukrajiny odejde deset milion\u016f uprchl\u00edk\u016f, kte\u0159\u00ed rozvr\u00e1t\u00ed pom\u011bry v Evrop\u011b.&nbsp; Zabere to dva nebo t\u0159i m\u011bs\u00edce. Nasazen\u00ed elitn\u00edch sil pl\u00e1nuje a\u017e ve druh\u00e9 f\u00e1zi. Dojem, \u017ee je Rusko slab\u00e9, maj\u00ed podpo\u0159it propagandistick\u00e9 kryc\u00ed historky \u0161\u00ed\u0159en\u00e9 na z\u00e1pad o v\u00fdm\u011bn\u00e1ch na gener\u00e1lsk\u00fdch postech. \u010c\u00edna, alian\u010dn\u00ed spojenec Ruska, mo\u017en\u00e1 vstoup\u00ed do protiamerick\u00e9 \u201aoperace\u2018 a\u017e ve druh\u00e9 f\u00e1zi, aby vojensky obsadila sv\u00e1 z\u00e1jmov\u00e1 \u00fazem\u00ed.<\/p>\n<p style=\"text-align: justify;\">Je to jist\u011b jen jedna ze stovek mo\u017enost\u00ed, kter\u00e9 se v&nbsp;Moskv\u011b denn\u011b analyzuj\u00ed. Putin evidentn\u011b nesleduje jedin\u00fd p\u0159edem stanoven\u00fd sc\u00e9n\u00e1\u0159, ale operativn\u011b snad dokonce ka\u017ed\u00fd den vyb\u00edr\u00e1 nejv\u00fdhodn\u011bj\u0161\u00ed z&nbsp;mnoha rozpracovan\u00fdch variant.&nbsp;<\/p>\n<p style=\"text-align: justify;\">Skon\u010dila globalizace. Dojde k podstatn\u011b v\u011bt\u0161\u00edmu akcentu na suverenitu st\u00e1t\u016f. Jinak \u0159e\u010deno, budou se muset o sebe postarat samy. Samoz\u0159ejm\u011b mus\u00edme po\u010d\u00edtat s t\u00edm, \u017ee to v prvn\u00ed \u0159ad\u011b znamen\u00e1, \u017ee mnoh\u00e9 vztahy, na kter\u00e9 jsme spol\u00e9hali, budeme muset nahradit vlastn\u00edmi silami. Ty pozitivn\u00ed souvislosti svrchovanosti se dostav\u00ed a\u017e s mnohalet\u00fdm zpo\u017ed\u011bn\u00edm.<\/p>\n<p style=\"text-align: justify;\">Domn\u00edv\u00e1te se, \u017ee je toto m\u00e1lo pravd\u011bpodobn\u00e1 varianta? Na\u0161e pl\u00e1nov\u00e1n\u00ed obrany mus\u00ed v\u017edycky vych\u00e1zet z nejhor\u0161\u00edho p\u0159edstaviteln\u00e9ho sc\u00e9n\u00e1\u0159e. Zat\u00edmco n\u011bkte\u0159\u00ed je\u0161t\u011b uva\u017euj\u00ed o tom, \u017ee mo\u017en\u00e1 za\u010dala nov\u00e1 studen\u00e1 v\u00e1lka, mus\u00edme si poctiv\u011b p\u0159iznat, \u017ee v\u00e1lka, ve kter\u00e9 jsme, u\u017e d\u00e1vno nen\u00ed studen\u00e1. Jsme ve v\u00e1lce se v\u0161\u00edm v\u0161udy. Glob\u00e1ln\u00ed v\u00e1lka u\u017e za\u010dala a bylo by hloup\u00e9 namlouvat si opak. Mimochodem, konstatoval to i premi\u00e9r Fiala, kdy\u017e \u0159ekl, \u017ee <em>\u201eVladimir Putin nevede v\u00e1lku jen s Ukrajinou, ale i s&nbsp;n\u00e1mi a s Evropu.\u201c<\/em> V\u0161ichni si oddechneme, kdy\u017e nastane n\u011bjak\u00e1 lep\u0161\u00ed varianta. Na dobr\u00e9 varianty se nemus\u00edme p\u0159ipravovat, ty se v\u017edycky vy\u0159e\u0161\u00ed samy. Budu r\u00e1d, budu-li m\u00edt mno\u017enost p\u0159iv\u00edtat jakoukoli lep\u0161\u00ed variantu, ne\u017e je ta, na kterou se zcela v\u00e1\u017en\u011b mus\u00edme p\u0159ipravit.<\/p>\n<p style=\"text-align: justify;\">Prob\u00edhaj\u00edc\u00ed v\u00e1lku neum\u00edme zastavit. M\u016f\u017eeme si jen modelovat nejhor\u0161\u00ed a nejlep\u0161\u00ed variantu, realita bude doufejme n\u011bkde mezi t\u00edm. Hork\u00e1 v\u00e1lka teprve za \u010das p\u0159ejde do studen\u00e9 v\u00e1lky. Bu\u010f tak, \u017ee Rusko obnov\u00ed sv\u00e9 imp\u00e9rium na vyty\u010den\u00e9 rud\u00e9 \u010d\u00e1\u0159e, nebo t\u00edm, \u017ee Rusko bude pora\u017eeno a \u017ee Ukrajina bude obnovena v&nbsp;hranic\u00edch p\u0159ed rokem 2014. Pro jednoduchost ponech\u00e1v\u00e1m nyn\u00ed stranou ostatn\u00ed sporn\u00e9 hranice a konflikty.<\/p>\n<p style=\"text-align: justify;\">V obou p\u0159\u00edpadech si nikdo nebude v\u011bd\u011bt rady, co s Ruskem. V prvn\u00edm p\u0159\u00edpad\u011b bude muset Aliance des\u00edtky let pracovat na tom, aby dorovnala vojenskou kapacitu, ve druh\u00e9m se bude propadat do bezradnosti. Co s Ruskem, kter\u00e9 prohr\u00e1lo? Nev\u00edme, neum\u00edme si p\u0159edstavit. Co d\u011blat s nacionalizovan\u00fdm n\u00e1rodem, kter\u00fd trp\u00ed velmocensk\u00fdm mindr\u00e1kem, a kter\u00fd si neum\u00ed uspo\u0159\u00e1dat sv\u00e9 politick\u00e9 pom\u011bry tak, aby zaji\u0161\u0165ovaly stabilitu a respekt k humanitn\u00edm hodnot\u00e1m? Co s pora\u017eenou jadernou mocnost\u00ed? Denuklearizovat? Demilitarizovat? Zaplat\u00ed v\u00e1le\u010dn\u00e9 reparace? Uzav\u0159eme nemravn\u00fd kompromis a zase budeme vesele s Ruskem obchodovat? Budeme d\u011blat, \u017ee se nic nestalo? Ukrajinci a Rusov\u00e9 u\u017e nikdy nemohou \u017e\u00edt v jedn\u00e9 zemi. Proto\u017ee nikdo nev\u00ed, co d\u00e1l, nem\u016f\u017ee vlastn\u011b Rusko prohr\u00e1t.&nbsp; Nikomu se nechce j\u00edt budovat funguj\u00edc\u00ed st\u00e1t na rusk\u00fdch pl\u00e1n\u00edch.<\/p>\n<p style=\"text-align: justify;\"><strong><span style=\"color: #008080;\">Nelegitimn\u00ed re\u017eim na Ukrajin\u011b<\/span><br><\/strong>U n\u00e1s n\u011bkte\u0159\u00ed, nejv\u00edce V\u00e1clav Klaus, ji\u017e osm let tvrd\u00ed, \u017ee pomajdanovsk\u00fd ukrajinsk\u00fd re\u017eim je nelegitimn\u00ed. V roce 2014 napsal: <em>\u201eUkrajina nem\u00e1 tradici st\u00e1tnosti a za dv\u011b desetilet\u00ed nedok\u00e1zala vytvo\u0159it st\u00e1t, kter\u00fd by bylo jej\u00ed obyvatelstvo ochotno akceptovat. Nevznikla v d\u016fsledku \u00fasil\u00ed sv\u00fdch obyvatel o sebeur\u010den\u00ed a suverenitu.\u201c<\/em> Nyn\u00ed Klaus tvrd\u00ed, \u017ee je n\u00e1zorov\u011b konzistentn\u00ed, jenom ale nikdo nesm\u00ed citovat jeho star\u0161\u00ed v\u00fdroky. Explicitn\u011b prohla\u0161oval, \u017ee na Majdanu <em>\u201enebylo \u017e\u00e1dn\u00e9 lidov\u00e9 povst\u00e1n\u00ed, bylo to zorganizov\u00e1no Z\u00e1padem\u201c<\/em>. (Die Tiroler Zeitung). V Interview \u010cT24 v roce 2019 Klaus prohl\u00e1sil: <em>\u201eEvropsk\u00e1 unie nezodpov\u011bdn\u011b podn\u011bcovala Ukrajinu k&nbsp;tomu, k&nbsp;\u010demu ji podn\u011bcovala, tak bohu\u017eel p\u0159isp\u011bla k&nbsp;tomu, co se stalo na Krymu, bohu\u017eel je spolupachatelem t\u00e9 trag\u00e9die.\u201c<\/em>&nbsp; A pro Prostor X dod\u00e1v\u00e1 Klaus 10. 3. 2022: <em>\u201ekijevsk\u00e1 pseudorevoluce je importovan\u00e1 zven\u010d\u00ed\u201c. &nbsp;&nbsp;<\/em>T\u00e9m\u011b\u0159 stejn\u00fdmi slovy \u0159\u00edk\u00e1 o Z\u00e1padu tot\u00e9\u017e V. Putin ji\u017e v roce 2014: <em>\u201eUvrhli Ukrajinu do chaosu, ke krachu ekonomiky, k ob\u010dansk\u00e9 v\u00e1lce.\u201c<\/em><\/p>\n<p style=\"text-align: justify;\">\u017de se nejedn\u00e1 o n\u011bjak\u00fd okam\u017eit\u00fd n\u00e1zorov\u00fd \u00falet, potvrd\u00ed&nbsp; ka\u017ed\u00fd, kdo o tom mluvil s lidmi, kte\u0159\u00ed V\u00e1clava Klause obdivuj\u00ed, v\u010detn\u011b osazenstva z IVK. Zcela konzistentn\u011b to tvrd\u00ed dodnes. A o presidentu Zelensk\u00e9m se dodnes v\u0161ichni vyjad\u0159uj\u00ed v\u00fdhradn\u011b s klausovsk\u00fdm opovr\u017een\u00edm a despektem. Klaus a jeho podporovatel\u00e9 maj\u00ed za to, \u017ee Putin jim m\u016f\u017ee pomoci proti \u0161patn\u011b zalo\u017een\u00e9 Evropsk\u00e9 unii. Zpochyb\u0148ov\u00e1n\u00edm ukrajinsk\u00e9 suverenity se pokou\u0161ej\u00ed Putinovi nahr\u00e1vat. Je to zbab\u011bl\u00e9, s nefunguj\u00edc\u00edm pokusem o evropskou spolupr\u00e1ci se toti\u017e mus\u00edme vypo\u0159\u00e1dat sami. Jen\u017ee Lisabonskou smlouvu Klaus podepsal, t\u011b\u017eko ji tedy m\u016f\u017ee kritizovat, klausismus n\u00e1m opravdu nepom\u016f\u017ee.<\/p>\n<p style=\"text-align: justify;\">Kdy\u017e pou\u017eijeme stejnou \u201aklausovskou logiku\u2018, \u010ceskoslovensko rovn\u011b\u017e vzniklo v roce 1918 v d\u016fsledku Majdanu v Praze a ten byl prokazateln\u011b zorganizov\u00e1n z USA. A zcela stejn\u011b v roce 1989 prob\u011bhl Majdan na Letn\u00e9, tak\u00e9 organizovan\u00fd z USA. Proto je jak\u00fdkoli n\u00e1sledn\u00fd re\u017eim u n\u00e1s nelegitimn\u00ed. A\u017e doraz\u00ed Putin do Prahy, jist\u011b n\u00e1m to p\u0159ipomene.<\/p>\n<p style=\"text-align: justify;\"><strong><span style=\"color: #008080;\">Otlouk\u00e1nek<\/span><br><\/strong>Putin se dovol\u00e1v\u00e1 \u00fadajn\u00fdch \u00fastn\u00edch dohod z devades\u00e1t\u00fdch let, \u017ee se pr\u00fd NATO nebude nikam roz\u0161i\u0159ovat. Jde o \u00fadajn\u00fd slib tehdy nezve\u0159ejn\u011bn\u00fd, jednostrann\u011b presentovan\u00fd, nepotvrzen\u00fd druhou stranou. Z\u00e1rove\u0148 ale na sv\u00e9m Valdajsk\u00e9m f\u00f3ru Putin v\u00fdslovn\u011b \u0159\u00edk\u00e1, \u017ee nev\u011b\u0159\u00ed ani psan\u00fdm smlouv\u00e1m se Z\u00e1padem. Putin otev\u0159en\u011b a ve\u0159ejn\u011b l\u017ee. Rusko podepsan\u00e9 smlouvy nedodr\u017euje &#8211; viz \u010dl\u00e1nek <a href=\"https:\/\/www.payne.cz\/WP15\/rusko-neni-nas-pritel-ani-spojenec\/\">Rusko nen\u00ed n\u00e1\u0161 p\u0159\u00edtel, ani spojenec<\/a>, ale n\u00e1\u0161 Parlament na p\u0159\u00e1telstv\u00ed s Ruskem trv\u00e1.&nbsp;<\/p>\n<p style=\"text-align: justify;\">Klaus tvrd\u00ed, \u017ee za situaci na Ukrajin\u011b mohou Spojen\u00e9 st\u00e1ty a Evropsk\u00e1 unie, proto\u017ee necht\u011bj\u00ed s&nbsp;Ruskem jednat <em>\u201ejako s&nbsp;rovnopr\u00e1vn\u00fdm partnerem\u201c.<\/em> Pr\u00fd u Putina do\u0161lo <em>\u201ek&nbsp;obrovsk\u00e9 frustraci\u201c<\/em>. Pr\u00fd je <em>\u201ezatla\u010dov\u00e1n do pozad\u00ed\u201c.<\/em> <em>\u201eP\u0159\u00e1l si, aby byl vn\u00edm\u00e1n jako norm\u00e1ln\u00ed politik, ale narazil na ml\u010den\u00ed,\u201c <\/em>argumentuje Klaus<em>. <\/em>&nbsp;Putin pr\u00fd podle Klause v\u011bd\u011bl, \u017ee ho nep\u0159ijmeme. Jedin\u00e9, co Klaus p\u0159ipou\u0161t\u00ed, je to, \u017ee Putin ud\u011blal chybu. Klaus odsoudil pouze v\u00e1lku, nikoli rusk\u00e9 \u00favahy o sf\u00e9\u0159e vlivu. &nbsp;<\/p>\n<p style=\"text-align: justify;\">Jen\u017ee ono je to naopak. Putin u\u017e na podzim roku 2013 s\u00e1m prohl\u00e1sil, \u017ee se Rusko odpout\u00e1 od dekadentn\u00ed Evropy. &nbsp;<em>\u201eVid\u00edme, jak v\u011bt\u0161ina euroatlantick\u00fdch zem\u00ed fakticky jde cestou odm\u00edt\u00e1n\u00ed sv\u00fdch ko\u0159en\u016f, v\u010detn\u011b k\u0159es\u0165ansk\u00fdch hodnot, kter\u00e9 tvo\u0159\u00ed z\u00e1klad z\u00e1padn\u00ed civilizace,\u201c<\/em> vysv\u011btluje Putin v roce 2013, kdy\u017e oznamuje, \u017ee se Rusko mus\u00ed od Evropy odpoutat, za co\u017e mu pravd\u011bpodobn\u011b Klaus tlesk\u00e1. Kdy\u017e Evropsk\u00e1 unie p\u016fl roku pot\u00e9 po okupaci Krymu posm\u011b\u0161n\u011b tvrdila, \u017ee tehdej\u0161\u00ed sankce zp\u016fsob\u00ed izolaci Ruska od Evropy, naplnila t\u00edm p\u0159esn\u011b to, co si Putin p\u0159\u00e1l. Rusov\u00e9 pak mo\u017en\u00e1 nem\u011bli n\u011bjakou dobu posledn\u00ed m\u00f3dn\u00ed v\u00fdk\u0159iky ani hamburgry. Je to Rusko, kdo odm\u00edt\u00e1 jednat s ostatn\u00edmi, jako s rovnopr\u00e1vn\u00fdmi partnery.&nbsp;<\/p>\n<p style=\"text-align: justify;\">Odpout\u00e1n\u00ed tehdy spo\u010d\u00edvalo v tom, \u017ee Rusko od n\u011bkter\u00fdch smluv odstoupilo z vlastn\u00edho rozhodnut\u00ed (smlouvy o omezen\u00ed a kontrole zbrojen\u00ed, smlouva Open Sky), n\u011bkter\u00e9 smlouvy byly skute\u010dn\u011b vypov\u011bzeny ze Z\u00e1padn\u00ed strany (Smlouva o protiraketov\u00e9 obran\u011b). Sou\u010d\u00e1st\u00ed &nbsp;rusk\u00e9ho &nbsp;\u201aodpout\u00e1n\u00ed\u2018 byla i okupace Krymu.&nbsp;<\/p>\n<p style=\"text-align: justify;\"><strong><span style=\"color: #008080;\">Aliance<\/span><br><\/strong>V posledn\u00edch t\u00fddnech sly\u0161\u00edme z Washingtonu uji\u0161\u0165ov\u00e1n\u00ed, \u017ee budou br\u00e1nit ka\u017ed\u00e9ho \u010dlena Aliance. Podez\u0159ele \u010dasto to opakuje i premi\u00e9r Fiala. \u010c\u00edm v\u00edcekr\u00e1t se to opakuje, t\u00edm m\u00e9n\u011b se tomu d\u00e1 v\u011b\u0159it. Kdyby o tom nebyly pochybnosti, nebylo by pot\u0159eba o tom mluvit.<\/p>\n<p style=\"text-align: justify;\">Pokud toti\u017e alian\u010dn\u00ed uji\u0161t\u011bn\u00ed nen\u00ed doprov\u00e1zeno rozm\u00edst\u011bn\u00edm americk\u00fdch z\u00e1kladen, podob\u00e1 se alian\u010dn\u00edm smlouv\u00e1m E. Bene\u0161e s Franci\u00ed, kter\u00e9 byly z vojensk\u00e9ho hlediska k sm\u00edchu. Nakonec vedly v roce 1938 k potupn\u00e9mu kompromisu v Mnichov\u011b, kv\u016fli kter\u00e9mu zem\u0159elo o n\u011bkolik mili\u00f3n\u016f lid\u00ed v\u00edce, ne\u017e by jinak muselo.<\/p>\n<p style=\"text-align: justify;\">Spojen\u00e9 st\u00e1ty nemaj\u00ed v Evrop\u011b dostate\u010dnou kapacitu, aby ubr\u00e1nily st\u0159edn\u00ed Evropu p\u0159ed raketami z Kaliningradu. NATO p\u0159ijalo odpov\u011bdnost za \u00fazem\u00ed, kter\u00e1 neum\u00ed ubr\u00e1nit. Putin \u201a\u010destn\u011b\u2018 dodr\u017e\u00ed slovo, \u017e\u00e1dn\u00e1 raketa nepolet\u00ed na \u00fazem\u00ed st\u00e1tu, kter\u00fd byl v NATO p\u0159ed rokem 1997.<\/p>\n<p style=\"text-align: justify;\">A ameri\u010dt\u00ed voj\u00e1ci p\u0159ece nep\u016fjdou br\u00e1nit \u00fazem\u00ed, kde si jejich p\u0159\u00edtomnost obyvatel\u00e9 dlouhodob\u011b nep\u0159ej\u00ed a kde je v\u016f\u010di USA dlouhodob\u011b nep\u0159\u00e1telsk\u00fd prezident. Nav\u00edc, ameri\u010dt\u00ed voj\u00e1ci by museli j\u00edt do mise obt\u00ed\u017en\u011bj\u0161\u00ed, ne\u017e bylo vylod\u011bn\u00ed v Normandii. Poskytnou n\u00e1m lehkou alian\u010dn\u00ed vzdu\u0161nou podporu ze z\u00e1kladen v N\u011bmecku. Pokud by v\u00e1lka dob\u0159e dopadla, vr\u00e1t\u00ed se Amerika do st\u0159edn\u00ed Evropy mo\u017en\u00e1 po p\u011bti letech. Ameri\u010dan\u00e9 v\u017edycky p\u0159ich\u00e1zej\u00ed pozd\u011b a odch\u00e1zej\u00ed p\u0159ed\u010dasn\u011b. Museli bychom velmi rychle po\u017e\u00e1dat Spojen\u00e9 st\u00e1ty o um\u00edst\u011bn\u00ed americk\u00e9 z\u00e1kladny na na\u0161em \u00fazem\u00ed, abychom tento sc\u00e9n\u00e1\u0159 zm\u011bnili.<\/p>\n<p style=\"text-align: justify;\"><strong><span style=\"color: #008080;\">Jak dlouho se budeme d\u00edvat<\/span><br><\/strong>Rusko je mafi\u00e1nsk\u00fd st\u00e1t. Re\u017eim \u0159\u00edzen\u00fd jedn\u00edm \u010dlov\u011bkem bez jak\u00e9koli rovnov\u00e1hy \u00fastavn\u00ed moci. St\u00e1t, kter\u00fd funguje jako organizovan\u00fd zlo\u010din. Putin prohla\u0161uje, \u017ee samod\u011br\u017eav\u00ed je efektivn\u011bj\u0161\u00ed, ne\u017e demokracie. P\u0159inejmen\u0161\u00edm v\u00e1lku um\u00ed despotick\u00fd mafi\u00e1nsk\u00fd kmotr rozpoutat mnohem rychleji.<\/p>\n<p style=\"text-align: justify;\">Ekonomov\u00e9 v\u011b\u0159\u00ed, \u017ee aktu\u00e1ln\u00ed sankce v\u00e1lku zastav\u00ed. T\u011b\u017eko posoudit, ale Putin i s t\u00edm po\u010d\u00edtal a st\u00e1le si p\u0159eje, abychom ho podce\u0148ovali. Sankce p\u0159inesou mo\u017en\u00e1 n\u011bjak\u00fd efekt, ale a\u017e za n\u011bkolik m\u011bs\u00edc\u016f. A dob\u0159e v\u00edme, \u017ee sankce maj\u00ed dopad, kter\u00fd trv\u00e1 pom\u011brn\u011b kr\u00e1tkou dobu. Zato d\u016fsledky sankc\u00ed mohou trvat d\u00e9le, ne\u017e bychom si p\u0159\u00e1li. Nev\u00edm, zda je to spr\u00e1vn\u00e1 politika, nebudu schopen ji obh\u00e1jit p\u0159ed sv\u00fdmi vnou\u010daty, a\u017e se na to zeptaj\u00ed.<\/p>\n<p style=\"text-align: justify;\">Jak dlouho budeme pop\u00edrat, \u017ee glob\u00e1ln\u00ed konflikt u\u017e za\u010dal? Jak dlouho budeme sledovat na televizn\u00edch obrazovk\u00e1ch vra\u017ed\u011bn\u00ed nevinn\u00fdch lid\u00ed? Jak vysv\u011btl\u00edme potomk\u016fm, \u017ee jsme sice patrn\u011b m\u011bli kapacitu vra\u017ed\u011bn\u00ed zastavit, \u017ee jsme mohli zabr\u00e1nit v\u010dasn\u00fdm z\u00e1sahem barbarsk\u00e9mu zni\u010den\u00ed st\u0159edn\u00ed Evropy, \u017ee jsme to ale neud\u011blali? Bude m\u00edt je\u0161t\u011b n\u011bkdo odvahu mluvit v Evrop\u011b o n\u011bjak\u00fdch humanitn\u00edch hodnot\u00e1ch evropsk\u00e9 civilizace? Bude m\u00edt je\u0161t\u011b n\u011bkdo odvahu mluvit o lidsk\u00fdch pr\u00e1vech, ani\u017e by se hanbou propadl do pekel? Euroatlantick\u00e1 civilizace dostane po zbytek sv\u00e9 existence n\u00e1lepku prolhan\u00fdch pokrytc\u016f.&nbsp;<\/p>\n","protected":false},"excerpt":{"rendered":"<p>15.3.2022 Nemaj\u00ed pr\u00e1vo na existenciKa\u017ed\u00fd si jist\u011b pamatuje Putin\u016fv projev na za\u010d\u00e1tku v\u00e1lky (23.2.), kdy ozn\u00e1mil sv\u011btu, \u017ee Ukrajinci nejsou n\u00e1rod a \u017ee nemaj\u00ed n\u00e1rok na samostatnou existenci. \u201eUkrajina nikdy&#8230; <a class=\"read-more-button\" href=\"https:\/\/www.payne.cz\/WP15\/nepodcenujte-putina\/\">\u010c\u00edst v\u00edce &gt;<\/a><\/p>\n","protected":false},"author":2,"featured_media":0,"comment_status":"closed","ping_status":"closed","sticky":false,"template":"","format":"standard","meta":{"ngg_post_thumbnail":0,"_monsterinsights_skip_tracking":false,"_monsterinsights_sitenote_active":false,"_monsterinsights_sitenote_note":"","_monsterinsights_sitenote_category":0,"footnotes":""},"categories":[3],"tags":[],"class_list":["post-2397","post","type-post","status-publish","format-standard","hentry","category-clanky"],"_links":{"self":[{"href":"https:\/\/www.payne.cz\/WP15\/wp-json\/wp\/v2\/posts\/2397","targetHints":{"allow":["GET"]}}],"collection":[{"href":"https:\/\/www.payne.cz\/WP15\/wp-json\/wp\/v2\/posts"}],"about":[{"href":"https:\/\/www.payne.cz\/WP15\/wp-json\/wp\/v2\/types\/post"}],"author":[{"embeddable":true,"href":"https:\/\/www.payne.cz\/WP15\/wp-json\/wp\/v2\/users\/2"}],"replies":[{"embeddable":true,"href":"https:\/\/www.payne.cz\/WP15\/wp-json\/wp\/v2\/comments?post=2397"}],"version-history":[{"count":3,"href":"https:\/\/www.payne.cz\/WP15\/wp-json\/wp\/v2\/posts\/2397\/revisions"}],"predecessor-version":[{"id":2400,"href":"https:\/\/www.payne.cz\/WP15\/wp-json\/wp\/v2\/posts\/2397\/revisions\/2400"}],"wp:attachment":[{"href":"https:\/\/www.payne.cz\/WP15\/wp-json\/wp\/v2\/media?parent=2397"}],"wp:term":[{"taxonomy":"category","embeddable":true,"href":"https:\/\/www.payne.cz\/WP15\/wp-json\/wp\/v2\/categories?post=2397"},{"taxonomy":"post_tag","embeddable":true,"href":"https:\/\/www.payne.cz\/WP15\/wp-json\/wp\/v2\/tags?post=2397"}],"curies":[{"name":"wp","href":"https:\/\/api.w.org\/{rel}","templated":true}]}}