{"id":239,"date":"2015-04-30T18:32:17","date_gmt":"2015-04-30T17:32:17","guid":{"rendered":"http:\/\/www.payne.cz\/WP15\/?p=239"},"modified":"2015-06-01T12:50:32","modified_gmt":"2015-06-01T11:50:32","slug":"privetivy-stat","status":"publish","type":"post","link":"https:\/\/www.payne.cz\/WP15\/privetivy-stat\/","title":{"rendered":"P\u0159\u00edv\u011btiv\u00fd st\u00e1t"},"content":{"rendered":"<p style=\"text-align: right;\"><span style=\"color: #008080;\">2.10.2012<\/span><\/p>\n<p style=\"text-align: justify;\">Tak\u00e9 se v\u00e1m zd\u00e1, \u017ee \u010cesk\u00fd st\u00e1t nefunguje, \u017ee nezvl\u00e1d\u00e1 z\u00e1kladn\u00ed funkce? \u017de zavede nep\u0159im\u011b\u0159en\u00e9 dan\u011b a hloup\u00e9 regulace na prodej lihu a pak neum\u00ed zvl\u00e1dnout kriminalitu, kterou t\u00edm vyvol\u00e1? \u017de Policie vzdala boj proti vykrada\u010d\u016fm aut a byt\u016f, tak\u017ee n\u00e1m neposkytuje bezpe\u010dnost, kterou jsme si zaplatili v dan\u00edch, a my mus\u00edme investovat do alarm\u016f a bezpe\u010dnostn\u00edch dve\u0159\u00ed? \u017de m\u00edsto postihu nebezpe\u010dn\u00fdch pir\u00e1t\u016f silnic \u010d\u00edh\u00e1 policista na v\u00edcem\u00e9n\u011b slu\u0161n\u00e9 \u0159idi\u010de, kte\u0159\u00ed p\u0159ekro\u010d\u00ed rychlost o p\u00e1r kilometr\u016f, ani\u017e by n\u011bkoho ohrozili? \u017de se stala korupce syst\u00e9movou sou\u010d\u00e1st\u00ed st\u00e1tn\u00ed spr\u00e1vy, tak\u017ee navzdory obrovsk\u00e9mu \u00fasil\u00ed je prok\u00e1z\u00e1n jen jej\u00ed nepatrn\u00fd zlomek? \u017de nefunguje v\u00fdplata soci\u00e1ln\u00edch d\u00e1vek? \u017de registr vozidel je dlouhodob\u011b v havarijn\u00edm stavu? \u017de mus\u00edme st\u00e1t zbyte\u010dn\u011b ve front\u00e1ch na v\u00fdm\u011bnu pas\u016f, ob\u010dansk\u00fdch pr\u016fkaz\u016f \u010di \u0159idi\u010d\u00e1k\u016f? \u017de m\u00e1me d\u00e1lnice nejhor\u0161\u00ed z Evropy a p\u0159itom za n\u011b plat\u00edme dvakr\u00e1t vy\u0161\u0161\u00ed cenu? \u017de nefunguj\u00ed soudy, p\u0159itom m\u00e1me dvakr\u00e1t v\u00edce v\u011bz\u0148\u016f, ne\u017e t\u0159eba Rakousko, a p\u0159esto nevid\u00edme ani spravedlnost, ani bezpe\u010dnost? \u2026 \u017ee nefunguje ochranka \u00fastavn\u00edch \u010dinitel\u016f u\u017e nep\u0159ekvapuje.<\/p>\n<p style=\"text-align: justify;\">Kde se stala chyba? Nem\u00e1me jasno v tom, jak\u00fd st\u00e1t si p\u0159ejeme. Jak\u00e9 m\u00e1 m\u00edt pravomoci, jak\u00e9 jsou jeho \u00fakoly, co m\u00e1 d\u011blat. Za co odpov\u00edd\u00e1 a kde si naopak p\u0159ejeme omezit z\u00e1sahy st\u00e1tu a vyk\u00e1zat jej do pat\u0159i\u010dn\u00fdch mez\u00ed. Proto\u017ee n\u00e1m chyb\u00ed koncept st\u00e1tu, d\u011bl\u00e1me n\u011bkdy opak toho, co bychom d\u011blat m\u011bli. Kdy\u017e n\u011bkde sel\u017ee \u0161patn\u011b vymy\u0161len\u00e1 regulace, m\u00edsto abychom ji zru\u0161ili, jenom se zv\u00fd\u0161\u00ed tresty a regulace se je\u0161t\u011b utu\u017e\u00ed.<\/p>\n<p style=\"text-align: justify;\">O pojet\u00ed st\u00e1tu neprob\u00edh\u00e1 ve\u0159ejn\u00e1 diskuse. Mo\u017en\u00e1 proto, \u017ee nen\u00ed, kdo by s k\u00fdm diskutoval. Politick\u00e9 strany nejsou schopny nebo ochotny svou p\u0159edstavu st\u00e1tu popsat a p\u0159edlo\u017eit. Nekompetentn\u00ed politikov\u00e9 bez zku\u0161enost\u00ed a politick\u00e9ho vzd\u011bl\u00e1n\u00ed se zam\u011b\u0159uj\u00ed na d\u016fsledky, m\u00edsto aby \u0159e\u0161ili p\u0159\u00ed\u010diny. Voli\u010d se nem\u00e1 podle \u010deho zorientovat a podle \u010deho volit, tak\u017ee se rozhoduje podle druho\u0159ad\u00fdch akcent\u016f.<\/p>\n<p style=\"text-align: justify;\">Kdybychom ud\u011blali anketu a ptali se na\u0161ich politik\u016f, ministr\u016f, z\u00e1konod\u00e1rc\u016f ale i oby\u010dejn\u00fdch lid\u00ed na ulici co je to st\u00e1t, s nejv\u011bt\u0161\u00ed pravd\u011bpodobnost\u00ed bychom dostali zjednodu\u0161enou marxistickou odpov\u011b\u010f, \u017ee st\u00e1t je organizovan\u00e9 n\u00e1sil\u00ed. U \u017eurnalist\u016f bychom nedopadli l\u00e9pe. Proto\u017ee nic jin\u00e9ho nezn\u00e1me, ani\u017e bychom si to p\u0159\u00e1li, mo\u017en\u00e1 nev\u011bdomky, budujeme to jedin\u00e9, co zn\u00e1me: organizovan\u00e9 n\u00e1sil\u00ed.<\/p>\n<p style=\"text-align: justify;\">Existuje jin\u00fd model st\u00e1tu? Nap\u0159\u00edklad Georg W. F. Hegel popisuje jin\u00fd st\u00e1t: <em>\u201eSt\u00e1t je skute\u010dnost mravn\u00ed ideje \u2013 mravn\u00ed duch, jako\u017eto zjevn\u00e1, sob\u011b sam\u00e9 jasn\u00e1, substanci\u00e1ln\u00ed v\u016fle, kter\u00e1 se mysl\u00ed a v\u00ed, a to, co v\u00ed a pokud to v\u00ed, vykon\u00e1v\u00e1.\u201c<\/em> Pojet\u00ed st\u00e1tu, jako mravn\u00ed ideje, kter\u00e1 dokonce vykon\u00e1v\u00e1 svou v\u016fli, se bl\u00ed\u017e\u00ed my\u0161lence T. G. Masaryka, \u017ee <em>\u201eSt\u00e1ty vznikaj\u00ed a zanikaj\u00ed t\u011bmi ide\u00e1ly, na nich\u017e byly postaveny.\u201c<\/em><\/p>\n<p style=\"text-align: justify;\">Svobodn\u00ed p\u0159edkl\u00e1daj\u00ed koncept p\u0159\u00edv\u011btiv\u00e9ho st\u00e1tu \u2013 st\u00e1t, kter\u00fd m\u00e1 p\u0159esn\u011b vymezen\u00e9 povinnosti, kter\u00e9 pak ale mus\u00ed beze zbytku a dokonale plnit. Je jich m\u00e9n\u011b, ne\u017e m\u00e1 st\u00e1vaj\u00edc\u00ed st\u00e1t. Z\u00e1rove\u0148 m\u00e1 p\u0159\u00edv\u011btiv\u00fd st\u00e1t zak\u00e1z\u00e1no zasahovat do soukrom\u00ed \u010dlov\u011bka, d\u011blat rozhodnut\u00ed za n\u011bj bez jeho v\u011bdom\u00ed, zadlu\u017eovat jej \u010di omezovat zbyte\u010dn\u011b jeho svobodu. O pojet\u00ed st\u00e1tu vedeme dlouhodob\u00fd dialog s partnery ve \u0160v\u00fdcarsku, kde oproti z\u00e1padoevropsk\u00e9mu pojet\u00ed m\u00e1lo funguj\u00edc\u00ed demokracie je budov\u00e1n model konkordan\u010dn\u00ed demokracie. Konkordan\u010dn\u00ed demokracie \u010di p\u0159\u00edv\u011btiv\u00fd st\u00e1t maj\u00ed za c\u00edl spole\u010dnost, ve kter\u00e9 je co nejm\u00e9n\u011b n\u00e1sil\u00ed. Znamen\u00e1 to v\u00edce vn\u00edmat n\u00e1zory ob\u010dan\u016f, ne\u017e se p\u0159ijme n\u011bjak\u00e9 rozhodnut\u00ed. Znamen\u00e1 to v\u00edce vysv\u011btlovat, pro\u010d se m\u00e1 n\u011bjak\u00e9 rozhodnut\u00ed p\u0159ijmout. Znamen\u00e1 to d\u016fsledn\u011b usilovat o politick\u00fd konsensus. Znamen\u00e1 to, \u017ee ve spole\u010dnosti nen\u00ed \u201anesmi\u0159iteln\u00fd\u2018 politick\u00fd \u010di t\u0159\u00eddn\u00ed boj. Znamen\u00e1 to v\u00edce diskutovat o pr\u016fse\u010d\u00edku spole\u010dn\u00fdch z\u00e1jm\u016f. Proto\u017ee jsou podstatn\u011b vy\u0161\u0161\u00ed mor\u00e1ln\u011b-politick\u00e9 n\u00e1roky na jak\u00e9koliv rozhodnut\u00ed, uk\u00e1\u017ee se, \u017ee regulace nemohou p\u0159ib\u00fdvat rychlost\u00ed, kterou nedok\u00e1\u017ee sledovat ani specialista p\u016fsob\u00edc\u00ed v oboru. C\u00edlem je, aby regulac\u00ed a omezen\u00ed bylo m\u00e9n\u011b, aby panoval v\u0161eobecn\u00fd konsensus o tom, \u017ee maj\u00ed platit a tak\u00e9 aby bylo jasno, \u017ee platn\u00e9 regulace plat\u00ed tak\u00e9 ve skute\u010dnosti.<\/p>\n<p style=\"text-align: justify;\">Kv\u016fli p\u0159\u00edv\u011btiv\u00e9mu st\u00e1tu se nemus\u00ed okam\u017eit\u011b m\u011bnit \u00dastava nebo z\u00e1kony. Zm\u011bna spo\u010d\u00edv\u00e1 v politick\u00e9 filosofii. Mnoho let u n\u00e1s nevzd\u011blan\u00ed kav\u00e1ren\u0161t\u00ed pseudointelektu\u00e1lov\u00e9 opakuj\u00ed hloupou v\u011btu o tom, \u017ee rozli\u0161ov\u00e1n\u00ed politick\u00fdch filosofi\u00ed je p\u0159e\u017eitkem, \u017ee u\u017e je jedno, co je napravo a nalevo, naho\u0159e \u010di dole. P\u0159id\u00e1v\u00e1 se k tomu zku\u0161enost s Evropsk\u00fdm parlamentem, kde se tvrd\u00ed, \u017ee vznikl nov\u00fd politick\u00fd model, ve kter\u00e9m ji\u017e nen\u00ed pot\u0159eba opozice, proto\u017ee v\u0161ichni p\u0159ece radostn\u011b buduj\u00ed spole\u010dnou evropskou integraci. Do EP m\u016f\u017eeme volit jakkoliv, ale v\u00fdsledek bude v\u017edy stejn\u00fd. U n\u00e1s m\u00e1me svou zku\u0161enost s t\u00edm, jak vypadala komunistick\u00e1 politika, kde po desetilet\u00ed nebyla opozice. V\u00edme, \u017ee kde nen\u00ed opozice, tam vznik\u00e1 z\u00e1konit\u011b totalita.<\/p>\n<p style=\"text-align: justify;\">Opozice \u2013 to neznamen\u00e1 b\u00fdt automaticky za v\u0161ech okolnost\u00ed proti. Opozice znamen\u00e1, \u017ee existuje politick\u00fd sm\u011br, kter\u00fd m\u00e1 jinou politickou filosofii, kter\u00fd p\u0159edkl\u00e1d\u00e1 alternativu, kter\u00fd p\u0159edkl\u00e1d\u00e1 jin\u00e9 pojet\u00ed. Opozice je filosofick\u00e1 polemika s t\u00edm co se d\u011bje, je to alternativn\u00ed interpretace politick\u00e9 reality.<\/p>\n<p style=\"text-align: justify;\">Abych oz\u0159ejmil rozd\u00edl na praktick\u00e9m p\u0159\u00edkladu, pod\u00edvejme se, jak odli\u0161n\u011b se bude rozhodovat politik, kter\u00fd vyzn\u00e1v\u00e1 blahobyt za jedin\u00fd politick\u00fd c\u00edl, kter\u00e9mu v\u0161e pod\u0159izuje, oproti politikovi, kter\u00fd usiluje o p\u0159\u00edv\u011btiv\u00fd st\u00e1t, kter\u00fd minimalizuje n\u00e1sil\u00ed a zachov\u00e1v\u00e1 svobodu. Kdo pamatuje hus\u00e1kovskou normalizaci z po\u010d\u00e1tku sedmdes\u00e1t\u00fdch let, kter\u00e1 se pokou\u0161ela relativn\u00edm blahobytem i za cenu n\u00e1sil\u00ed uml\u010det ty, kdo si p\u0159\u00e1li svobodu, v\u00ed o \u010dem je \u0159e\u010d.<\/p>\n<p style=\"text-align: justify;\">Dokonce plat\u00ed, \u017ee <strong>politik, kter\u00fd nem\u00e1 \u017e\u00e1dnou politickou filosofii, kter\u00fd nesleduje ideje, je mnohem n\u00e1chyln\u011bj\u0161\u00ed ke korupci<\/strong>. Navenek se tv\u00e1\u0159\u00ed, \u017ee <em>\u201apodporuje ka\u017ed\u00fd dobr\u00fd n\u00e1pad\u2018<\/em>, ve skute\u010dnosti nem\u00e1 podle \u010deho rozli\u0161it dobr\u00fd a \u0161patn\u00fd n\u00e1pad a proto se na n\u011bj zam\u011b\u0159\u00ed \u00fasil\u00ed t\u011bch, kdo se sna\u017e\u00ed naru\u0161it f\u00e9rov\u00e9 podm\u00ednky a obr\u00e1tit je ve sv\u016fj prosp\u011bch. Z\u00e1sadov\u00fdm a vyhran\u011bn\u00fdm politik\u016fm nikdo \u00faplatky ani nenab\u00edz\u00ed.<\/p>\n<p style=\"text-align: justify;\">Americk\u00e1 spisovatelka a filosofka Ayn Rand napsala: <em>\u201eBitvu mus\u00edme sv\u00e9st na poli filozofie, nikoliv politiky. Politika je jen posledn\u00edm d\u016fsledkem, praktick\u00fdm vy\u00fast\u011bn\u00edm fundament\u00e1ln\u00edch my\u0161lenek, kter\u00e9 v dan\u00e9 kultu\u0159e p\u0159evl\u00e1daj\u00ed. Nelze ji zm\u011bnit nebo bojovat proti n\u00e1sledk\u016fm, ani\u017e bychom nap\u0159ed bojovali a zm\u011bnili p\u0159\u00ed\u010diny.\u201c<\/em><\/p>\n<p style=\"text-align: justify;\">Zm\u011b\u0148me spole\u010dn\u011b \u010ceskou republiku v p\u0159\u00edv\u011btiv\u00fd st\u00e1t.<\/p>\n","protected":false},"excerpt":{"rendered":"<p>2.10.2012 Tak\u00e9 se v\u00e1m zd\u00e1, \u017ee \u010cesk\u00fd st\u00e1t nefunguje, \u017ee nezvl\u00e1d\u00e1 z\u00e1kladn\u00ed funkce? \u017de zavede nep\u0159im\u011b\u0159en\u00e9 dan\u011b a hloup\u00e9 regulace na prodej lihu a pak neum\u00ed zvl\u00e1dnout kriminalitu, kterou t\u00edm&#8230; <a class=\"read-more-button\" href=\"https:\/\/www.payne.cz\/WP15\/privetivy-stat\/\">\u010c\u00edst v\u00edce &gt;<\/a><\/p>\n","protected":false},"author":2,"featured_media":0,"comment_status":"closed","ping_status":"closed","sticky":false,"template":"","format":"standard","meta":{"ngg_post_thumbnail":0,"_monsterinsights_skip_tracking":false,"_monsterinsights_sitenote_active":false,"_monsterinsights_sitenote_note":"","_monsterinsights_sitenote_category":0,"footnotes":""},"categories":[3,13,16],"tags":[6,18],"class_list":["post-239","post","type-post","status-publish","format-standard","hentry","category-clanky","category-dompol","category-svobodni","tag-dompol","tag-svobodi"],"_links":{"self":[{"href":"https:\/\/www.payne.cz\/WP15\/wp-json\/wp\/v2\/posts\/239","targetHints":{"allow":["GET"]}}],"collection":[{"href":"https:\/\/www.payne.cz\/WP15\/wp-json\/wp\/v2\/posts"}],"about":[{"href":"https:\/\/www.payne.cz\/WP15\/wp-json\/wp\/v2\/types\/post"}],"author":[{"embeddable":true,"href":"https:\/\/www.payne.cz\/WP15\/wp-json\/wp\/v2\/users\/2"}],"replies":[{"embeddable":true,"href":"https:\/\/www.payne.cz\/WP15\/wp-json\/wp\/v2\/comments?post=239"}],"version-history":[{"count":2,"href":"https:\/\/www.payne.cz\/WP15\/wp-json\/wp\/v2\/posts\/239\/revisions"}],"predecessor-version":[{"id":730,"href":"https:\/\/www.payne.cz\/WP15\/wp-json\/wp\/v2\/posts\/239\/revisions\/730"}],"wp:attachment":[{"href":"https:\/\/www.payne.cz\/WP15\/wp-json\/wp\/v2\/media?parent=239"}],"wp:term":[{"taxonomy":"category","embeddable":true,"href":"https:\/\/www.payne.cz\/WP15\/wp-json\/wp\/v2\/categories?post=239"},{"taxonomy":"post_tag","embeddable":true,"href":"https:\/\/www.payne.cz\/WP15\/wp-json\/wp\/v2\/tags?post=239"}],"curies":[{"name":"wp","href":"https:\/\/api.w.org\/{rel}","templated":true}]}}