{"id":233,"date":"2015-04-30T18:28:17","date_gmt":"2015-04-30T17:28:17","guid":{"rendered":"http:\/\/www.payne.cz\/WP15\/?p=233"},"modified":"2015-06-01T12:51:49","modified_gmt":"2015-06-01T11:51:49","slug":"odpovednost-nese-kalousek","status":"publish","type":"post","link":"https:\/\/www.payne.cz\/WP15\/odpovednost-nese-kalousek\/","title":{"rendered":"Odpov\u011bdnost nese Kalousek"},"content":{"rendered":"<div id=\"attachment_234\" style=\"width: 310px\" class=\"wp-caption alignright\"><a href=\"http:\/\/www.payne.cz\/WP15\/wp-content\/uploads\/2015\/04\/288660_clanok_foto_174.png\"><img loading=\"lazy\" decoding=\"async\" aria-describedby=\"caption-attachment-234\" class=\"wp-image-234 size-full\" src=\"http:\/\/www.payne.cz\/WP15\/wp-content\/uploads\/2015\/04\/288660_clanok_foto_174.png\" alt=\"288660_clanok_foto_174\" width=\"300\" height=\"300\" srcset=\"https:\/\/www.payne.cz\/WP15\/wp-content\/uploads\/2015\/04\/288660_clanok_foto_174.png 300w, https:\/\/www.payne.cz\/WP15\/wp-content\/uploads\/2015\/04\/288660_clanok_foto_174-150x150.png 150w\" sizes=\"auto, (max-width: 300px) 100vw, 300px\" \/><\/a><p id=\"caption-attachment-234\" class=\"wp-caption-text\">Ministr Kalousek tvrd\u00ed, \u017ee ani on ani st\u00e1t za smrt otr\u00e1ven\u00fdch lid\u00ed nem\u016f\u017ee. Pr\u00fd je to jen pouhopouh\u00e1 kriminalita, proti kter\u00e9 je st\u00e1t bezmocn\u00fd a celn\u00ed spr\u00e1va p\u0159ece kontroluje jen dan\u011b a ne pravost zbo\u017e\u00ed (?).<\/p><\/div>\n<p style=\"text-align: right;\"><span style=\"color: #008080;\">23.9.2012<\/span><\/p>\n<p style=\"text-align: justify;\">K \u010demu takov\u00fd vlastn\u011b st\u00e1t m\u00e1me? Zkusme si p\u0159edstavit jin\u00fd st\u00e1t, ne\u017e je ten n\u00e1\u0161, kter\u00fd nezavede na alkohol \u017e\u00e1dnou spot\u0159ebn\u00ed da\u0148. Nebude tam existovat \u017e\u00e1dn\u00fd ileg\u00e1ln\u00ed alkohol, ceny budou odpov\u00eddat trhu a kvalit\u011b a ob\u010dan si s\u00e1m vybere, jak\u00fd alkohol si chce koupit. Pak m\u016f\u017ee st\u00e1t tvrdit, \u017ee p\u0159\u00edpadn\u00fd prodej otr\u00e1ven\u00e9ho alkoholu je \u010dist\u011b soukromopr\u00e1vn\u00edm probl\u00e9mem prod\u00e1vaj\u00edc\u00edho a kupuj\u00edc\u00edho. Zavede-li v\u0161ak st\u00e1t spot\u0159ebn\u00ed da\u0148 (v na\u0161em p\u0159\u00edpad\u011b dokonce v nehor\u00e1zn\u00e9 v\u00fd\u0161i), vytvo\u0159\u00ed \u010dern\u00fd trh a vytvo\u0159\u00ed prostor pro kriminalitu, kter\u00e1 by jinak v\u016fbec neexistovala. Kolem neleg\u00e1ln\u00ed produkce nezdan\u011bn\u00e9ho alkoholu se p\u0159irozen\u011b nabal\u00ed dal\u0161\u00ed kriminalita. To je ale kriminalita jin\u00e9ho druhu, ne\u017e oby\u010dejn\u00e1 kr\u00e1de\u017e \u010di ubl\u00ed\u017een\u00ed. Je to kriminalita, kterou st\u00e1t svou regulac\u00ed vytvo\u0159il, a proto za n\u00ed nese plnou odpov\u011bdnost. N\u00e1klady na zaveden\u00ed alkoholov\u00e9 regulace obn\u00e1\u0161ej\u00ed nejenom kolky, celn\u00ed spr\u00e1vu, policii, pokles v\u00fdb\u011bru dan\u00ed z alkoholu, ale i plnou odpov\u011bdnost za kriminalitu, kterou nep\u0159im\u011b\u0159en\u00e1 st\u00e1tn\u00ed regulace zp\u016fsobila. I nezam\u00fd\u0161len\u00e9 d\u016fsledky st\u00e1tn\u00ed regulace jsou odpov\u011bdnost\u00ed st\u00e1tu, tedy vl\u00e1dy. Kdyby nebyla speci\u00e1ln\u00ed st\u00e1tn\u00ed regulace alkoholu, nikdo by na otravu metylem neum\u0159el! \u0158\u00edzen\u00ed pod vlivem alkoholu, kter\u00fdm Kalousek na svou obhajobu argumentuje, je kriminalitou jin\u00e9ho druhu. \u017d\u00e1dn\u00fd organizovan\u00fd zlo\u010din neorganizuje opil\u00e9 \u0159idi\u010de, zato lihovou mafii v\u0161ak m\u00e1 st\u00e1t zcela na zodpov\u011bdnost.<\/p>\n<p style=\"text-align: justify;\">Kdy\u017e se nyn\u00ed politikov\u00e9 p\u0159edh\u00e1n\u011bj\u00ed v tom, kdo navrhne p\u0159\u00edsn\u011bj\u0161\u00ed regulaci, mus\u00ed si tak\u00e9 p\u0159ipustit, \u017ee ponesou plnou trestn\u00ed odpov\u011bdnost za p\u0159\u00edpadn\u00e9 nefungov\u00e1n\u00ed st\u00e1tu.<\/p>\n<p style=\"text-align: justify;\">Ob\u010dan nen\u00ed povinen rozli\u0161ovat, co m\u00e1 kter\u00fd ministr ve sv\u00e9 kompetenci. Vl\u00e1da jako celek je pro n\u011bj partnerem a vl\u00e1da jako celek tak\u00e9 nese odpov\u011bdnost. Kdyby si ob\u010dan koupil l\u00e1hev bez kolku, je to \u010dist\u011b soukromopr\u00e1vn\u00ed z\u00e1le\u017eitost trhu a st\u00e1t m\u016f\u017ee argumentovat, \u017ee za to nem\u016f\u017ee. Pokud ale st\u00e1t p\u0159ik\u00e1\u017ee, \u017ee ka\u017ed\u00e1 lahev mus\u00ed b\u00fdt opat\u0159ena kolkem, p\u0159ej\u00edm\u00e1 p\u0159\u00edmou odpov\u011bdnost. Ob\u010dan nemus\u00ed zkoumat, kter\u00fd ministr m\u00e1 co kontrolovat, pro n\u011bj v\u00fdrobek opat\u0159en\u00fd st\u00e1tn\u00ed pe\u010det\u00ed vstupuje na trh, kter\u00fd st\u00e1t s\u00e1m svou regulac\u00ed zdeformoval. Proto ob\u010dan pr\u00e1vem m\u016f\u017ee st\u00e1tu d\u00e1vat za vinu ob\u011bti, kter\u00e9 spol\u00e9haly na st\u00e1tn\u00ed regulaci a na odpov\u011bdnost st\u00e1tu za jej\u00ed d\u016fsledky.<\/p>\n<p style=\"text-align: justify;\">Kdyby m\u011blo platit, co dnes \u0159ekl ministr Kalousek, \u017ee st\u00e1t za nic nem\u016f\u017ee, \u017ee jen tak vyd\u00e1v\u00e1 regulaci, ale nem\u00e1 \u017e\u00e1dnou odpov\u011bdnost za jej\u00ed napl\u0148ov\u00e1n\u00ed, pak je to v\u00fdzva k p\u0159evratu. Nem\u00e1-li st\u00e1t \u017e\u00e1dnou odpov\u011bdnost, poj\u010fme tuto vl\u00e1du svrhnout a poj\u010fme nastolit zcela jin\u00fd politick\u00fd re\u017eim \u2013 t\u0159eba n\u011bjak\u00fd p\u0159\u00edv\u011btiv\u00fd st\u00e1t. Regulace bez odpov\u011bdnosti nem\u00e1 smysl a takovou regulaci nejen \u017ee nikdo nemus\u00ed poslouchat, ale svobodn\u00fd ob\u010dan je dokonce povinen poslu\u0161nost odm\u00edtnout.<\/p>\n<p style=\"text-align: justify;\">Proto prohla\u0161uji, \u017ee vl\u00e1da nese p\u0159\u00edmou odpov\u011bdnost za v\u0161echny ob\u011bti a minist\u0159i by za to m\u011bli b\u00fdt st\u00edh\u00e1ni. Prvn\u00edm z nich je ministr Kalousek: celn\u00ed spr\u00e1va m\u00e1 za povinnost dohl\u00ed\u017eet na pravost prod\u00e1van\u00e9ho zbo\u017e\u00ed a to dokonce, i kdy\u017e na n\u011bm nen\u00ed st\u00e1tn\u00ed kolek. Z\u00e1kon o lihu v\u0161ak nav\u00edc v\u00fdslovn\u011b stanov\u00ed, \u017ee dohled nad regulac\u00ed trhu s lihem m\u00e1 celn\u00ed spr\u00e1va, za kterou zodpov\u00edd\u00e1 ministr financ\u00ed.<\/p>\n<p style=\"text-align: justify;\">Z\u00e1v\u011brem, m\u00edsto zp\u0159\u00eds\u0148ov\u00e1n\u00ed regulace by st\u00e1t m\u011bl sn\u00ed\u017eit spot\u0159ebn\u00ed da\u0148 tak, aby se ileg\u00e1ln\u00ed produkce lihu nevyplatila. Vy\u0159e\u0161ilo by to v\u0161echny probl\u00e9my a st\u00e1t, krom\u011b toho, \u017ee by u\u0161et\u0159il na st\u00e1tn\u00ed spr\u00e1v\u011b, by dokonce vybral v\u00edce pen\u011bz na dan\u00edch.<\/p>\n","protected":false},"excerpt":{"rendered":"<p>23.9.2012 K \u010demu takov\u00fd vlastn\u011b st\u00e1t m\u00e1me? Zkusme si p\u0159edstavit jin\u00fd st\u00e1t, ne\u017e je ten n\u00e1\u0161, kter\u00fd nezavede na alkohol \u017e\u00e1dnou spot\u0159ebn\u00ed da\u0148. Nebude tam existovat \u017e\u00e1dn\u00fd ileg\u00e1ln\u00ed alkohol, ceny&#8230; <a class=\"read-more-button\" href=\"https:\/\/www.payne.cz\/WP15\/odpovednost-nese-kalousek\/\">\u010c\u00edst v\u00edce &gt;<\/a><\/p>\n","protected":false},"author":2,"featured_media":0,"comment_status":"closed","ping_status":"closed","sticky":false,"template":"","format":"standard","meta":{"ngg_post_thumbnail":0,"_monsterinsights_skip_tracking":false,"_monsterinsights_sitenote_active":false,"_monsterinsights_sitenote_note":"","_monsterinsights_sitenote_category":0,"footnotes":""},"categories":[3,13,16],"tags":[6,18],"class_list":["post-233","post","type-post","status-publish","format-standard","hentry","category-clanky","category-dompol","category-svobodni","tag-dompol","tag-svobodi"],"_links":{"self":[{"href":"https:\/\/www.payne.cz\/WP15\/wp-json\/wp\/v2\/posts\/233","targetHints":{"allow":["GET"]}}],"collection":[{"href":"https:\/\/www.payne.cz\/WP15\/wp-json\/wp\/v2\/posts"}],"about":[{"href":"https:\/\/www.payne.cz\/WP15\/wp-json\/wp\/v2\/types\/post"}],"author":[{"embeddable":true,"href":"https:\/\/www.payne.cz\/WP15\/wp-json\/wp\/v2\/users\/2"}],"replies":[{"embeddable":true,"href":"https:\/\/www.payne.cz\/WP15\/wp-json\/wp\/v2\/comments?post=233"}],"version-history":[{"count":3,"href":"https:\/\/www.payne.cz\/WP15\/wp-json\/wp\/v2\/posts\/233\/revisions"}],"predecessor-version":[{"id":731,"href":"https:\/\/www.payne.cz\/WP15\/wp-json\/wp\/v2\/posts\/233\/revisions\/731"}],"wp:attachment":[{"href":"https:\/\/www.payne.cz\/WP15\/wp-json\/wp\/v2\/media?parent=233"}],"wp:term":[{"taxonomy":"category","embeddable":true,"href":"https:\/\/www.payne.cz\/WP15\/wp-json\/wp\/v2\/categories?post=233"},{"taxonomy":"post_tag","embeddable":true,"href":"https:\/\/www.payne.cz\/WP15\/wp-json\/wp\/v2\/tags?post=233"}],"curies":[{"name":"wp","href":"https:\/\/api.w.org\/{rel}","templated":true}]}}