{"id":2200,"date":"2021-03-07T15:50:40","date_gmt":"2021-03-07T14:50:40","guid":{"rendered":"http:\/\/www.payne.cz\/WP15\/?p=2200"},"modified":"2021-03-07T15:50:40","modified_gmt":"2021-03-07T14:50:40","slug":"vlada-se-rozhodla-pro-narodni-sebevrazdu","status":"publish","type":"post","link":"https:\/\/www.payne.cz\/WP15\/vlada-se-rozhodla-pro-narodni-sebevrazdu\/","title":{"rendered":"Vl\u00e1da se rozhodla pro n\u00e1rodn\u00ed sebevra\u017edu"},"content":{"rendered":"\n<div dir=\"auto\" style=\"text-align: right;\"><span style=\"color: #008080;\">7.3.2021<\/span><\/div>\n<div dir=\"auto\">&nbsp;<\/div>\n<div dir=\"auto\" style=\"text-align: justify;\">V\u017edycky je d\u016fle\u017eit\u00e9, aby m\u011bl politik jasn\u011b stanoven\u00e9 priority a aby je ve\u0159ejnost znala. Vl\u00e1da premi\u00e9ra Babi\u0161e opakovan\u011b odm\u00edt\u00e1 diskusi o priorit\u00e1ch, sama \u017e\u00e1dn\u00e9 nezve\u0159ejnila. Proto n\u00e1m nezb\u00fdv\u00e1, ne\u017e si je odvodit z re\u00e1ln\u00fdch krok\u016f, kter\u00e9 vl\u00e1da d\u011bl\u00e1. M\u016f\u017eeme je porovnat s osobn\u00edm bezohledn\u00fdm p\u0159\u00edstupem premi\u00e9ra k vlastn\u00edm d\u011btem.<\/div>\n<div dir=\"auto\">&nbsp;<\/div>\n<div dir=\"auto\" style=\"text-align: justify;\">&#8211; Vl\u00e1da opakovan\u011b uzav\u0159ela \u0161koly jako prvn\u00ed, nezve\u0159ejnila, na z\u00e1klad\u011b jak\u00fdch informac\u00ed pova\u017euje d\u011bti za nejnebezpe\u010dn\u011bj\u0161\u00ed \u010d\u00e1st obyvatel. Existuj\u00ed v\u00e1\u017en\u00e9 pochybnosti, \u017ee k tomu m\u011bla d\u016fvody, \u017ee se jedn\u00e1 opravdu o nejv\u011bt\u0161\u00ed hrozbu, takov\u00e9 opat\u0159en\u00ed je nutno pova\u017eovat za sv\u00e9voli a je trestn\u00e9.<\/div>\n<div dir=\"auto\">&nbsp;<\/div>\n<div dir=\"auto\" style=\"text-align: justify;\">&#8211; Vl\u00e1da dr\u017e\u00ed d\u011bti rok v dom\u00e1c\u00edm v\u011bzen\u00ed \u2013 pro n\u011bkter\u00e9 ro\u010dn\u00edky bude m\u00edt toto ro\u010dn\u00ed omezen\u00ed psychick\u00e9 d\u016fsledky na desetilet\u00ed, jsou ve v\u011bku, kdy si vytv\u00e1\u0159ej\u00ed obraz sv\u011bta a pot\u0159ebuj\u00ed k tomu m\u00edt masivn\u00ed kontakty s vrstevn\u00edky, v budoucnu by m\u011blo b\u00fdt mo\u017eno soudn\u011b vym\u00e1hat v ob\u010danskopr\u00e1vn\u00edm \u0159\u00edzen\u00ed od\u0161kodn\u011bn\u00ed na jednotliv\u00fdch osob\u00e1ch, kter\u00e9 takov\u00e9 opat\u0159en\u00ed u\u010dinily.<\/div>\n<div dir=\"auto\">&nbsp;<\/div>\n<div dir=\"auto\" style=\"text-align: justify;\">&#8211; Aby m\u011bly d\u011bti imunitu dostate\u010dn\u011b silnou na to, aby odolaly infekci, mus\u00ed b\u00fdt denn\u011b na \u010derstv\u00e9m vzduchu a voln\u011b d\u00fdchat. Pokud jim vl\u00e1da p\u0159edepsala nosit rou\u0161ky pod \u0161ir\u00fdm nebem, znemo\u017e\u0148uje jim odolat bez komplikac\u00ed infekci. P\u0159itom doposud neexistuje vakc\u00edna, kter\u00e1 by se pod\u00e1vala d\u011btem. Je d\u016fvodn\u00e9 p\u0159edpokl\u00e1dat, \u017ee vl\u00e1da d\u011btem neposkytne \u017e\u00e1dnou podporu v t\u00e9to oblasti ani v nejbli\u017e\u0161\u00ed dob\u011b. Vl\u00e1da je odsoudila k t\u011b\u017e\u0161\u00edmu pr\u016fb\u011bhu a hor\u0161\u00edm d\u016fsledk\u016fm, ne\u017e by norm\u00e1ln\u011b m\u011bly.<\/div>\n<div dir=\"auto\">&nbsp;<\/div>\n<div dir=\"auto\" style=\"text-align: justify;\">&#8211; Vl\u00e1da zadlu\u017eila \u010ceskou republiku p\u0159\u00edmo sama a z\u00e1rove\u0148 v r\u00e1mci Evropsk\u00e9 unie tak, \u017ee tento dluh budou d\u011bti spl\u00e1cet des\u00edtky let, mo\u017en\u00e1 a\u017e do konce \u017eivota.<\/div>\n<div dir=\"auto\">&nbsp;<\/div>\n<div dir=\"auto\" style=\"text-align: justify;\">&#8211; Z pen\u011bz, kter\u00e9 si vl\u00e1da p\u016fj\u010dila, neud\u011blala pro d\u011bti v\u016fbec nic, pou\u017eila je na sv\u00e9 kr\u00e1tkodob\u00e9 politick\u00e9 c\u00edle, up\u0159ednostnila d\u00e1re\u010dky d\u016fchodc\u016fm, \u010d\u00edm\u017e dala najevo sv\u00e9 priority.<\/div>\n<div dir=\"auto\">&nbsp;<\/div>\n<div dir=\"auto\" style=\"text-align: justify;\">&#8211; Vl\u00e1da neud\u011blala v\u016fbec nic pro d\u016fchodovou reformu, tak\u017ee t\u00edm vzkazuje d\u011btem, \u017ee budou muset u\u017eivit v\u0161echny d\u016fchodce v budoucnosti. A d\u016fchodc\u016f v populaci p\u0159ib\u00fdv\u00e1.<\/div>\n<div dir=\"auto\">&nbsp;<\/div>\n<div dir=\"auto\" style=\"text-align: justify;\">Pros\u00edm, vy\u0159i\u010fte sv\u00fdm d\u011bde\u010dk\u016fm a babi\u010dk\u00e1m, a tak\u00e9 rodi\u010d\u016fm, kte\u0159\u00ed vol\u00ed Babi\u0161ovo hnut\u00ed, aby se vzpamatovali a p\u0159estali ho podporovat, proto\u017ee zem\u011b, kter\u00e1 nen\u00e1vid\u00ed d\u011bti, sm\u011b\u0159uje k sebevra\u017ed\u011b.<\/div>\n","protected":false},"excerpt":{"rendered":"<p>7.3.2021 &nbsp; V\u017edycky je d\u016fle\u017eit\u00e9, aby m\u011bl politik jasn\u011b stanoven\u00e9 priority a aby je ve\u0159ejnost znala. Vl\u00e1da premi\u00e9ra Babi\u0161e opakovan\u011b odm\u00edt\u00e1 diskusi o priorit\u00e1ch, sama \u017e\u00e1dn\u00e9 nezve\u0159ejnila. Proto n\u00e1m nezb\u00fdv\u00e1,&#8230; <a class=\"read-more-button\" href=\"https:\/\/www.payne.cz\/WP15\/vlada-se-rozhodla-pro-narodni-sebevrazdu\/\">\u010c\u00edst v\u00edce &gt;<\/a><\/p>\n","protected":false},"author":2,"featured_media":0,"comment_status":"closed","ping_status":"closed","sticky":false,"template":"","format":"standard","meta":{"ngg_post_thumbnail":0,"_monsterinsights_skip_tracking":false,"_monsterinsights_sitenote_active":false,"_monsterinsights_sitenote_note":"","_monsterinsights_sitenote_category":0,"footnotes":""},"categories":[3],"tags":[],"class_list":["post-2200","post","type-post","status-publish","format-standard","hentry","category-clanky"],"_links":{"self":[{"href":"https:\/\/www.payne.cz\/WP15\/wp-json\/wp\/v2\/posts\/2200","targetHints":{"allow":["GET"]}}],"collection":[{"href":"https:\/\/www.payne.cz\/WP15\/wp-json\/wp\/v2\/posts"}],"about":[{"href":"https:\/\/www.payne.cz\/WP15\/wp-json\/wp\/v2\/types\/post"}],"author":[{"embeddable":true,"href":"https:\/\/www.payne.cz\/WP15\/wp-json\/wp\/v2\/users\/2"}],"replies":[{"embeddable":true,"href":"https:\/\/www.payne.cz\/WP15\/wp-json\/wp\/v2\/comments?post=2200"}],"version-history":[{"count":1,"href":"https:\/\/www.payne.cz\/WP15\/wp-json\/wp\/v2\/posts\/2200\/revisions"}],"predecessor-version":[{"id":2201,"href":"https:\/\/www.payne.cz\/WP15\/wp-json\/wp\/v2\/posts\/2200\/revisions\/2201"}],"wp:attachment":[{"href":"https:\/\/www.payne.cz\/WP15\/wp-json\/wp\/v2\/media?parent=2200"}],"wp:term":[{"taxonomy":"category","embeddable":true,"href":"https:\/\/www.payne.cz\/WP15\/wp-json\/wp\/v2\/categories?post=2200"},{"taxonomy":"post_tag","embeddable":true,"href":"https:\/\/www.payne.cz\/WP15\/wp-json\/wp\/v2\/tags?post=2200"}],"curies":[{"name":"wp","href":"https:\/\/api.w.org\/{rel}","templated":true}]}}