{"id":2194,"date":"2021-02-11T21:29:09","date_gmt":"2021-02-11T20:29:09","guid":{"rendered":"http:\/\/www.payne.cz\/WP15\/?p=2194"},"modified":"2021-02-11T21:29:09","modified_gmt":"2021-02-11T20:29:09","slug":"jestli-to-eu-zavede-musime-ji-svrhnout","status":"publish","type":"post","link":"https:\/\/www.payne.cz\/WP15\/jestli-to-eu-zavede-musime-ji-svrhnout\/","title":{"rendered":"Jestli to EU zavede, mus\u00edme ji svrhnout"},"content":{"rendered":"\n<p style=\"text-align: right;\"><span style=\"color: #008080;\">10.2.2021 Rozhovor pro Parlamentn\u00ed listy<\/span><\/p>\n<p style=\"text-align: justify;\"><span style=\"color: #008080;\"><strong>Ministr zdravotnictv\u00ed Jan Blatn\u00fd v rozhovoru pro Pr\u00e1vo mj. uvedl, \u017ee i po vakc\u00edn\u011b bude norm\u00e1ln\u00ed, \u017ee ka\u017edodenn\u00ed \u017eivot dozn\u00e1 trval\u00fdch zm\u011bn, a stejn\u011b jako po 11. z\u00e1\u0159\u00ed se i nyn\u00ed nastav\u00ed nov\u00e1 norma. Nyn\u00ed se takto pr\u00fd zm\u011bn\u00ed cestov\u00e1n\u00ed a p\u0159\u00edstup ke zdrav\u00ed. M\u00e1me to ch\u00e1pat tak, \u017ee n\u011bkte\u0159\u00ed by r\u00e1di n\u00e1\u0161 \u017eivot spoutali restrikcemi n\u011bjak natrvalo? Souhlas\u00edte, \u017ee n\u00e1\u0161 \u017eivot skute\u010dn\u011b po co<span style=\"color: #339966;\">v<\/span>idu v&nbsp;jist\u00fdch ohledech bude jin\u00fd ne\u017e p\u0159ed n\u00edm? O co konkr\u00e9tn\u011b mo\u017en\u00e1 p\u0159ijdeme? Sou\u010dasn\u00e1 omezen\u00ed dus\u00ed nejen podnikatele, ale tak\u00e9 t\u0159eba d\u011bti. Hovo\u0159\u00ed se o probl\u00e9mech ve vzd\u011bl\u00e1v\u00e1n\u00ed, d\u011btem ubli\u017euje i absence kolektivu. Zad\u011bl\u00e1v\u00e1me si u nejmlad\u0161\u00ed generace na z\u00e1va\u017en\u00fd probl\u00e9m?<\/strong><\/span><\/p>\n<p style=\"text-align: justify;\">Je mil\u00e9 vid\u011bt, \u017ee pan ministr Blatn\u00fd je prvn\u00edm \u010desk\u00fdm politikem, kter\u00fd za\u010d\u00edn\u00e1 uva\u017eovat do budoucnosti. Doposud jsme sly\u0161eli od premi\u00e9ra opakovan\u011b jen to, \u017ee se chce vr\u00e1tit n\u011bkam do norm\u00e1ln\u00edho stavu. To sv\u011bd\u010d\u00ed o jeho velmi omezen\u00e9m intelektu\u00e1ln\u00edm obzoru. Je p\u0159ece o\u010dividn\u00e9, \u017ee se nikdy nevr\u00e1t\u00edme do stavu v&nbsp;prosinci 2020. S infekc\u00ed v&nbsp;dramatick\u00e9 podob\u011b budeme z\u00e1pasit je\u0161t\u011b n\u011bkolik let. Je komick\u00e9, kdy\u017e vl\u00e1da p\u0159ipravuje r\u016fzn\u00e1 opat\u0159en\u00ed na p\u0159\u00ed\u0161t\u00ed t\u0159i m\u011bs\u00edce. Mus\u00edme se p\u0159ipravit na to, \u017ee r\u016fzn\u00e1 omezen\u00ed budou trvat roky. P\u0159i po\u010dtu naka\u017een\u00fdch lid\u00ed se objev\u00ed je\u0161t\u011b cel\u00e1 \u0159ada mnohem nebezpe\u010dn\u011bj\u0161\u00edch mutac\u00ed. Nam\u00edsto lockdownu mus\u00edme naj\u00edt zp\u016fsob, jak s&nbsp;rizikem infekce \u017e\u00edt.<\/p>\n<p style=\"text-align: justify;\">P\u0159\u00ed\u0161t\u00edch sedmdes\u00e1t let budeme s&nbsp;p\u0159ekvapen\u00edm zji\u0161\u0165ovat, jak\u00e9 d\u016fsledky m\u00e1 sou\u010dasn\u00e1 infekce. Generace d\u011bt\u00ed, kter\u00e9 ji\u017e nyn\u00ed pro\u017eily rok dom\u00e1c\u00edho v\u011bzen\u00ed, bude poznamenan\u00e1 na cel\u00fd \u017eivot. A to je\u0161t\u011b nejsme za vodou. Mus\u00edme naj\u00edt zp\u016fsob, jak zajistit, aby \u0161koly mohly bezpe\u010dn\u011b fungovat. Nejen kv\u016fli sou\u010dasn\u00e9 infekci, ale i kv\u016fli budouc\u00edm rizik\u016fm, o kter\u00fdch zat\u00edm ani nev\u00edme. V&nbsp;n\u011bkter\u00fdch zem\u00edch ji\u017e prob\u00edh\u00e1 v\u00fdzkum, jak dos\u00e1hnout infek\u010dn\u011b bezpe\u010dn\u011bj\u0161\u00edho prost\u0159ed\u00ed t\u0159eba ve \u0161kol\u00e1ch. Zcela jist\u011b m\u00e1 na \u0161\u00ed\u0159en\u00ed jak\u00e9koli respira\u010dn\u00ed infekce vliv teplota a proud\u011bn\u00ed vzduchu. Mo\u017en\u00e1 kdyby&nbsp;v&nbsp;ka\u017ed\u00e9 t\u0159\u00edd\u011b byla um\u00edst\u011bna zdokonalen\u00e1 pra\u010dka vzduchu, \u0159ekn\u011bme dopln\u011bn\u00e1 o n\u011bjak\u00e9 dal\u0161\u00ed prvky jako \u010di\u0161t\u011bn\u00ed vzduchu ionizac\u00ed a UV z\u00e1\u0159en\u00edm, kdyby byl teplotn\u00ed gradient vzduchu ve t\u0159\u00edd\u011b nastaven tak, aby vydechnut\u00fd vzduch stoupal ke stropu, kde budou infek\u010dn\u00ed \u010d\u00e1stice zachyceny na plo\u0161e s&nbsp;elektrostatick\u00fdm n\u00e1bojem, mo\u017en\u00e1 kdybychom m\u011bli p\u0159esn\u011bj\u0161\u00ed model vyt\u00e1p\u011bn\u00ed a cirkulace vzduchu ve \u0161koln\u00ed t\u0159\u00edd\u011b, vytvo\u0159ili bychom i do budoucnosti ve \u0161kol\u00e1ch prost\u0159ed\u00ed, ve kter\u00e9m se nebude \u0161\u00ed\u0159it nejenom sou\u010dasn\u00e1 infekce, ale ani ch\u0159ipka. To by ale musely vl\u00e1da a Parlament uva\u017eovat do budoucna a zadat takov\u00fd v\u00fdzkumn\u00fd \u00fakol zam\u011b\u0159en\u00fd na \u010desk\u00e9 \u0161koly.&nbsp;<\/p>\n<p style=\"text-align: justify;\">Vl\u00e1da by u\u017e tak\u00e9 nem\u011bla lh\u00e1t, \u017ee se n\u011bkam vr\u00e1t\u00edme. Naopak by m\u011bla vyb\u00edzet, abychom se p\u0159izp\u016fsobili nov\u00fdm podm\u00ednk\u00e1m. Nap\u0159\u00edklad program pro hotely slou\u017e\u00ed asi jenom k&nbsp;tomu, aby si premi\u00e9r vylep\u0161il bilanci \u010cap\u00edho hn\u00edzda. Je t\u00e9m\u011b\u0159 jist\u00e9, \u017ee turistika bude v\u00fdznamn\u011b zredukovan\u00e1 je\u0161t\u011b n\u011bkolik let. Nem\u00e1 smysl zachra\u0148ovat v\u0161echny hotely, mnoh\u00e9 z&nbsp;nich p\u0159\u00ed\u0161t\u00edch n\u011bkolik let nebudou pot\u0159eba. Mohly by se nap\u0159\u00edklad p\u0159ed\u011blat na byty. Kdy\u017e u\u017e si vl\u00e1da mysl\u00ed, \u017ee mus\u00ed rozd\u00e1vat dotace, kdy\u017e u\u017e tomu Parlament neum\u00ed zabr\u00e1nit, tak by m\u00edsto dotace na pr\u00e1zdn\u00e9 hotelov\u00e9 l\u016f\u017eko m\u011bla existovat dotace na byt vytvo\u0159en\u00fd v&nbsp;b\u00fdval\u00e9m hotelu. Je tak\u00e9 t\u00e9m\u011b\u0159 jist\u00e9, \u017ee leteck\u00e1 osobn\u00ed p\u0159eprava bude po mnoho let redukovan\u00e1, a letenky proto dramaticky podra\u017e\u00ed. Mus\u00edme si polo\u017eit ot\u00e1zku, zda pot\u0159ebujeme tak mnoho l\u00e9tat. Co kdy\u017e je omezen\u00ed leteck\u00e9 p\u0159epravy prosp\u011b\u0161n\u00e9? Nam\u00edsto podpory na zabetonov\u00e1n\u00ed dosavadn\u00edch a mnohdy neperspektivn\u00edch podnik\u016f by m\u011bla vl\u00e1da usnadnit jejich transformaci do podoby, kter\u00e1 m\u00e1 budoucnost.<\/p>\n<p style=\"text-align: justify;\">Je cel\u00e1 \u0159ada odv\u011btv\u00ed, ve kter\u00fdch se infekce v\u016fbec neprojevila. N\u011bkter\u00e9 obory dokonce prosperuj\u00ed. Patrn\u011b se n\u00e1kupn\u00ed zvyklosti trvale p\u0159esunou k&nbsp;internetov\u00fdm obchod\u016fm. M\u011bli bychom to vz\u00edt na v\u011bdom\u00ed a nepokou\u0161et se o n\u00e1vrat do minulosti. Je tak\u00e9 z\u0159ejm\u00e9, \u017ee v\u00fdvoj nebude v\u0161ude ve v\u0161ech st\u00e1tech stejn\u00fd. Pot\u0159ebujeme nal\u00e9hav\u011b studii, jak by vypadala bezpe\u010dn\u00e1 \u010desk\u00e1 vesnice, proto\u017ee centr\u00e1ln\u00ed regulace je p\u0159\u00edli\u0161 drah\u00e1. Mo\u017en\u00e1 \u017ee by n\u011bjak\u00e1 lok\u00e1ln\u00ed vesnick\u00e1 aplikace v&nbsp;mobilu dok\u00e1zala poskytnout m\u00edstn\u00ed komunit\u011b kapacity pro prevenci, kter\u00fdch centr\u00e1ln\u011b nelze dos\u00e1hnout. A nemusela by se na n\u011b potom vztahovat centr\u00e1ln\u00ed omezen\u00ed. V\u0161imn\u011bme si, \u017ee t\u00e9m\u011b\u0159 v\u0161echno, co d\u011bl\u00e1 vl\u00e1da, p\u0159\u00edli\u0161 dob\u0159e nefunguje. A je to \u0159\u00e1dov\u011b dra\u017e\u0161\u00ed, ne\u017e by bylo nutn\u00e9. P\u0159itom mnohdy soukrom\u00e1 iniciativa u\u017e na ja\u0159e dos\u00e1hla \u00fa\u017easn\u00fdch \u00fasp\u011bch\u016f. M\u011bli bychom zm\u011bnit pom\u011br finan\u010dn\u00edch prost\u0159edk\u016f investovan\u00fdch do vakcinace ve prosp\u011bch investic do v\u00fdvoje l\u00e9k\u016f, pravd\u011bpodobn\u011b inhala\u010dn\u00edch. M\u011bli bychom p\u0159em\u00fd\u0161let nad investicemi podporuj\u00edc\u00edmi p\u0159irozenou imunitu. Nev\u00edm, t\u0159eba by se uk\u00e1zalo, \u017ee bezpe\u010dn\u00e1 vesnice pot\u0159ebuje saunu. Mnoh\u00e1 z&nbsp;t\u011bchto opat\u0159en\u00ed by mo\u017en\u00e1 v&nbsp;budoucnosti byla u\u017eite\u010dn\u00e1 i v&nbsp;p\u0159\u00edpad\u011b \u00fapln\u011b jin\u00fdch kriz\u00ed.&nbsp;<\/p>\n<p style=\"text-align: justify;\"><strong><span style=\"color: #008080;\">Hovo\u0159\u00ed se o vzniku jak\u00e9hosi vakcina\u010dn\u00edho pasu, kter\u00fd by dr\u017eitel\u016fm umo\u017e\u0148oval snadn\u011bj\u0161\u00ed cestov\u00e1n\u00ed a \u00fa\u010dast na spole\u010densk\u00fdch akc\u00edch. Je pro v\u00e1s takov\u00e1 eventualita p\u0159ijateln\u00e1? A co kdyby b\u011bhem t\u00e9to pandemie do\u0161lo k \u00fasp\u011b\u0161n\u00e9mu&nbsp;tlaku na mezin\u00e1rodn\u00ed digitalizaci l\u00e9ka\u0159sk\u00fdch z\u00e1znam\u016f o jednotlivc\u00edch?&nbsp;<\/span><\/strong><\/p>\n<p style=\"text-align: justify;\">Informace o tom, zda n\u011bkdo pro\u0161el vakcinac\u00ed, pat\u0159\u00ed k&nbsp;citliv\u00fdm osobn\u00edm informac\u00edm. Tak jako nen\u00ed mo\u017en\u00e9 o n\u011bkom zve\u0159ejnit, zda trp\u00ed n\u011bjakou psychickou poruchou nebo zda prod\u011blal n\u011bjak\u00e9 pohlavn\u011b p\u0159enosn\u00e9 onemocn\u011bn\u00ed nebo zda trp\u00ed inkontinenc\u00ed, nen\u00ed mo\u017en\u00e9 za \u017e\u00e1dn\u00fdch okolnost\u00ed zve\u0159ejnit, kdo prod\u011blal nyn\u00ed aktu\u00e1ln\u00ed infek\u010dn\u00ed onemocn\u011bn\u00ed nebo kdo proti n\u011bmu byl kdy naposledy o\u010dkov\u00e1n. Takovou informaci m\u016f\u017ee ob\u010dan sd\u011blit sv\u00e9mu l\u00e9ka\u0159i, ale nelze p\u0159ipustit, aby se k takov\u00e9 informaci dostal policista, celn\u00edk \u010di jak\u00fdkoli st\u00e1tn\u00ed \u00fa\u0159edn\u00edk, nato\u017epak n\u011bjak\u00e1 soukrom\u00e1 osoba. Krom\u011b toho, jednalo by se o hr\u016fzostra\u0161nou diskriminaci.&nbsp;<\/p>\n<p style=\"text-align: justify;\">Pokud v\u00edm, Unie o o\u010dkovac\u00edm pr\u016fkazu diskutuje. To je p\u0159ece naprosto totalitn\u00ed uva\u017eov\u00e1n\u00ed. Kdyby n\u011bco takov\u00e9ho zavedla, byl by to d\u016fvod vyrazit do ulic a v\u0161emi dostupn\u00fdmi prost\u0159edky Unii svrhnout a zru\u0161it. Kdy\u017e u\u017e m\u00e1me jinak \u0161\u00edlenou Lisabonskou smlouvu, tak a\u0165 se alespo\u0148 dodr\u017euje. V&nbsp;\u010dl\u00e1nku 2 se \u0159\u00edk\u00e1, \u017ee \u201eje zalo\u017eena na hodnot\u00e1ch \u00facty k lidsk\u00e9 d\u016fstojnosti \u2026 rovnosti\u201c, \u017ee je nep\u0159\u00edpustn\u00e1 jak\u00e1koli diskriminace. Podobn\u00e9 ustanoven\u00ed najdeme v&nbsp;\u010dl. 1 evropsk\u00e9 listiny pr\u00e1v. Co d\u011blaj\u00ed proslul\u00ed evrop\u0161t\u00ed ochr\u00e1nci lidsk\u00fdch pr\u00e1v a rovnosti? Ml\u010d\u00ed?&nbsp;<\/p>\n<p style=\"text-align: justify;\"><span style=\"color: #008080;\"><strong>Podle ministra vnitra Jana Ham\u00e1\u010dka tkv\u00ed probl\u00e9m s pandemi\u00ed i v tom, \u017ee v \u010cesku v tuto chv\u00edli nelze \u00fa\u010dinn\u011b trestat z\u00e1sadn\u00ed, opakovan\u00e9 a c\u00edlen\u00e9 poru\u0161ov\u00e1n\u00ed vl\u00e1dn\u00edch na\u0159\u00edzen\u00ed podle krizov\u00e9ho z\u00e1kona. Jak tato slova hodnot\u00edte?<\/strong><\/span><\/p>\n<p style=\"text-align: justify;\">To je tak\u00e9 totalitn\u00ed uva\u017eov\u00e1n\u00ed. Policie nem\u00e1 kapacitu, aby n\u011bkoho postavila p\u0159ed ka\u017ed\u00fd byt. Tak jako z\u00e1kazy trestan\u00e9 smrt\u00ed za v\u00e1lky nezabr\u00e1nily tomu, aby lid\u00e9 poslouchali vys\u00edl\u00e1n\u00ed z&nbsp;Lond\u00fdna, ani sebep\u0159\u00edsn\u011bj\u0161\u00ed tresty nyn\u00ed nic nep\u0159inesou. Z\u00e1kazy provozu ly\u017ea\u0159sk\u00fdch st\u0159edisek zp\u016fsobily, \u017ee se lid\u00e9 o to v\u00edce houfuj\u00ed na hor\u00e1ch. Zn\u00e1m n\u011bkter\u00e1 m\u00edsta, kde nikdy nebylo pohromad\u011b tolik lid\u00ed jako nyn\u00ed. Zav\u0159en\u00e9 podniky, t\u0159eba i ob\u010derstven\u00ed u ly\u017ea\u0159sk\u00fdch vlek\u016f, prod\u00e1vaj\u00ed p\u0159es ok\u00e9nko a kolem nich jsou v&nbsp;houfu des\u00edtky lid\u00ed bez rou\u0161ek a bez rozestup\u016f.<\/p>\n<p style=\"text-align: justify;\">Tato vl\u00e1da to ji\u017e nedok\u00e1\u017ee, ale pot\u0159ebujeme co nejrychleji jinou vl\u00e1du, kter\u00e1 bude m\u00edt v\u011bt\u0161\u00ed d\u016fv\u011bru a kter\u00e1 postav\u00ed cel\u00fd syst\u00e9m na jin\u00fdch z\u00e1kladech. Nam\u00edsto zakazov\u00e1n\u00ed p\u0159enese odpov\u011bdnost na jednotliv\u00e9 lidi. Znamen\u00e1 to poskytnout jim \u00fapln\u00e9 informace. Lid\u00e9 nejsou hloup\u00ed a najdou si vlastn\u00ed, m\u00edstn\u00edm pom\u011br\u016fm p\u0159izp\u016fsoben\u00e9 zp\u016fsoby, jak \u0161\u00ed\u0159en\u00ed infekce zabr\u00e1nit. Totalitn\u00ed st\u00e1t m\u016f\u017ee jen zakazovat, a z\u00e1kazy se v\u017edycky daj\u00ed obej\u00edt. Demokratick\u00fd st\u00e1t je zalo\u017een\u00fd na d\u016fv\u011b\u0159e v\u016f\u010di vlastn\u00edm ob\u010dan\u016fm.<\/p>\n<p style=\"text-align: justify;\">Uvedu p\u0159\u00edklad. Vl\u00e1da na z\u00e1klad\u011b totalitn\u00edho vid\u011bn\u00ed sv\u011bta sv\u00e9voln\u011b zak\u00e1zala jak\u00e1koli c\u00edrkevn\u00ed setk\u00e1n\u00ed. To je poru\u0161en\u00ed \u00fastavn\u011b zaru\u010den\u00e9ho pr\u00e1va svobodn\u011b se shroma\u017e\u010fovat k&nbsp;n\u00e1bo\u017eensk\u00fdm ob\u0159ad\u016fm. A\u017e jim skon\u010d\u00ed mand\u00e1t, m\u011bli by za to b\u00fdt v\u0161ichni z\u00fa\u010dastn\u011bn\u00ed trestn\u011b st\u00edh\u00e1ni. Demokratick\u00e1 vl\u00e1da, a v&nbsp;mnoha zem\u00edch tomu tak je, popros\u00ed c\u00edrkve, aby samy hledaly zp\u016fsob, jak zajist\u00ed mo\u017enost \u00fa\u010dasti na c\u00edrkevn\u00edch setk\u00e1n\u00edch, tak aby p\u0159i tom nedo\u0161lo k&nbsp;\u0161\u00ed\u0159en\u00ed infekce.<\/p>\n<p style=\"text-align: justify;\">C\u00edrkve pat\u0159\u00ed k&nbsp;nejodpov\u011bdn\u011bj\u0161\u00edm v&nbsp;cel\u00e9 spole\u010dnosti, dovedou to za\u0159\u00eddit.&nbsp;<\/p>\n<p style=\"text-align: justify;\">Pot\u0159ebujeme vl\u00e1du, kter\u00e1 bude m\u00edt \u00fapln\u011b jin\u00e9 vid\u011bn\u00ed sv\u011bta, \u00fapln\u011b jinou politickou filozofii.&nbsp;<\/p>\n<p style=\"text-align: justify;\"><span style=\"color: #008080;\"><strong>Mnoho opat\u0159en\u00ed bude fungovat jen za p\u0159edpokladu omezen\u00ed osobn\u00edch svobod, a\u0165 u\u017e jde o vakcinan\u010dn\u00ed pas, omezen\u00ed toho, co sm\u00edme nakupovat, nebo t\u0159eba o dnes st\u00e1le platn\u00fd z\u00e1kaz vych\u00e1zen\u00ed v&nbsp;no\u010dn\u00edch hodin\u00e1ch. Dost\u00e1vaj\u00ed v&nbsp;posledn\u00edm roce lidsk\u00e9 svobody na frak?<\/strong><\/span><\/p>\n<p style=\"text-align: justify;\">Nesouhlas\u00edm, omezen\u00ed svobod nep\u0159inese \u017e\u00e1dn\u00e9 v\u00fdsledky. Opat\u0159en\u00ed budou fungovat jenom tehdy, pokud budou zalo\u017eena na dobrovoln\u00e9m odpov\u011bdn\u00e9m individu\u00e1ln\u00edm postoji jednotliv\u00fdch ob\u010dan\u016f. Z\u00e1kladn\u00ed svobody si m\u016f\u017ee omezit ka\u017ed\u00fd pouze s\u00e1m na z\u00e1klad\u011b sv\u00e9ho svobodn\u00e9ho rozhodnut\u00ed. St\u00e1t to sm\u00ed ud\u011blat jenom na velmi omezenou dobu ve zcela mimo\u0159\u00e1dn\u00e9 situaci, \u0159ekn\u011bme n\u011bkolika m\u00e1lo t\u00fddn\u016f. A je\u0161t\u011b k&nbsp;tomu n\u011bkter\u00e9 svobody nesm\u00ed omezit za \u017e\u00e1dn\u00fdch okolnost\u00ed v\u016fbec. A pokud sou\u010dasn\u00e1 vl\u00e1da lidem nev\u011b\u0159\u00ed, pak lid\u00e9 zase nemohou v\u011b\u0159it vl\u00e1d\u011b, \u017ee nefal\u0161uje volby, nemanipuluje s&nbsp;justic\u00ed, nezaklek\u00e1v\u00e1 na konkuren\u010dn\u00ed firmy premi\u00e9ra.&nbsp;<\/p>\n<p style=\"text-align: justify;\"><span style=\"color: #008080;\"><strong>O\u010dek\u00e1v\u00e1te, \u017ee tlak na dal\u0161\u00ed restrikce z\u016fstane i pot\u00e9, co covid poraz\u00edme?<\/strong><\/span><\/p>\n<p style=\"text-align: justify;\">My tu infekci neporaz\u00edme. Mus\u00edme se s n\u00ed nau\u010dit \u017e\u00edt. Je to pro n\u00e1s nov\u00e1 skute\u010dnost, ale podobn\u011b jako jsme se nau\u010dili \u017e\u00edt s&nbsp;tuberkul\u00f3zou, \u017eloutenkou, HIV atd., za p\u00e1r des\u00edtek let se nau\u010d\u00edme \u017e\u00edt i s&nbsp;touto infekc\u00ed.&nbsp;<\/p>\n<p style=\"text-align: justify;\">&nbsp;<\/p>\n","protected":false},"excerpt":{"rendered":"<p>10.2.2021 Rozhovor pro Parlamentn\u00ed listy Ministr zdravotnictv\u00ed Jan Blatn\u00fd v rozhovoru pro Pr\u00e1vo mj. uvedl, \u017ee i po vakc\u00edn\u011b bude norm\u00e1ln\u00ed, \u017ee ka\u017edodenn\u00ed \u017eivot dozn\u00e1 trval\u00fdch zm\u011bn, a stejn\u011b jako&#8230; <a class=\"read-more-button\" href=\"https:\/\/www.payne.cz\/WP15\/jestli-to-eu-zavede-musime-ji-svrhnout\/\">\u010c\u00edst v\u00edce &gt;<\/a><\/p>\n","protected":false},"author":2,"featured_media":0,"comment_status":"closed","ping_status":"closed","sticky":false,"template":"","format":"standard","meta":{"ngg_post_thumbnail":0,"_monsterinsights_skip_tracking":false,"_monsterinsights_sitenote_active":false,"_monsterinsights_sitenote_note":"","_monsterinsights_sitenote_category":0,"footnotes":""},"categories":[3],"tags":[],"class_list":["post-2194","post","type-post","status-publish","format-standard","hentry","category-clanky"],"_links":{"self":[{"href":"https:\/\/www.payne.cz\/WP15\/wp-json\/wp\/v2\/posts\/2194","targetHints":{"allow":["GET"]}}],"collection":[{"href":"https:\/\/www.payne.cz\/WP15\/wp-json\/wp\/v2\/posts"}],"about":[{"href":"https:\/\/www.payne.cz\/WP15\/wp-json\/wp\/v2\/types\/post"}],"author":[{"embeddable":true,"href":"https:\/\/www.payne.cz\/WP15\/wp-json\/wp\/v2\/users\/2"}],"replies":[{"embeddable":true,"href":"https:\/\/www.payne.cz\/WP15\/wp-json\/wp\/v2\/comments?post=2194"}],"version-history":[{"count":2,"href":"https:\/\/www.payne.cz\/WP15\/wp-json\/wp\/v2\/posts\/2194\/revisions"}],"predecessor-version":[{"id":2196,"href":"https:\/\/www.payne.cz\/WP15\/wp-json\/wp\/v2\/posts\/2194\/revisions\/2196"}],"wp:attachment":[{"href":"https:\/\/www.payne.cz\/WP15\/wp-json\/wp\/v2\/media?parent=2194"}],"wp:term":[{"taxonomy":"category","embeddable":true,"href":"https:\/\/www.payne.cz\/WP15\/wp-json\/wp\/v2\/categories?post=2194"},{"taxonomy":"post_tag","embeddable":true,"href":"https:\/\/www.payne.cz\/WP15\/wp-json\/wp\/v2\/tags?post=2194"}],"curies":[{"name":"wp","href":"https:\/\/api.w.org\/{rel}","templated":true}]}}