{"id":2186,"date":"2020-12-26T15:25:55","date_gmt":"2020-12-26T14:25:55","guid":{"rendered":"http:\/\/www.payne.cz\/WP15\/?p=2186"},"modified":"2020-12-27T23:39:33","modified_gmt":"2020-12-27T22:39:33","slug":"prezidentuv-proslov","status":"publish","type":"post","link":"https:\/\/www.payne.cz\/WP15\/prezidentuv-proslov\/","title":{"rendered":"Prezident\u016fv proslov"},"content":{"rendered":"\n<p style=\"text-align: right;\"><span style=\"color: #008000;\">26.12.2020<\/span><\/p>\n<p style=\"text-align: justify;\">Z\u00e1sadn\u011b p\u00ed\u0161i toto slovo dvoj\u00edm zp\u016fsobem. Pokud se&nbsp;jedn\u00e1 o politika, kter\u00e9ho stoj\u00ed za to respektovat, p\u00ed\u0161i \u201apresident\u2018, jak mi vel\u00ed klasick\u00e9 vzd\u011bl\u00e1n\u00ed. Pokud se jedn\u00e1 o pokryteck\u00e9ho, nemoudr\u00e9ho \u010dlov\u011bka dvoj\u00ed tv\u00e1\u0159e, p\u00ed\u0161i z\u00e1sadn\u011b \u201aprezident\u2018.<\/p>\n<p style=\"text-align: justify;\">Vyslechli jsme dnes proslov mstiv\u00e9ho a nevra\u017eiv\u00e9ho sta\u0159\u00edka. Mo\u017en\u00e1 u\u017e v\u016fbec nez\u00e1le\u017e\u00ed na tom, co \u0159\u00edk\u00e1. Mo\u017en\u00e1 u\u017e jde jen o to, jak jej bude soudit budoucnost. P\u0159esto se m\u016f\u017eeme zamyslet nad jeho viz\u00ed. Ve sv\u00e9m vid\u011bn\u00ed sv\u011bta se v&nbsp;mnoh\u00e9m se dopracoval na pozice podobaj\u00edc\u00ed se Gust\u00e1vu Hus\u00e1kovi.<\/p>\n<p style=\"text-align: justify;\">V souladu s&nbsp;komunistickou prax\u00ed je Zeman p\u0159esv\u011bd\u010den, \u017ee opozice je hloup\u00e1 a m\u011bla by ml\u010det. Dokonce by m\u011bla p\u0159estat b\u00fdt opozic\u00ed a m\u011bla by podporovat vl\u00e1du, jako tomu bylo v&nbsp;N\u00e1rodn\u00ed front\u011b. Vzpom\u00edn\u00e1m, jak Hus\u00e1k kdysi prohla\u0161oval o disidentech, kte\u0159\u00ed s&nbsp;n\u00edm cht\u011bli diskutovat, \u017ee <em>\u201etyto skupinky nic neznamenaj\u00ed\u201c<\/em>. A jak se p\u0159ed koncem sv\u00e9 politick\u00e9 kari\u00e9ry p\u0159esv\u011bd\u010dil, n\u011bco na\u0161t\u011bst\u00ed znamenaly.<\/p>\n<p style=\"text-align: justify;\">Hus\u00e1k sv\u00e9 prorock\u00e9 vid\u011bn\u00ed o opozici v\u017edy dopl\u0148oval \u00fadaji o tom, jak zem\u011b vzkv\u00e9t\u00e1. V\u0161ichni p\u0159i tom v\u011bd\u011bli sv\u00e9. Zeman sou\u010dasnost za vzkv\u00e9t\u00e1n\u00ed ozna\u010dit nemohl, tak se v&nbsp;proslovu alespo\u0148 p\u0159\u00edmo vy\u017e\u00edval v&nbsp;d\u011bkov\u00e1n\u00ed v\u0161em mo\u017en\u00fdm loaj\u00e1ln\u00edm skupin\u00e1m obyvatel. Podobn\u011b jako Hus\u00e1k zapomn\u011bl, \u017ee jsou i jin\u00e9 skupiny, \u017ee jsou mezi n\u00e1mi zb\u00edda\u010del\u00ed \u017eivnostn\u00edci, obchodn\u00edci, hospod\u0161t\u00ed, turisti\u010dt\u00ed pr\u016fvodci, opovr\u017een\u00edhodn\u00ed poskytovatel\u00e9 slu\u017eeb. Vl\u00e1dn\u00ed pomoc se k&nbsp;nim opravdu nedost\u00e1v\u00e1 a tak nen\u00ed divu, \u017ee se jim u\u017e nedost\u00e1v\u00e1 ani trp\u011blivosti. Chud\u00e1ci nic nedok\u00e1zali, tak\u017ee mus\u00ed ml\u010det a nem\u011bli by ani kandidovat ve volb\u00e1ch. A je\u0161t\u011b jim vylep\u0161il n\u00e1ladu v\u00fdrokem, \u017ee pomoc by se vlastn\u011b m\u011bla zm\u011bnit na \u00fav\u011br a m\u011bli by j\u00ed vracet. Nepot\u011b\u0161il je, opravdu nepot\u011b\u0161il. Nelze se divit, \u017ee n\u00e1m stoup\u00e1 po\u010det lid\u00ed zasa\u017een\u00fdch depresemi a \u017ee stoup\u00e1 po\u010det sebevra\u017ed.<\/p>\n<p style=\"text-align: justify;\">Ob\u010dan\u00e9 by v\u016fbec podle Zemana nem\u011bli p\u0159em\u00fd\u0161let, diskutovat, maj\u00ed ml\u010det a poslouchat, co jim vl\u00e1da p\u0159ikazuje. Ale p\u0159esn\u011b to n\u00e1m p\u0159ece v\u017edy opakoval Hus\u00e1k. A dnes by m\u011bli nav\u00edc nosit rou\u0161ky a d\u00e1t se o\u010dkovat. Pozapomn\u011bl jaksi p\u0159ipomenout, \u017ee jeho b\u00e1jn\u00fd hrdinn\u00fd Prymula pou\u017eil l\u017eiv\u00fd trik, kter\u00fd m\u011bl zast\u0159\u00edt naprostou nep\u0159ipravenost vl\u00e1dy na epidemii a neschopnost postarat se o z\u00e1sobov\u00e1n\u00ed vnit\u0159n\u00edho trhu, a vyzval k amat\u00e9rsk\u00e9mu \u0161it\u00ed rou\u0161ek. V USA jeho n\u00e1pad otestovali, podom\u00e1cku u\u0161it\u00e1 rou\u0161ka m\u011bla m\u011b\u0159iteln\u00fd efekt, teprve kdy\u017e sest\u00e1vala z 16 vrstev. Bure\u0161ova vl\u00e1da, podle Zemana hrdinn\u00e1, dodnes nem\u011bla odvahu omluvit se za tuto le\u017e, mo\u017en\u00e1 to je pr\u00e1v\u011b d\u016fvod, pro\u010d u n\u00e1s ani drakonick\u00e1 opat\u0159en\u00ed nep\u0159in\u00e1\u0161ej\u00ed zlep\u0161en\u00ed. Zeman se dovol\u00e1val v\u011bdeck\u00fdch argument\u016f a zapomn\u011bl si v\u0161imnout, \u017ee ochranu poskytuj\u00ed pouze certifikovan\u00e9 rou\u0161ky a to pouze v m\u00ed\u0159e, kter\u00e1 je na certifik\u00e1tu vyzna\u010dena. Takov\u00e1 drobn\u00e1 v\u011bcn\u00e1 neznalost. Mimochodem po hus\u00e1kovsku vyz\u00fdv\u00e1 n\u00e1rod k no\u0161en\u00ed rou\u0161ek a p\u0159itom s\u00e1m na sob\u011b \u017e\u00e1dnou nem\u00e1. Kdo by si nevzpomn\u011bl na to, jak po\u0159\u00e1dal poradu v L\u00e1nech, kde rou\u0161ku nem\u011bl nikdo.<\/p>\n<p style=\"text-align: justify;\">S\u00e1m Zeman je ve sv\u00fdch o\u010d\u00edch svat\u00fd a m\u00e1 patent na pravdu (s v\u00fdjimkou situac\u00ed, kdy si mus\u00ed proti\u0159e\u010dit a prohl\u00e1s\u00ed, \u017ee jen blbec nem\u011bn\u00ed n\u00e1zor). V\u011bcn\u00e9 neznalosti jsou v jeho p\u0159\u00edpad\u011b vylou\u010deny. \u017de nen\u00ed rou\u0161ka jako rou\u0161ka a \u017ee je \u00fa\u010dinn\u00e1 pouze podle v\u00fdrobn\u00edho certifik\u00e1tu, co\u017e je ban\u00e1ln\u00ed fakt, o tom Zeman nepot\u0159ebuje diskutovat. \u017de o\u010dkov\u00e1n\u00ed je p\u0159edm\u011btem diskuse odborn\u00edk\u016f, \u017ee existuj\u00ed r\u016fzn\u00e9 vakc\u00edny, o tom tak\u00e9 propagandisticky nepot\u0159ebuje p\u0159em\u00fd\u0161let. Nechte se o\u010dkovat \u010d\u00edmkoli. Hus\u00e1k by jist\u011b dodal, \u017ee pl\u00e1n o\u010dkov\u00e1n\u00ed spln\u00edme a p\u0159ekro\u010d\u00edme. A o tom, \u017ee bychom se m\u011bli v\u011bnovat tak\u00e9 jin\u00fdm alternativ\u00e1m \u0159e\u0161en\u00ed krize, ne\u017e je o\u010dkov\u00e1n\u00ed, o tom ani on ani vl\u00e1da nemaj\u00ed tu\u0161en\u00ed. A hlas lid\u00ed, kte\u0159\u00ed nic nedok\u00e1zali, a hlas opozice pro jistotu Zeman ani jeho vl\u00e1da, veden\u00e1 nemor\u00e1ln\u00edm \u010dlov\u011bkem, nikdy neposlouchaj\u00ed. Pov\u00fd\u0161en\u00fd proslov, patent na pravdu, \u010di jinak \u0159e\u010deno axiomaticky definovan\u00e1 \u201avedouc\u00ed \u00faloha\u2018, to m\u011bli oba prezidenti tak\u00e9 spole\u010dn\u00e9.<\/p>\n<p style=\"text-align: justify;\">V r\u00e1mci v\u00e1no\u010dn\u00ed atmosf\u00e9ry pokoje a m\u00edru nev\u00e1hal Zeman za\u00fato\u010dit na vybran\u00e9 nep\u0159\u00e1tele \u2013 na novin\u00e1\u0159e. Vynechal jenom ohledupln\u011b, \u017ee kdysi navrhoval kulomet jako definitivn\u00ed \u0159e\u0161en\u00ed ot\u00e1zky novin\u00e1\u0159\u016f. Zcela by mu sta\u010dilo vyd\u00e1vat tiskov\u00e9 zpr\u00e1vy prost\u0159ednictv\u00edm medi\u00e1ln\u00edho slouhy bez m\u00e9di\u00ed. Diskuse je zbyte\u010dn\u00e1. Kdo se mu znel\u00edb\u00ed, je pro n\u011bj t\u0159\u00eddn\u00edm nep\u0159\u00edtelem na v\u011b\u010dn\u00e9 \u010dasy. T\u0159\u00eddn\u00ed nep\u0159\u00e1tele Hus\u00e1k tak\u00e9 moc dob\u0159e znal a hodili se mu v projevech. Ale mo\u017en\u00e1, \u017ee vlastn\u011b Zemanova nen\u00e1vist nesah\u00e1 a\u017e za hrob. Sah\u00e1 jen k hrobu. Na p\u0159\u00edkladu sen\u00e1tora Kubery jsme mohli vid\u011bt, jak mu hned po smrti nab\u00eddnul odpu\u0161t\u011bn\u00ed v podob\u011b st\u00e1tn\u00edho vyznamen\u00e1n\u00ed, a\u010dkoliv cestu do demokratick\u00e9 \u010d\u00e1sti \u010c\u00edny z hloubi srdce nen\u00e1vid\u00ed. I na tom by se s Hus\u00e1kem shodli.&nbsp;<\/p>\n<p style=\"text-align: justify;\">Na rozd\u00edl od chud\u00e1k\u016f, kte\u0159\u00ed nic nedok\u00e1zali, Zeman ji\u017e dok\u00e1zal nap\u0159\u00edklad znect\u00edt funkci presidenta, po\u0161kodit obraz \u010cesk\u00e9 republiky v zahrani\u010d\u00ed, oslabit na\u0161e postaven\u00ed v NATO, po\u0161kodit mor\u00e1ln\u00ed v\u00fdvoj n\u00e1roda, uv\u00e9st do politiky hrub\u00e1 a sprost\u00e1 slova, zak\u00e1zat svobodnou demonstraci, kr\u00fdt korupci, poklonkovat totalitn\u00edmu dikt\u00e1torovi \u2026 no je toho je\u0161t\u011b v\u00edc.&nbsp;&nbsp;<\/p>\n<p style=\"text-align: justify;\">Na Zemana nebudeme vzpom\u00ednat v dobr\u00e9m, ale nebude to nen\u00e1vist a\u017e za hrob. Bude to v\u011bcn\u00e1 demokratick\u00e1 svobodn\u00e1 diskuse, kter\u00e1 dost jist\u011b povede k tomu, \u017ee Zeman po boku komunistick\u00fdch funkcion\u00e1\u0159\u016f z\u016fstane i nad\u00e1le jenom \u201aprezidentem\u2018.&nbsp;<\/p>\n","protected":false},"excerpt":{"rendered":"<p>26.12.2020 Z\u00e1sadn\u011b p\u00ed\u0161i toto slovo dvoj\u00edm zp\u016fsobem. Pokud se&nbsp;jedn\u00e1 o politika, kter\u00e9ho stoj\u00ed za to respektovat, p\u00ed\u0161i \u201apresident\u2018, jak mi vel\u00ed klasick\u00e9 vzd\u011bl\u00e1n\u00ed. Pokud se jedn\u00e1 o pokryteck\u00e9ho, nemoudr\u00e9ho \u010dlov\u011bka&#8230; <a class=\"read-more-button\" href=\"https:\/\/www.payne.cz\/WP15\/prezidentuv-proslov\/\">\u010c\u00edst v\u00edce &gt;<\/a><\/p>\n","protected":false},"author":2,"featured_media":0,"comment_status":"closed","ping_status":"closed","sticky":false,"template":"","format":"standard","meta":{"ngg_post_thumbnail":0,"_monsterinsights_skip_tracking":false,"_monsterinsights_sitenote_active":false,"_monsterinsights_sitenote_note":"","_monsterinsights_sitenote_category":0,"footnotes":""},"categories":[3],"tags":[],"class_list":["post-2186","post","type-post","status-publish","format-standard","hentry","category-clanky"],"_links":{"self":[{"href":"https:\/\/www.payne.cz\/WP15\/wp-json\/wp\/v2\/posts\/2186","targetHints":{"allow":["GET"]}}],"collection":[{"href":"https:\/\/www.payne.cz\/WP15\/wp-json\/wp\/v2\/posts"}],"about":[{"href":"https:\/\/www.payne.cz\/WP15\/wp-json\/wp\/v2\/types\/post"}],"author":[{"embeddable":true,"href":"https:\/\/www.payne.cz\/WP15\/wp-json\/wp\/v2\/users\/2"}],"replies":[{"embeddable":true,"href":"https:\/\/www.payne.cz\/WP15\/wp-json\/wp\/v2\/comments?post=2186"}],"version-history":[{"count":5,"href":"https:\/\/www.payne.cz\/WP15\/wp-json\/wp\/v2\/posts\/2186\/revisions"}],"predecessor-version":[{"id":2191,"href":"https:\/\/www.payne.cz\/WP15\/wp-json\/wp\/v2\/posts\/2186\/revisions\/2191"}],"wp:attachment":[{"href":"https:\/\/www.payne.cz\/WP15\/wp-json\/wp\/v2\/media?parent=2186"}],"wp:term":[{"taxonomy":"category","embeddable":true,"href":"https:\/\/www.payne.cz\/WP15\/wp-json\/wp\/v2\/categories?post=2186"},{"taxonomy":"post_tag","embeddable":true,"href":"https:\/\/www.payne.cz\/WP15\/wp-json\/wp\/v2\/tags?post=2186"}],"curies":[{"name":"wp","href":"https:\/\/api.w.org\/{rel}","templated":true}]}}