{"id":2171,"date":"2020-12-25T16:49:35","date_gmt":"2020-12-25T15:49:35","guid":{"rendered":"http:\/\/www.payne.cz\/WP15\/?p=2171"},"modified":"2020-12-26T10:38:22","modified_gmt":"2020-12-26T09:38:22","slug":"prvni-obet","status":"publish","type":"post","link":"https:\/\/www.payne.cz\/WP15\/prvni-obet\/","title":{"rendered":"Prvn\u00ed ob\u011b\u0165"},"content":{"rendered":"\n<p style=\"text-align: right;\"><span style=\"color: #008080;\">22.1.2007<\/span><\/p>\n<p style=\"text-align: justify;\">Je p\u00e1t\u00fd leden roku 1923, zachmu\u0159en\u00e9 \u0161ediv\u00e9 r\u00e1no. P\u0159ed domem v \u017ditn\u00e9 ulici \u010d. 6 ji\u017e n\u011bjakou dobu v \u0161ediv\u00e9m ragl\u00e1nu a sv\u011btl\u00e9m klobouku p\u0159e\u0161lapuje devaten\u00e1ctilet\u00fd mlad\u00edk: <em>\u201eMinistr se m\u011bl druh\u00e9ho vr\u00e1tit z&nbsp;Krkono\u0161, mus\u00ed b\u00fdt doma. Jak to, \u017ee nevych\u00e1z\u00ed? Snad je\u0161t\u011b neodjel. Je u\u017e osm hodin.\u201c<\/em> Tv\u00e1\u0159\u00ed se, jako kdy\u017e si prohl\u00ed\u017e\u00ed kn\u00ed\u017eky ve v\u00fdloze knihkupectv\u00ed. Pravou ruku m\u00e1 v&nbsp;kapse kab\u00e1tu. <em>\u201eSl\u00e1va, p\u0159ij\u00ed\u017ed\u00ed pro n\u011bj ministersk\u00e9 auto!\u201c<\/em> Mlad\u00edk \u010dek\u00e1 dal\u0161\u00ed t\u0159i \u010dtvrt\u011b hodiny. Kone\u010dn\u011b z&nbsp;domu vych\u00e1z\u00ed ministr financ\u00ed Alois Ra\u0161\u00edn. Kdy\u017e kolem n\u011bj ministr pro\u0161el p\u0159es chodn\u00edk k autu, vyt\u00e1hnul mlad\u00edk z&nbsp;kapsy revolver. Dvakr\u00e1t st\u0159elil, prvn\u00ed r\u00e1na \u0161la do zem\u011b. Druh\u00e1 zas\u00e1hla ministra u auta ze dvou metr\u016f do zad. Sk\u00e1cel se k&nbsp;zemi. Mlad\u00edk se dal na \u00fat\u011bk p\u0159es vozovku do protilehl\u00e9 P\u0159\u00ed\u010dn\u00e9 uli\u010dky. Cht\u011bl zmizet v&nbsp;n\u011bjak\u00e9m dom\u011b. K&nbsp;ministrovi na zemi p\u0159isko\u010dil \u0159idi\u010d, za chvilku vyb\u011bhl z&nbsp;domu syn Ladislav a sekret\u00e1\u0159ky z&nbsp;ministrovy kancel\u00e1\u0159e. Cht\u011bli \u201atate\u010dka\u2018 zdvihnout, ale on necht\u011bl: <em>\u201eJen mne trochu pozdvihn\u011bte zespod!\u201c <\/em>a pak dodal: <em>\u201eTo m\u00e1m za svou poctivou pr\u00e1ci! U n\u00e1s nen\u00ed mo\u017eno d\u011blat politiku.\u201c<\/em> Myslel, \u017ee ho st\u0159elil n\u011bjak\u00fd b\u00fdval\u00fd legion\u00e1\u0159.<a href=\"http:\/\/www.payne.cz\/WP15\/wp-content\/uploads\/RasinAlois3.jpg\"><img loading=\"lazy\" decoding=\"async\" class=\"alignright  wp-image-2174\" src=\"http:\/\/www.payne.cz\/WP15\/wp-content\/uploads\/RasinAlois3.jpg\" alt=\"\" width=\"234\" height=\"315\" srcset=\"https:\/\/www.payne.cz\/WP15\/wp-content\/uploads\/RasinAlois3.jpg 750w, https:\/\/www.payne.cz\/WP15\/wp-content\/uploads\/RasinAlois3-223x300.jpg 223w\" sizes=\"auto, (max-width: 234px) 100vw, 234px\" \/><\/a><\/p>\n<p style=\"text-align: justify;\">Jen\u017ee hned za ministrem vych\u00e1zel z&nbsp;domu \u010d\u00ed\u0161n\u00edk Emil \u0160vitorka. V\u0161e vid\u011bl a za\u010dal k\u0159i\u010det: <em>\u201eChy\u0165te ho! Zabil \u010dlov\u011bka!\u201c<\/em> Za\u010dal mlad\u00edka pron\u00e1sledovat. Vid\u011bl, jak vb\u011bhnul do domu v P\u0159\u00ed\u010dn\u00e9 4. Na m\u00edsto dob\u011bhli str\u00e1\u017en\u00edci, kte\u0159\u00ed konali v&nbsp;t\u011bch m\u00edstech hl\u00eddku a spole\u010dn\u011b vnikli do domu. \u00dato\u010dn\u00edka na\u0161li, jak se schov\u00e1v\u00e1 pod schody. Policist\u00e9 jej vyzvali: <em>\u201eJm\u00e9nem z\u00e1kona, vzdejte se!\u201c<\/em> Mlad\u00edk se postavil a ml\u010dky zdvihnul ruce nad hlavu. Byl vyveden ven zp\u00e1tky do \u017ditn\u00e9. Na m\u00edst\u011b atent\u00e1tu byl ji\u017e shrom\u00e1\u017ed\u011bn \u00fapln\u00fd dav. Neb\u00fdt policist\u016f, lid\u00e9 by \u00fato\u010dn\u00edka napadli. Je\u0161t\u011b nav\u00edc prohl\u00e1sil: <em>\u201eJsem komunista, prosp\u011bl jsem proletari\u00e1tu a pracuj\u00edc\u00ed t\u0159\u00edd\u011b! Zabil jsem nen\u00e1vid\u011bn\u00fd symbol plutokracie! Reakce bude zastra\u0161ena, nastol\u00edme spravedlivou spole\u010dnost.\u201c<\/em><\/p>\n<p style=\"text-align: justify;\">Hned druh\u00fd den vydalo Rud\u00e9 pr\u00e1vo prohl\u00e1\u0161en\u00ed KS\u010c: \u201eN<em>estyd\u00edme se za to, b\u00fdval-li kdysi v na\u0161ich \u0159ad\u00e1ch hoch, kter\u00fd je ochoten d\u00e1t pro my\u0161lenku i vlastn\u00ed \u017eivot.\u201c<\/em> Komunist\u00e9 si jaksi nev\u0161imli, \u017ee o \u017eivot p\u0159i\u0161el ministr, nikoli jejich soudruh, kter\u00fd \u017eil a\u017e do roku 1959. T\u011bsn\u011b p\u0159ed atent\u00e1tem toti\u017e \u00fato\u010dn\u00edk vystoupil z&nbsp;KS\u010c.<\/p>\n<p style=\"text-align: justify;\">V&nbsp;dom\u011b, kde Ra\u0161\u00edn bydlel, m\u011bl ordinaci doktor Weissberg. P\u0159isp\u011bchal hned na pomoc a dal zran\u011bn\u00e9mu uti\u0161uj\u00edc\u00ed injekci. Pod jeho dohledem ministra odnesli dom\u016f a zabalili jej do deky. Bylo opravdu studen\u00e9 r\u00e1no. Ministr m\u011bl hrozn\u00e9 bolesti. Od pasu dol\u016f zcela ochrnul. M\u011bl nehmatn\u00fd tep, srdce t\u00e9m\u011b\u0159 nepracovalo. Projektil p\u0159i n\u00e1razu do des\u00e1t\u00e9ho obratle prasknul, rozdrtil jeden\u00e1ct\u00fd obratel a zp\u016fsobil stra\u0161n\u00e1 vnit\u0159n\u00ed zran\u011bn\u00ed: p\u0159eru\u0161il m\u00edchu, po\u0161kodil st\u0159eva, mo\u010dov\u00fd m\u011bch\u00fd\u0159 a zp\u016fsobil v\u00fdron do hrudn\u00edku. Bolest vyvolala nervov\u00fd \u0161ok. Pozd\u011bji se p\u0159idaly infekce. T\u011b\u017eko si lze p\u0159edstavit bolestiv\u011bj\u0161\u00ed zran\u011bn\u00ed.<\/p>\n<p style=\"text-align: justify;\">Uk\u00e1zalo se, \u017ee \u00fato\u010dn\u00edk se jmenuje Josef \u0160oupal. Pracoval jako akvizi\u010dn\u00ed \u00fa\u0159edn\u00edk v&nbsp;poji\u0161\u0165ovn\u011b v&nbsp;N\u011bmeck\u00e9m Brodu. Vstoupil do Soci\u00e1ln\u00ed demokracie, ale hned p\u0159i vzniku KS\u010c se stal komunistou. Aktivn\u011b p\u016fsobil jako \u010dlen skupiny \u201aProletkult\u2018. Na vra\u017edu se p\u0159ipravoval dlouho. Podvodem si obstaral zbrojn\u00ed pas a v&nbsp;Plzni si koupil mal\u00fd sedmirann\u00fd browning r\u00e1\u017ee 6,35mm. Jezdil \u010dasto do lesa u Zdic cvi\u010dit st\u0159elbu. Mnoz\u00ed jeho soudruzi v&nbsp;n\u011bmeckobrodsk\u00e9m D\u011blnick\u00e9m dom\u011b v\u011bd\u011bli, \u017ee chce Ra\u0161\u00edna zast\u0159elit. Netajil se s&nbsp;p\u0159esv\u011bd\u010den\u00edm, \u017ee pro dosa\u017een\u00ed revolu\u010dn\u00edch c\u00edl\u016f se m\u00e1 vykonat \u201aindividu\u00e1ln\u00ed akce\u2018. Poprv\u00e9 p\u0159ijel Ra\u0161\u00edna zab\u00edt 11. prosince. \u017d\u00e1dal o p\u0159ijet\u00ed u ministra v&nbsp;Clam-Gallasov\u011b pal\u00e1ci jako \u00fadajn\u00fd z\u00e1stupce Mlad\u00e9 generace n\u00e1rodn\u00ed demokracie z&nbsp;Plzn\u011b. Ministr jej nep\u0159ijal, tak na n\u011bj d\u00e1l \u010dekal na chodb\u011b. Kdy\u017e ale ministr odch\u00e1zel, p\u0159istoupila k&nbsp;n\u011bmu n\u011bjak\u00e1 \u017eena a t\u00edm ministra zachr\u00e1nila. Na ministerstvu si tedy zjistil soukromou adresu a \u010d\u00edhal na ministra p\u0159ed domem. Ministr skute\u010dn\u011b p\u0159ijel na ob\u011bd dom\u016f, ale zase nebyl s\u00e1m. \u0160oupal dokonce za chv\u00edli vy\u0161el a\u017e k&nbsp;bytu a zvonil u Ra\u0161\u00edn\u016f. Syn Miroslav v\u0161ak \u201atate\u010dka\u2018 nezavolal, v\u011bd\u011bl, \u017ee nikdy nep\u0159ij\u00edm\u00e1 n\u00e1v\u0161t\u011bvy doma. Po t\u0159et\u00edm pokusu \u0160oupal sv\u016fj z\u00e1m\u011br odlo\u017eil. Podruh\u00e9 do Prahy p\u0159ijel pevn\u011b rozhodnut, \u017ee ministra zabije. Alois Ra\u0161\u00edn zem\u0159el 18. \u00fanora 1923 p\u0159ed&nbsp;jednou hodinou odpoledne. Byl <strong>prvn\u00ed ob\u011bt\u00ed komunistick\u00e9 ideologie<\/strong> u n\u00e1s.<\/p>\n<p style=\"text-align: center;\"><a href=\"http:\/\/www.payne.cz\/WP15\/wp-content\/uploads\/RasinAloisPohreb.jpg\"><img loading=\"lazy\" decoding=\"async\" class=\"size-full wp-image-2175 aligncenter\" src=\"http:\/\/www.payne.cz\/WP15\/wp-content\/uploads\/RasinAloisPohreb.jpg\" alt=\"\" width=\"600\" height=\"338\" srcset=\"https:\/\/www.payne.cz\/WP15\/wp-content\/uploads\/RasinAloisPohreb.jpg 600w, https:\/\/www.payne.cz\/WP15\/wp-content\/uploads\/RasinAloisPohreb-300x169.jpg 300w\" sizes=\"auto, (max-width: 600px) 100vw, 600px\" \/><\/a><\/p>\n<p>&nbsp;<\/p>\n","protected":false},"excerpt":{"rendered":"<p>22.1.2007 Je p\u00e1t\u00fd leden roku 1923, zachmu\u0159en\u00e9 \u0161ediv\u00e9 r\u00e1no. P\u0159ed domem v \u017ditn\u00e9 ulici \u010d. 6 ji\u017e n\u011bjakou dobu v \u0161ediv\u00e9m ragl\u00e1nu a sv\u011btl\u00e9m klobouku p\u0159e\u0161lapuje devaten\u00e1ctilet\u00fd mlad\u00edk: \u201eMinistr se&#8230; <a class=\"read-more-button\" href=\"https:\/\/www.payne.cz\/WP15\/prvni-obet\/\">\u010c\u00edst v\u00edce &gt;<\/a><\/p>\n","protected":false},"author":2,"featured_media":0,"comment_status":"closed","ping_status":"closed","sticky":false,"template":"","format":"standard","meta":{"ngg_post_thumbnail":0,"_monsterinsights_skip_tracking":false,"_monsterinsights_sitenote_active":false,"_monsterinsights_sitenote_note":"","_monsterinsights_sitenote_category":0,"footnotes":""},"categories":[3],"tags":[],"class_list":["post-2171","post","type-post","status-publish","format-standard","hentry","category-clanky"],"_links":{"self":[{"href":"https:\/\/www.payne.cz\/WP15\/wp-json\/wp\/v2\/posts\/2171","targetHints":{"allow":["GET"]}}],"collection":[{"href":"https:\/\/www.payne.cz\/WP15\/wp-json\/wp\/v2\/posts"}],"about":[{"href":"https:\/\/www.payne.cz\/WP15\/wp-json\/wp\/v2\/types\/post"}],"author":[{"embeddable":true,"href":"https:\/\/www.payne.cz\/WP15\/wp-json\/wp\/v2\/users\/2"}],"replies":[{"embeddable":true,"href":"https:\/\/www.payne.cz\/WP15\/wp-json\/wp\/v2\/comments?post=2171"}],"version-history":[{"count":5,"href":"https:\/\/www.payne.cz\/WP15\/wp-json\/wp\/v2\/posts\/2171\/revisions"}],"predecessor-version":[{"id":2183,"href":"https:\/\/www.payne.cz\/WP15\/wp-json\/wp\/v2\/posts\/2171\/revisions\/2183"}],"wp:attachment":[{"href":"https:\/\/www.payne.cz\/WP15\/wp-json\/wp\/v2\/media?parent=2171"}],"wp:term":[{"taxonomy":"category","embeddable":true,"href":"https:\/\/www.payne.cz\/WP15\/wp-json\/wp\/v2\/categories?post=2171"},{"taxonomy":"post_tag","embeddable":true,"href":"https:\/\/www.payne.cz\/WP15\/wp-json\/wp\/v2\/tags?post=2171"}],"curies":[{"name":"wp","href":"https:\/\/api.w.org\/{rel}","templated":true}]}}