{"id":2156,"date":"2020-11-17T02:38:12","date_gmt":"2020-11-17T01:38:12","guid":{"rendered":"http:\/\/www.payne.cz\/WP15\/?p=2156"},"modified":"2020-11-17T02:38:12","modified_gmt":"2020-11-17T01:38:12","slug":"pricinou-migrace-je-spatne-navrzeny-shengensky-system","status":"publish","type":"post","link":"https:\/\/www.payne.cz\/WP15\/pricinou-migrace-je-spatne-navrzeny-shengensky-system\/","title":{"rendered":"P\u0159\u00ed\u010dinou migrace je \u0161patn\u011b navr\u017een\u00fd Shengensk\u00fd syst\u00e9m"},"content":{"rendered":"\n<p style=\"text-align: right;\"><span style=\"color: #008080;\">6.9.2018<\/span><\/p>\n<p><a href=\"http:\/\/www.payne.cz\/WP15\/wp-content\/uploads\/Q.jpg\"><img loading=\"lazy\" decoding=\"async\" class=\"size-full wp-image-2157\" src=\"http:\/\/www.payne.cz\/WP15\/wp-content\/uploads\/Q.jpg\" alt=\"\" width=\"1920\" height=\"1077\" srcset=\"https:\/\/www.payne.cz\/WP15\/wp-content\/uploads\/Q.jpg 1920w, https:\/\/www.payne.cz\/WP15\/wp-content\/uploads\/Q-300x168.jpg 300w, https:\/\/www.payne.cz\/WP15\/wp-content\/uploads\/Q-1024x574.jpg 1024w, https:\/\/www.payne.cz\/WP15\/wp-content\/uploads\/Q-768x431.jpg 768w, https:\/\/www.payne.cz\/WP15\/wp-content\/uploads\/Q-1536x862.jpg 1536w, https:\/\/www.payne.cz\/WP15\/wp-content\/uploads\/Q-980x550.jpg 980w\" sizes=\"auto, (max-width: 1920px) 100vw, 1920px\" \/><\/a><\/p>\n<p style=\"text-align: justify;\"><br>P\u0159\u00ed\u010dinou migra\u010dn\u00ed krize je patn\u011b navr\u017een\u00fd schengensk\u00fd syst\u00e9m. Pro \u010dlensk\u00e9 st\u00e1ty se s\u010d\u00edtaj\u00ed bezpe\u010dnostn\u00ed \u0159\u00edk\u00e1 v\u0161ech \u010dlen\u016f. Nem\u00e1me ale p\u0159ipraven\u00fd pl\u00e1n, jak posupovat v krizov\u00e9 situaci. M\u011bli bychom m\u00edt zpracovan\u00e9 varianty, jak\u00fd bude re\u017eim na hranic\u00edch n\u011bkolika skupin st\u00e1t\u016f. M\u011bli bychom apelovat na N\u011bmecko, aby bylo solid\u00e1rn\u00ed s t\u011bmi st\u00e1ty, kter\u00e9 maj\u00ed na sv\u00e9m \u00fazem\u00ed po\u0159\u00e1dek.<\/p>\n<p style=\"text-align: left;\">Interview \u010cT24 &#8211; po\u0159ad si m\u016f\u017eete pustit <a href=\"https:\/\/ct24.ceskatelevize.cz\/2587480-europoslanec-payne-evropske-staty-mely-apelovat-na-nemecko\">zde<\/a>: <a href=\"https:\/\/ct24.ceskatelevize.cz\/2587480-europoslanec-payne-evropske-staty-mely-apelovat-na-nemecko\">https:\/\/ct24.ceskatelevize.cz\/2587480-europoslanec-payne-evropske-staty-mely-apelovat-na-nemecko<\/a><\/p>\n<p>&nbsp;<\/p>\n<p>&nbsp;<\/p>\n","protected":false},"excerpt":{"rendered":"<p>6.9.2018 P\u0159\u00ed\u010dinou migra\u010dn\u00ed krize je patn\u011b navr\u017een\u00fd schengensk\u00fd syst\u00e9m. Pro \u010dlensk\u00e9 st\u00e1ty se s\u010d\u00edtaj\u00ed bezpe\u010dnostn\u00ed \u0159\u00edk\u00e1 v\u0161ech \u010dlen\u016f. Nem\u00e1me ale p\u0159ipraven\u00fd pl\u00e1n, jak posupovat v krizov\u00e9 situaci. M\u011bli bychom m\u00edt&#8230; <a class=\"read-more-button\" href=\"https:\/\/www.payne.cz\/WP15\/pricinou-migrace-je-spatne-navrzeny-shengensky-system\/\">\u010c\u00edst v\u00edce &gt;<\/a><\/p>\n","protected":false},"author":2,"featured_media":0,"comment_status":"closed","ping_status":"closed","sticky":false,"template":"","format":"standard","meta":{"ngg_post_thumbnail":0,"_monsterinsights_skip_tracking":false,"_monsterinsights_sitenote_active":false,"_monsterinsights_sitenote_note":"","_monsterinsights_sitenote_category":0,"footnotes":""},"categories":[3],"tags":[],"class_list":["post-2156","post","type-post","status-publish","format-standard","hentry","category-clanky"],"_links":{"self":[{"href":"https:\/\/www.payne.cz\/WP15\/wp-json\/wp\/v2\/posts\/2156","targetHints":{"allow":["GET"]}}],"collection":[{"href":"https:\/\/www.payne.cz\/WP15\/wp-json\/wp\/v2\/posts"}],"about":[{"href":"https:\/\/www.payne.cz\/WP15\/wp-json\/wp\/v2\/types\/post"}],"author":[{"embeddable":true,"href":"https:\/\/www.payne.cz\/WP15\/wp-json\/wp\/v2\/users\/2"}],"replies":[{"embeddable":true,"href":"https:\/\/www.payne.cz\/WP15\/wp-json\/wp\/v2\/comments?post=2156"}],"version-history":[{"count":2,"href":"https:\/\/www.payne.cz\/WP15\/wp-json\/wp\/v2\/posts\/2156\/revisions"}],"predecessor-version":[{"id":2159,"href":"https:\/\/www.payne.cz\/WP15\/wp-json\/wp\/v2\/posts\/2156\/revisions\/2159"}],"wp:attachment":[{"href":"https:\/\/www.payne.cz\/WP15\/wp-json\/wp\/v2\/media?parent=2156"}],"wp:term":[{"taxonomy":"category","embeddable":true,"href":"https:\/\/www.payne.cz\/WP15\/wp-json\/wp\/v2\/categories?post=2156"},{"taxonomy":"post_tag","embeddable":true,"href":"https:\/\/www.payne.cz\/WP15\/wp-json\/wp\/v2\/tags?post=2156"}],"curies":[{"name":"wp","href":"https:\/\/api.w.org\/{rel}","templated":true}]}}