{"id":2143,"date":"2020-11-16T17:12:55","date_gmt":"2020-11-16T16:12:55","guid":{"rendered":"http:\/\/www.payne.cz\/WP15\/?p=2143"},"modified":"2020-11-16T17:12:55","modified_gmt":"2020-11-16T16:12:55","slug":"k-situaci-v-eu-a-v-cr","status":"publish","type":"post","link":"https:\/\/www.payne.cz\/WP15\/k-situaci-v-eu-a-v-cr\/","title":{"rendered":"K situaci v EU a v \u010cR"},"content":{"rendered":"\n<p style=\"text-align: right;\"><span style=\"color: #008080;\">18.8.2019<\/span><\/p>\n<p>&nbsp;<\/p>\n<p style=\"text-align: justify;\"><span style=\"color: #008080;\">1. Jak hodnot\u00edte &#8222;zd\u00e1lky&#8220; v\u00fdvoj v Evropsk\u00e9m parlamentu, osobu p\u0159edsedkyn\u011b Evropsk\u00e9 komise a \u0161ance \u010ceska na pos\u00edlen\u00ed politick\u00e9ho vlivu v EU obecn\u011b? &nbsp;<\/span><\/p>\n<p style=\"text-align: justify;\">Evropsk\u00e1 unie je konstruov\u00e1na tak, aby vliv \u010dlensk\u00fdch st\u00e1t\u016f nep\u0159etr\u017eit\u011b klesal. Pod z\u00e1minkou jednotn\u00e9ho trhu (co\u017e nen\u00ed svobodn\u00fd trh, jak jej zn\u00e1me nap\u0159. z OECD), se ka\u017ed\u00fd m\u011bs\u00edc vyd\u00e1vaj\u00ed des\u00edtka a stovky nov\u00fdch regulac\u00ed, kter\u00e9 nov\u011b pod\u0159izuj\u00ed Komisi oblasti, kter\u00e9 doposud pat\u0159ily do kompetence \u010dlensk\u00fdch st\u00e1t\u016f. \u010cesk\u00e1 republika m\u016f\u017ee tento proces urychlovat, m\u00edrn\u011b brzdit nebo p\u0159\u00edpadn\u011b nepatrn\u011b modifikovat sm\u011br urychlov\u00e1n\u00ed. Politick\u00fd vliv ale v \u017e\u00e1dn\u00e9m p\u0159\u00edpad\u011b stoupat nebude.&nbsp;<\/p>\n<p style=\"text-align: justify;\">Bude-li \u010cR urychlovat proces odeb\u00edr\u00e1n\u00ed dal\u0161\u00edch oblast\u00ed \u010dlensk\u00fdm st\u00e1t\u016fm, m\u016f\u017ee to n\u011bkomu p\u0159ipadat, jako \u017ee se t\u00edm n\u011bco ovliv\u0148uje, ale je to fale\u0161n\u00fd dojem. Pouze se t\u00edm pln\u00ed gener\u00e1ln\u00ed pl\u00e1n zakotven\u00fd ji\u017e&nbsp; v samotn\u00e9 podstat\u011b integrace Jeanem Monnetem.&nbsp;<\/p>\n<p style=\"text-align: justify;\">Pan\u00ed Ursula Leyenov\u00e1 (asi bychom m\u011bli vynech\u00e1vat \u201evon\u201c, proto\u017ee u n\u00e1s z\u00e1kon zakazuje pou\u017e\u00edvat \u0161lechtick\u00e9 tituly) zat\u00edm sestavuje komisi, tak\u017ee st\u00e1le vl\u00e1dne komise Jean-Claude Junckera. Zv\u011bdav\u011b o\u010dek\u00e1v\u00e1m, co n\u00e1m p\u0159edlo\u017e\u00ed.&nbsp;<\/p>\n<p style=\"text-align: justify;\"><span style=\"color: #008080;\">2. Mohl byste pros\u00edm okomentovat sou\u010dasnou politickou situaci v \u010cesku? Jak vid\u00edte mo\u017enosti dal\u0161\u00edho sc\u00e9n\u00e1\u0159e?&nbsp;<\/span><\/p>\n<p style=\"text-align: justify;\">Spikleneck\u00e1 spolupr\u00e1ce prezidenta a premi\u00e9ra paralyzovala fungov\u00e1n\u00ed st\u00e1tu. Kauzy kolem osob pohybuj\u00edc\u00edch se kolem prezidenta nejsou vy\u0161et\u0159ov\u00e1ny, zd\u00e1 se, \u017ee jsou probl\u00e9my i v hospod\u00e1\u0159sk\u00e9 \u010dinnosti kancel\u00e1\u0159e. Prosl\u00fdch\u00e1 se, \u017ee si snad nechal financovat kampa\u0148 z rusk\u00fdch a \u010d\u00ednsk\u00fdch zdroj\u016f opl\u00e1tkou za absolutn\u00ed politickou podporu. Za norm\u00e1ln\u00ed situace by policie musela nasadit odposlechy na v\u0161echny osoby, kter\u00e9 se v bl\u00edzkosti prezidenta objev\u00ed, ale odposlechy by musel schv\u00e1lit premi\u00e9r. Ten to ale pr\u00e1v\u011b pro spolu\u00fa\u010dast v tomto spolku neud\u011bl\u00e1. Nevy\u0161et\u0159uje se ani kauza \u00fanosu premi\u00e9rova syna. Byl-li z na\u0161eho \u00fazem\u00ed unesen ob\u010dan ciz\u00edho st\u00e1tu, musel by n\u00e1\u0161 ministr zahrani\u010d\u00ed okam\u017eit\u011b informovat p\u0159\u00edslu\u0161n\u00fd st\u00e1t a vy\u0161et\u0159ov\u00e1n\u00ed by muselo prob\u00edhat ve spolupr\u00e1ci. Zd\u00e1 se, \u017ee se nic takov\u00e9ho nestalo. Mo\u017en\u00e1 to n\u011bkdo ministrovi zak\u00e1zal, ale pr\u00e1v\u011b to by Policie m\u011bla pro\u0161et\u0159it. Objevuj\u00ed se n\u00e1znaky, \u017ee p\u0159es ministry dosazen\u00e9 prezidentem prob\u00edh\u00e1 politicko-hospod\u00e1\u0159sk\u00fd handl, na kter\u00e9m mo\u017en\u00e1 n\u011bkte\u0159\u00ed snadno vyd\u011bl\u00e1vaj\u00ed. A tak bychom mohli pokra\u010dovat.&nbsp;<\/p>\n<p style=\"text-align: justify;\">Do\u0161lo k nabour\u00e1n\u00ed \u00fastavn\u00edho po\u0159\u00e1dku. Je mo\u017en\u00e9, \u017ee se objev\u00ed n\u00e1vrhy, podobn\u011b jako na Slovensku, p\u0159ijmout retroaktivn\u00ed zm\u011bnu pr\u00e1vn\u00edch p\u0159edpis\u016f, aby bylo mo\u017en\u00e9 tyto z\u00e1le\u017eitosti po\u0161et\u0159it a \u0159e\u0161it.&nbsp;<\/p>\n<p style=\"text-align: justify;\"><span style=\"color: #008080;\">3. Domn\u00edv\u00e1te se, \u017ee se etabluje politick\u00e9 hnut\u00ed Trikol\u00f3ra?&nbsp;<\/span><\/p>\n<p style=\"text-align: justify;\">Zat\u00edm nevid\u00edm dostatek podklad\u016f pro n\u011bjak\u00e9 hodnocen\u00ed, nezn\u00e1m stanovy, programov\u00e9 c\u00edle jsou obecn\u00e9, zat\u00edm se objevuj\u00ed v\u00fdstupy navenek s&nbsp;frekvenc\u00ed jeden za m\u011bs\u00edc. Byla-li by d\u016fvodem vzniku <em>\u201ed\u011bsiv\u00e1 zku\u0161enost: vid\u011bt divad\u00fdlka pro ve\u0159ejnost a noviny, ne\u0159e\u0161en\u00ed p\u0159\u00ed\u010din probl\u00e9m\u016f. St\u00e1dnost a pokrytectv\u00ed. Hloupost a osobn\u00ed z\u00e1jmy. \u010c\u00edm d\u00e1l v\u011bt\u0161\u00ed ztr\u00e1tu suverenity republiky\u2026\u201c,<\/em> pak by to bylo dost m\u00e1lo. Podobn\u00e9 emoce toti\u017e celkem \u00fasp\u011b\u0161n\u011b \u0159e\u0161\u00ed Chvilka\u0159i. R\u00e1d se sezn\u00e1m\u00edm s t\u00edm, jak budou vypadat stanovy a politick\u00fd program.&nbsp;<\/p>\n<p>&nbsp;<\/p>\n","protected":false},"excerpt":{"rendered":"<p>18.8.2019 &nbsp; 1. Jak hodnot\u00edte &#8222;zd\u00e1lky&#8220; v\u00fdvoj v Evropsk\u00e9m parlamentu, osobu p\u0159edsedkyn\u011b Evropsk\u00e9 komise a \u0161ance \u010ceska na pos\u00edlen\u00ed politick\u00e9ho vlivu v EU obecn\u011b? &nbsp; Evropsk\u00e1 unie je konstruov\u00e1na tak,&#8230; <a class=\"read-more-button\" href=\"https:\/\/www.payne.cz\/WP15\/k-situaci-v-eu-a-v-cr\/\">\u010c\u00edst v\u00edce &gt;<\/a><\/p>\n","protected":false},"author":2,"featured_media":0,"comment_status":"closed","ping_status":"closed","sticky":false,"template":"","format":"standard","meta":{"ngg_post_thumbnail":0,"_monsterinsights_skip_tracking":false,"_monsterinsights_sitenote_active":false,"_monsterinsights_sitenote_note":"","_monsterinsights_sitenote_category":0,"footnotes":""},"categories":[3],"tags":[],"class_list":["post-2143","post","type-post","status-publish","format-standard","hentry","category-clanky"],"_links":{"self":[{"href":"https:\/\/www.payne.cz\/WP15\/wp-json\/wp\/v2\/posts\/2143","targetHints":{"allow":["GET"]}}],"collection":[{"href":"https:\/\/www.payne.cz\/WP15\/wp-json\/wp\/v2\/posts"}],"about":[{"href":"https:\/\/www.payne.cz\/WP15\/wp-json\/wp\/v2\/types\/post"}],"author":[{"embeddable":true,"href":"https:\/\/www.payne.cz\/WP15\/wp-json\/wp\/v2\/users\/2"}],"replies":[{"embeddable":true,"href":"https:\/\/www.payne.cz\/WP15\/wp-json\/wp\/v2\/comments?post=2143"}],"version-history":[{"count":3,"href":"https:\/\/www.payne.cz\/WP15\/wp-json\/wp\/v2\/posts\/2143\/revisions"}],"predecessor-version":[{"id":2147,"href":"https:\/\/www.payne.cz\/WP15\/wp-json\/wp\/v2\/posts\/2143\/revisions\/2147"}],"wp:attachment":[{"href":"https:\/\/www.payne.cz\/WP15\/wp-json\/wp\/v2\/media?parent=2143"}],"wp:term":[{"taxonomy":"category","embeddable":true,"href":"https:\/\/www.payne.cz\/WP15\/wp-json\/wp\/v2\/categories?post=2143"},{"taxonomy":"post_tag","embeddable":true,"href":"https:\/\/www.payne.cz\/WP15\/wp-json\/wp\/v2\/tags?post=2143"}],"curies":[{"name":"wp","href":"https:\/\/api.w.org\/{rel}","templated":true}]}}