{"id":2137,"date":"2020-11-16T13:51:37","date_gmt":"2020-11-16T12:51:37","guid":{"rendered":"http:\/\/www.payne.cz\/WP15\/?p=2137"},"modified":"2020-11-16T13:51:37","modified_gmt":"2020-11-16T12:51:37","slug":"cesi-na-scesti","status":"publish","type":"post","link":"https:\/\/www.payne.cz\/WP15\/cesi-na-scesti\/","title":{"rendered":"\u010ce\u0161i na scest\u00ed"},"content":{"rendered":"\n<p style=\"text-align: right;\"><span style=\"color: #008080;\">19.9.2019<\/span><\/p>\n<p style=\"text-align: justify;\">Debata o&nbsp;probl\u00e9mu \u010cap\u00edho hn\u00edzda se n\u00e1m n\u011bjak zamotala. Asi si neuv\u011bdomujeme mnoh\u00e9 souvislosti a patrn\u011b d\u011bl\u00e1me argumenta\u010dn\u00ed chyby.<\/p>\n<p style=\"text-align: justify;\"><span style=\"color: #008080;\">Chyba prvn\u00ed:<\/span> Nebojujeme proti Babi\u0161ovi. To m\u00e1 d\u011blat opozice v&nbsp;Parlamentu. A up\u0159\u00edmn\u011b \u0159e\u010deno: moc j\u00ed to nejde. Z&nbsp;toho ale neplyne, \u017ee to m\u00e1me d\u011blat m\u00edsto n\u00ed. A i kdyby do\u0161lo k&nbsp;p\u00e1du vl\u00e1dy, vstanou nov\u00ed bojovn\u00edci, mo\u017en\u00e1 je\u0161t\u011b hor\u0161\u00ed, ne\u017e je Babi\u0161. Chceme-li norm\u00e1ln\u00ed politiku, Proti \u010demu tedy bojujeme: bojujeme proti nemravnosti. Bojujeme za spravedliv\u00e9 prost\u0159ed\u00ed, bojujeme za f\u00e9rov\u00e9 podm\u00ednky v&nbsp;ob\u010dansk\u00e9m prost\u0159ed\u00ed. Dojde-li k&nbsp;n\u011bjak\u00e9 mor\u00e1ln\u00ed obnov\u011b, bude to \u0159e\u0161en\u00ed nejen kauzy Babi\u0161, ale i v\u0161ech dal\u0161\u00edch politik\u016f, pro kter\u00e9 je \u010cesk\u00fd st\u00e1t jenom ko\u0159ist\u00ed.<\/p>\n<p style=\"text-align: justify;\"><span style=\"color: #008080;\">Chyba druh\u00e1:<\/span> Namlouv\u00e1me si, \u017ee najdeme n\u00e1vod na univerz\u00e1ln\u00ed \u0159e\u0161en\u00ed mor\u00e1ln\u00edch probl\u00e9m\u016f souvisej\u00edc\u00edch s&nbsp;politikou. M\u00e1me pocit, \u017ee kdy\u017e vylep\u0161\u00edme syst\u00e9m, n\u011bjak to za n\u00e1s naprav\u00ed st\u00e1tn\u00ed zastupitelstv\u00ed nebo soud. Douf\u00e1me, \u017ee to ud\u011bl\u00e1 n\u011bkdo za n\u00e1s, \u017ee my sami nemus\u00edme d\u011blat nic. V&nbsp;klidu budeme nad\u00e1vat a \u010dekat, a\u017e se n\u011bco stane. Zapom\u00edn\u00e1me, \u017ee podle \u010dl\u00e1nku 2 \u00dastavy zdrojem ve\u0161ker\u00e9 moci je lid. V\u00fdslovn\u011b se uv\u00e1d\u00ed, \u017ee lid je zdrojem i soudn\u00ed moci. Na\u0161i soudci se v\u0161ak domn\u00edvaj\u00ed, jsou m\u00e1gov\u00e9, kte\u0159\u00ed mohou podle sv\u00e9ho \u010darovat se spravedlnost\u00ed, \u017ee jsou vyvolen\u00ed nadlid\u00e9, kte\u0159\u00ed v\u011bd\u00ed, co je dobr\u00e9 a co zl\u00e9. Zapom\u00ednaj\u00ed, \u017ee jejich \u00fakolem, kter\u00fd by m\u011bli pokorn\u011b sledovat, je nalezen\u00ed spravedlnosti a o tom, co je spravedliv\u00e9, rozhoduje lid. Jsou odpov\u011bdn\u00ed ve\u0159ejnosti. Pr\u00e1vn\u00edci se n\u011bjak zapomn\u011bli vypo\u0159\u00e1dat s&nbsp;kauzou zfal\u0161ovan\u00fdch p\u0159ij\u00edma\u010dek na pr\u00e1vnick\u00e9 fakult\u011b Kalovy univerzity, n\u011bjak se zapomn\u011bli vypo\u0159\u00e1dat s&nbsp;kauzou zfal\u0161ovan\u00e9 cel\u00e9 pr\u00e1vnick\u00e9 fakulty v&nbsp;Plzni, n\u011bjak se zapomn\u011bli vypo\u0159\u00e1dat s&nbsp;korup\u010dn\u00edmi kauzami v&nbsp;soudnictv\u00ed. Pr\u00e1vem m\u016f\u017ee m\u00edt \u010desk\u00e1 ve\u0159ejnost pocit, \u017ee ne\u017eijeme ve spravedliv\u00e9 spole\u010dnosti. Kdy\u017e Babi\u0161 tvrd\u00ed, \u017ee je produktem zka\u017een\u00fdch politik\u016f jako Topol\u00e1nek, Paroubek, Ne\u010das, Gross atd., m\u00e1 pravdu. Na\u0161e ve\u0159ejnost byla p\u0159\u00edli\u0161 sm\u00ed\u0159liv\u00e1 k&nbsp;nepravostem v&nbsp;politice, a proto se mohl st\u00e1t premi\u00e9rem \u010dlov\u011bk, kter\u00fd je z&nbsp;mor\u00e1ln\u00edho hlediska hor\u0161\u00ed ne\u017e chyby v\u0161ech jmenovan\u00fdch dohromady.<\/p>\n<p style=\"text-align: justify;\"><span style=\"color: #008080;\">Chyba t\u0159et\u00ed:<\/span> Babi\u0161e pr\u00fd mus\u00edme porazit ve volb\u00e1ch. Omyl, Babi\u0161\u016fv probl\u00e9m nen\u00ed to, jakou politiku d\u011bl\u00e1, jeho probl\u00e9m je nemravnost. A lid, neboli ve\u0159ejnost, m\u00e1 pr\u00e1vo trvat na tom, \u017ee nemravn\u00ed lid\u00e9 nepat\u0159\u00ed do politiky. Je \u00fapln\u011b jedno, pro\u010d \u0160aroch zastavil trestn\u00ed st\u00edh\u00e1n\u00ed. Podstatn\u00e9 je, \u017ee Babi\u0161 podv\u00e1d\u011bl. A ve\u0159ejn\u011b lhal. A pravd\u011bpodobn\u011b se dopou\u0161t\u011bl je\u0161t\u011b mnohem hor\u0161\u00edch v\u011bc\u00ed. Takov\u00fd \u010dlov\u011bk mus\u00ed b\u00fdt z&nbsp;mor\u00e1ln\u00edch d\u016fvod\u016f vylou\u010den z&nbsp;politiky na v\u011bky v\u011bk\u016f. Demokratick\u00e1 politika je zalo\u017eena na principech spravedliv\u00e9 f\u00e9rov\u00e9 hry a dodr\u017eov\u00e1n\u00ed pravidel. Pokud jsme se u n\u011bkoho p\u0159esv\u011bd\u010dili, \u017ee pravidla poru\u0161uje, mus\u00edme pr\u00e1vem p\u0159edpokl\u00e1dat, \u017ee se stejn\u011b chov\u00e1 i politick\u00e9 funkci. Proto je p\u0159\u00edkazem demokracie, aby ve\u0159ejnost zva\u017eovala mor\u00e1ln\u00ed profil politik\u016f a aby dala \u010dervenou kartu nemravn\u00fdm politik\u016fm.<\/p>\n<p style=\"text-align: justify;\"><span style=\"color: #008080;\">Chyba \u010dtvrt\u00e1:<\/span> Opozice se mus\u00ed sjednotit. Pravice se pr\u00fd mus\u00ed sjednotit! P\u0159ijde mesi\u00e1\u0161, kter\u00fd n\u00e1s zachr\u00e1n\u00ed! A my m\u016f\u017eeme mezit\u00edm v&nbsp;mal\u00e9m d\u00e1l podv\u00e1d\u011bt, lh\u00e1t, kr\u00e1st, \u2026 a nad\u00e1vat. Kdo vymyslel takovou hloupost?<\/p>\n<p style=\"text-align: justify;\">Jak se dostal Babi\u0161 k&nbsp;moci? V&nbsp;prost\u0159ed\u00ed, kde z&nbsp;politick\u00fdch stran vyvanul jak\u00fdkoli n\u00e1dech politick\u00e9 filosofie, se dostal k&nbsp;moci dob\u0159e zaplacenou marketingovou kampan\u00ed. Bez jak\u00e9hokoli n\u00e1znaku programu, nato\u017epak filosofie. M\u00e1 Babi\u0161e ve volb\u00e1ch porazit slepenec, kter\u00fd bude stejn\u011b bezbarv\u00fd? Budou pro \u010deskou ve\u0159ejnost v\u011brohodn\u011bj\u0161\u00ed politikov\u00e9 st\u00e1vaj\u00edc\u00edch stran, kte\u0159\u00ed opust\u00ed trosky sv\u00e9 politick\u00e9 filosofie a spoj\u00ed se pod praporem boje proti Babi\u0161ovi? P\u0159edvedou n\u00e1kladn\u011bj\u0161\u00ed a dokonalej\u0161\u00ed marketingov\u00e9 triky?<\/p>\n<p style=\"text-align: justify;\"><span style=\"color: #008080;\">Babi\u0161e m\u016f\u017ee porazit jedin\u011b poctiv\u00e1 politick\u00e1 filosofie.<\/span> Pot\u0159ebujeme opravdov\u00e9 politick\u00e9 strany.<\/p>\n","protected":false},"excerpt":{"rendered":"<p>19.9.2019 Debata o&nbsp;probl\u00e9mu \u010cap\u00edho hn\u00edzda se n\u00e1m n\u011bjak zamotala. Asi si neuv\u011bdomujeme mnoh\u00e9 souvislosti a patrn\u011b d\u011bl\u00e1me argumenta\u010dn\u00ed chyby. Chyba prvn\u00ed: Nebojujeme proti Babi\u0161ovi. To m\u00e1 d\u011blat opozice v&nbsp;Parlamentu. A&#8230; <a class=\"read-more-button\" href=\"https:\/\/www.payne.cz\/WP15\/cesi-na-scesti\/\">\u010c\u00edst v\u00edce &gt;<\/a><\/p>\n","protected":false},"author":2,"featured_media":0,"comment_status":"closed","ping_status":"closed","sticky":false,"template":"","format":"standard","meta":{"ngg_post_thumbnail":0,"_monsterinsights_skip_tracking":false,"_monsterinsights_sitenote_active":false,"_monsterinsights_sitenote_note":"","_monsterinsights_sitenote_category":0,"footnotes":""},"categories":[3],"tags":[],"class_list":["post-2137","post","type-post","status-publish","format-standard","hentry","category-clanky"],"_links":{"self":[{"href":"https:\/\/www.payne.cz\/WP15\/wp-json\/wp\/v2\/posts\/2137","targetHints":{"allow":["GET"]}}],"collection":[{"href":"https:\/\/www.payne.cz\/WP15\/wp-json\/wp\/v2\/posts"}],"about":[{"href":"https:\/\/www.payne.cz\/WP15\/wp-json\/wp\/v2\/types\/post"}],"author":[{"embeddable":true,"href":"https:\/\/www.payne.cz\/WP15\/wp-json\/wp\/v2\/users\/2"}],"replies":[{"embeddable":true,"href":"https:\/\/www.payne.cz\/WP15\/wp-json\/wp\/v2\/comments?post=2137"}],"version-history":[{"count":2,"href":"https:\/\/www.payne.cz\/WP15\/wp-json\/wp\/v2\/posts\/2137\/revisions"}],"predecessor-version":[{"id":2139,"href":"https:\/\/www.payne.cz\/WP15\/wp-json\/wp\/v2\/posts\/2137\/revisions\/2139"}],"wp:attachment":[{"href":"https:\/\/www.payne.cz\/WP15\/wp-json\/wp\/v2\/media?parent=2137"}],"wp:term":[{"taxonomy":"category","embeddable":true,"href":"https:\/\/www.payne.cz\/WP15\/wp-json\/wp\/v2\/categories?post=2137"},{"taxonomy":"post_tag","embeddable":true,"href":"https:\/\/www.payne.cz\/WP15\/wp-json\/wp\/v2\/tags?post=2137"}],"curies":[{"name":"wp","href":"https:\/\/api.w.org\/{rel}","templated":true}]}}