{"id":2121,"date":"2020-11-14T23:49:15","date_gmt":"2020-11-14T22:49:15","guid":{"rendered":"http:\/\/www.payne.cz\/WP15\/?p=2121"},"modified":"2020-11-14T23:49:15","modified_gmt":"2020-11-14T22:49:15","slug":"vratme-do-evropy-zdravy-rozum","status":"publish","type":"post","link":"https:\/\/www.payne.cz\/WP15\/vratme-do-evropy-zdravy-rozum\/","title":{"rendered":"Vra\u0165me do Evropy zdrav\u00fd rozum"},"content":{"rendered":"\n<p style=\"text-align: right;\"><span style=\"color: #008080;\">19.10.2018<\/span><\/p>\n<p style=\"text-align: justify;\">V Praze dnes odstartoval proces zm\u011bn Evropsk\u00e9 unie \u2013 a to ve form\u011b mezin\u00e1rodn\u00ed konference <a href=\"http:\/\/www.payne.cz\/WP15\/AlternativaProEvropu.pdf\">\u201eAlternativy EU: Jde to i jinak\u201c<\/a>. Diskutovali na n\u00ed \u010dlenov\u00e9 skupiny EFDD, zahrani\u010dn\u00ed host\u00e9, poslanci Evropsk\u00e9ho parlamentu i parlament\u016f n\u00e1rodn\u00edch a dal\u0161\u00ed politi\u010dt\u00ed host\u00e9.<\/p>\n<p style=\"text-align: justify;\">Jak \u0159ekl \u00favodem europoslanec za Svobodn\u00e9 Ji\u0159\u00ed Payne, p\u0159edkl\u00e1d\u00e1 k ofici\u00e1ln\u011b p\u0159edlo\u017een\u00fdm p\u011bti sc\u00e9n\u00e1\u0159\u016fm budoucnosti EU \u0161est\u00fd projekt, nazvan\u00fd JDE TO I JINAK, kter\u00fd dle jeho slov jako jedin\u00fd zcela odstra\u0148uje demokratick\u00fd deficit. Spole\u010dn\u00fdm c\u00edlem konference bylo odstartovat v\u00e1\u017enou celoevropskou diskuzi na t\u00e9ma sjednocuj\u00edc\u00ed alternativy k Evropsk\u00e9 unii, kter\u00e1 vytvo\u0159\u00ed prostor pro p\u0159eveden\u00ed dosavadn\u00ed spolupr\u00e1ce na zcela jin\u00e9 z\u00e1klady bez zbyte\u010dn\u00fdch ztr\u00e1t, a to sametov\u011b. Na odbornou konferenci ur\u010denou i \u0161irok\u00e9 \u010desk\u00e9 ve\u0159ejnosti, sd\u00edlenou v p\u0159\u00edm\u00e9m p\u0159enosu i do zahrani\u010d\u00ed, nav\u00e1\u017ee hned z\u00edtra (v sobotu 20. \u0159\u00edjna) happening s n\u00e1zvem \u201eNov\u00e1 sametov\u00e1 revoluce\u201c; kon\u00e1 se od 14:00 na n\u00e1m\u011bst\u00ed Jana Palacha v Praze.<\/p>\n<p style=\"text-align: justify;\">Na pozv\u00e1n\u00ed J. Payna, za\u0161t\u00edt\u011bn\u00e9 EFDD frakc\u00ed Evropsk\u00e9ho parlamentu, p\u0159ijeli na konferenci v\u00fdznamn\u00ed zahrani\u010dn\u00ed host\u00e9: William Legge, 10th Earl of Dartmouth z Velk\u00e9 Brit\u00e1nie, Bill Etheridge z Velk\u00e9 Brit\u00e1nie, Igor Gr\u00e4zin z Estonska, Georgi Nedelchev z Bulharska a dal\u0161\u00ed. \u00da\u010dastn\u00edci konference postupn\u011b p\u0159edstavili, pro\u010d ob\u010dan\u00e9 v jejich zem\u00edch nesouhlas\u00ed se sou\u010dasn\u00fdm stavem Evropsk\u00e9 unie, a jak by na situaci m\u011bli politici reagovat.<\/p>\n<p style=\"text-align: justify;\"><span style=\"color: #008080;\">\u201eEvropsk\u00e1 unie se mus\u00ed zm\u011bnit. Proto jsme p\u0159ipravili pl\u00e1n sametov\u00e9 prom\u011bny, kter\u00e1 zachov\u00e1 pozitivn\u00ed prvky spolupr\u00e1ce, a p\u0159itom odstran\u00ed demokratick\u00fd deficit,\u201c<\/span> uvedl Ji\u0159\u00ed Payne. Chce doc\u00edlit, aby se euroskeptici sjednotili a spole\u010dn\u011b prosazovali \u0159e\u0161en\u00ed. Jako inspiraci uvedl rozd\u011blen\u00ed \u010ceskoslovenska na po\u010d\u00e1tku 90. let: <span style=\"color: #008080;\">\u201eLze to ud\u011blat b\u011bhem n\u011bkolika t\u00fddn\u016f \u2013 p\u0159ej\u00edt na smysluplnou spolupr\u00e1ci evropsk\u00fdch st\u00e1t\u016f a pokra\u010dovat na jin\u00fdch z\u00e1kladech, bez demokratick\u00e9ho deficitu, v syst\u00e9mu, kde budou m\u00edt ob\u010dan\u00e9 vliv na politick\u00e9 d\u011bn\u00ed,\u201c<\/span> zd\u016fraznil Payne.<\/p>\n<p style=\"text-align: justify;\">William Legge z Velk\u00e9 Brit\u00e1nie (UKIP), 10th Earl of Dartmouth&nbsp; spoluorganiz\u00e1tor konference, promluvil o situaci v Brit\u00e1nii, souvislosti s Brexitem, vyjedn\u00e1v\u00e1n\u00ed s EU, pro\u010d pot\u0159ebujeme alternativu. Igor Gr\u00e4zin z Estonska (Eesti Reformierakond; Estonsk\u00e1 reformn\u00ed strana) nab\u00eddl pohled sebe coby jednoho z autor\u016f deklarace estonsk\u00e9 nez\u00e1vislosti. Estonsk\u00fd poslanec hlasoval proti \u00dastav\u011b pro Evropu, kter\u00e1 p\u0159edch\u00e1zela Lisabonsk\u00e9 smlouv\u011b, nab\u00eddl pohled na alternativu jako politik v\u00fdchodn\u00ed Evropy. Georgi Nedelchev z Bulharska (Bulharsk\u00e1 unie za p\u0159\u00edmou demokracii) prezentoval Bulharsko, kter\u00e9 pat\u0159\u00ed k nejmlad\u0161\u00edm \u010dlen\u016fm Evropsk\u00e9 unie a Unie je tam vn\u00edm\u00e1na zna\u010dn\u011b odli\u0161nou optikou ne\u017e u n\u00e1s. Georgi Nedelchev promluvil o m\u00edstn\u00ed situaci i jak Bulharsko m\u016f\u017ee hledat alternativu k sou\u010dasn\u00e9mu uspo\u0159\u00e1d\u00e1n\u00ed.<\/p>\n<p>Videoz\u00e1znam konference si pus\u0165te <a href=\"https:\/\/www.facebook.com\/thealternative.eu.czech\/videos\/344749226093084\/\">zde<\/a><\/p>\n<p><span style=\"color: #008080;\">Co je to EFDD:<\/span><\/p>\n<p style=\"text-align: justify;\">Evropa svobody a p\u0159\u00edm\u00e9 demokracie (anglicky Europe of Freedom and Direct Democracy) je politick\u00e1 frakce v Evropsk\u00e9m parlamentu. Byla zalo\u017eena po volb\u00e1ch do EP v roce 2009 a tvo\u0159\u00ed ji p\u0159ev\u00e1\u017en\u011b britsk\u00e1 United Kingdom Independence Party (UKIP) a italsk\u00e9 Hnut\u00ed p\u011bti hv\u011bzd. Do roku 2014 se jmenovala Evropa svobody a demokracie.<\/p>\n<p>&nbsp;<\/p>\n","protected":false},"excerpt":{"rendered":"<p>19.10.2018 V Praze dnes odstartoval proces zm\u011bn Evropsk\u00e9 unie \u2013 a to ve form\u011b mezin\u00e1rodn\u00ed konference \u201eAlternativy EU: Jde to i jinak\u201c. Diskutovali na n\u00ed \u010dlenov\u00e9 skupiny EFDD, zahrani\u010dn\u00ed host\u00e9,&#8230; <a class=\"read-more-button\" href=\"https:\/\/www.payne.cz\/WP15\/vratme-do-evropy-zdravy-rozum\/\">\u010c\u00edst v\u00edce &gt;<\/a><\/p>\n","protected":false},"author":2,"featured_media":0,"comment_status":"closed","ping_status":"closed","sticky":false,"template":"","format":"standard","meta":{"ngg_post_thumbnail":0,"_monsterinsights_skip_tracking":false,"_monsterinsights_sitenote_active":false,"_monsterinsights_sitenote_note":"","_monsterinsights_sitenote_category":0,"footnotes":""},"categories":[3],"tags":[],"class_list":["post-2121","post","type-post","status-publish","format-standard","hentry","category-clanky"],"_links":{"self":[{"href":"https:\/\/www.payne.cz\/WP15\/wp-json\/wp\/v2\/posts\/2121","targetHints":{"allow":["GET"]}}],"collection":[{"href":"https:\/\/www.payne.cz\/WP15\/wp-json\/wp\/v2\/posts"}],"about":[{"href":"https:\/\/www.payne.cz\/WP15\/wp-json\/wp\/v2\/types\/post"}],"author":[{"embeddable":true,"href":"https:\/\/www.payne.cz\/WP15\/wp-json\/wp\/v2\/users\/2"}],"replies":[{"embeddable":true,"href":"https:\/\/www.payne.cz\/WP15\/wp-json\/wp\/v2\/comments?post=2121"}],"version-history":[{"count":2,"href":"https:\/\/www.payne.cz\/WP15\/wp-json\/wp\/v2\/posts\/2121\/revisions"}],"predecessor-version":[{"id":2123,"href":"https:\/\/www.payne.cz\/WP15\/wp-json\/wp\/v2\/posts\/2121\/revisions\/2123"}],"wp:attachment":[{"href":"https:\/\/www.payne.cz\/WP15\/wp-json\/wp\/v2\/media?parent=2121"}],"wp:term":[{"taxonomy":"category","embeddable":true,"href":"https:\/\/www.payne.cz\/WP15\/wp-json\/wp\/v2\/categories?post=2121"},{"taxonomy":"post_tag","embeddable":true,"href":"https:\/\/www.payne.cz\/WP15\/wp-json\/wp\/v2\/tags?post=2121"}],"curies":[{"name":"wp","href":"https:\/\/api.w.org\/{rel}","templated":true}]}}