{"id":2099,"date":"2020-11-14T22:21:34","date_gmt":"2020-11-14T21:21:34","guid":{"rendered":"http:\/\/www.payne.cz\/WP15\/?p=2099"},"modified":"2020-11-14T22:21:34","modified_gmt":"2020-11-14T21:21:34","slug":"vyjadreni-k-udajne-neucasti-na-hlasovanich-v-ep","status":"publish","type":"post","link":"https:\/\/www.payne.cz\/WP15\/vyjadreni-k-udajne-neucasti-na-hlasovanich-v-ep\/","title":{"rendered":"Vyj\u00e1d\u0159en\u00ed k \u00fadajn\u00e9 ne\u00fa\u010dasti na hlasov\u00e1n\u00edch v EP"},"content":{"rendered":"\n<p style=\"text-align: right;\"><span style=\"color: #008080;\">25.3.2019<\/span><\/p>\n<p style=\"text-align: justify;\"><br>Jeliko\u017e jsem byl podle metodicky chybn\u011b zpracovan\u00fdch statistik v m\u00e9di\u00edch na\u0159\u010den, \u017ee m\u00e1m malou \u00fa\u010dast na hlasov\u00e1n\u00ed, pod\u00e1v\u00e1m k tomu vysv\u011btlen\u00ed:<br><br>Petr Mach ozn\u00e1mil svou rezignaci 10. \u010dervence 2017 s \u00fa\u010dinnost\u00ed k posledn\u00edmu dni srpna t\u00e9ho\u017e roku. U\u010dinil tak s p\u0159edstihem proto, aby bylo dost \u010dasu z\u00fa\u0159adovat v\u00fdm\u011bnu mand\u00e1tu. V polovin\u011b srpna jsem zjistil, \u017ee Evropsk\u00fd parlament neodeslal informaci o rezignaci \u010desk\u00e9 vl\u00e1d\u011b, co\u017e byl povinen u\u010dinit neprodlen\u011b. <span style=\"color: #008080;\">Prost\u011b nefunguje. Mo\u017en\u00e1 n\u00e1hodou, mo\u017en\u00e1 \u00famysln\u011b. Op\u011bt se tu projevuje nedemokrati\u010dnost Evropsk\u00e9 unie, proto\u017ee nen\u00ed mo\u017enost, jak si na postup Evropsk\u00e9ho parlamentu st\u011b\u017eovat.<\/span> <br>Po\u017e\u00e1dal jsem ministerstvo vnitra o projedn\u00e1n\u00ed rezignace a n\u00e1stupu n\u00e1hradn\u00edka a za\u0159\u00eddil jsem doru\u010den\u00ed v\u0161ech pot\u0159ebn\u00fdch dokument\u016f. Ministerstvo vnitra relativn\u011b operativn\u011b svolalo st\u00e1lou volebn\u00ed komisi \u2013 ta dne 5. 9. 2017 projednala rezignaci Petra Macha a vystavila mi potvrzen\u00ed o zvolen\u00ed poslancem Evropsk\u00e9ho parlamentu. S t\u00edmto potvrzen\u00edm jsem se okam\u017eit\u011b dostavil do pat\u0159i\u010dn\u00e9ho \u00fa\u0159adu v EP a bylo mi sd\u011bleno, \u017ee tento dokument se tam neuzn\u00e1v\u00e1. <br>Po dal\u0161\u00edch urgenc\u00edch a osobn\u00edch dopisech ministr\u016fm tehdej\u0161\u00ed vl\u00e1dy se uk\u00e1zalo, \u017ee ministerstvo vnitra doklad o m\u00e9m zvolen\u00ed skute\u010dn\u011b bezodkladn\u011b odeslalo ministerstvu zahrani\u010d\u00ed. Samo toti\u017e nesm\u00ed p\u0159\u00edmo s Evropsk\u00fdm parlamentem komunikovat. <br>N\u00e1sledovaly t\u00fddny, kdy jsem marn\u011b jezdil na v\u0161echna zased\u00e1n\u00ed do Bruselu a \u0160trasburku za vlastn\u00ed prost\u0159edky a sna\u017eil jsem se dos\u00e1hnout uzn\u00e1n\u00ed mand\u00e1tu. <span style=\"color: #008080;\">Reakce znud\u011bn\u00fdch \u00fa\u0159edn\u00edk\u016f byly \u00fa\u017easn\u00e9.<\/span> <br>Teprve kdy\u017e jsem napsal osobn\u00ed nal\u00e9hav\u00fd dopis ministru zahrani\u010d\u00ed, kter\u00e9ho n\u00e1hodou zn\u00e1m osobn\u011b z doby, kdy jsme spolu byli \u010dleny zahrani\u010dn\u00edho v\u00fdboru PSP \u010cR, se mi poda\u0159ilo dos\u00e1hnout toho, \u017ee ministerstvo zahrani\u010d\u00ed odeslalo doklad o m\u00e9m zvolen\u00ed na\u0161emu velvyslanci p\u0159i EU Martinu Povej\u0161ilovi a ten jej 18. 9. 2017 doru\u010dil do \u00fa\u0159adu EP. <br>Pot\u00e9 za\u010dal \u00fa\u0159ad Evropsk\u00e9ho parlamentu pracovat a kone\u010dn\u011b 2. 10. 2017 jsem se stal poslancem, ov\u0161em s \u00fa\u010dinnost\u00ed (zp\u011btn\u011b) k 5. z\u00e1\u0159\u00ed. T\u00edm vznikl stav, \u017ee jsem byl pro mnoho t\u00fddn\u016f zp\u011btn\u011b uzn\u00e1n za poslance, ale <span style=\"color: #008080;\">nemohl jsem hlasovat kv\u016fli obstrukc\u00edm administrativy Evropsk\u00e9ho parlamentu a na\u0161eho ministerstva zahrani\u010d\u00ed.<\/span><br><span style=\"color: #008080;\">Vyd\u00e1v\u00e1m t\u00edmto \u010destn\u00e9 prohl\u00e1\u0161en\u00ed, \u017ee jsem se v obdob\u00ed od 1. 9. do 2. 10. 2017 na vlastn\u00ed n\u00e1klady z\u00fa\u010dastnil v\u0161ech jedn\u00e1n\u00ed EP a \u017ee jsem byl p\u0159ipraven hlasovat, ale nebylo mi to umo\u017en\u011bno kv\u016fli katastrof\u00e1ln\u00edmu fungov\u00e1n\u00ed p\u0159\u00edslu\u0161n\u00fdch \u00fa\u0159ad\u016f.<\/span> Mou \u00fa\u010dast mohu dok\u00e1zat sv\u011bdecky. Proto jsem p\u0159esv\u011bd\u010den, \u017ee pat\u0159\u00edm k poslanc\u016fm s nejvy\u0161\u0161\u00ed \u00fa\u010dast\u00ed na hlasov\u00e1n\u00ed.<br>Pro srovn\u00e1n\u00ed: v p\u0159\u00edpad\u011b rezignace Martina Schulze \u010di v p\u0159\u00edpad\u011b \u00famrt\u00ed poslance Miroslava Ransdorfa byl n\u00e1stupnick\u00fd mand\u00e1t projedn\u00e1n v pr\u016fb\u011bhu cca dvou t\u00fddn\u016f, v m\u00e9m p\u0159\u00edpad\u011b trvalo projedn\u00e1n\u00ed \u010dty\u0159i m\u011bs\u00edce. Zaj\u00edmav\u00e9, jak se li\u0161\u00ed aktivita \u00fa\u0159edn\u00edk\u016f v r\u016fzn\u00fdch p\u0159\u00edpadech. V kontextu s opakovan\u00fdm vyj\u00e1d\u0159en\u00edm p\u0159edsedy Komise Junckera proti euroskeptik\u016fm a s dal\u0161\u00edmi fakty o diskriminaci euroskeptik\u016f v EP m\u00e1m dost siln\u00e9 podez\u0159en\u00ed, \u017ee nejde o n\u00e1hodu.<br><span style=\"color: #008080;\">Po faktick\u00e9m nabyt\u00ed mand\u00e1tu jsem se z\u00fa\u010dastnil v\u0161ech jedn\u00e1n\u00ed a hlasov\u00e1n\u00ed s v\u00fdjimkou jednoho dne v prosinci 2017, kdy jsem uspo\u0159\u00e1dal konferenci v Praze, na kter\u00e9 jsem p\u0159edlo\u017eil pades\u00e1tistr\u00e1nkovou studii o p\u0159\u00edpadn\u00e9m alternativn\u00edm uspo\u0159\u00e1d\u00e1n\u00ed vztah\u016f mezi evropsk\u00fdmi st\u00e1ty, kter\u00e9 by odstranilo demokratick\u00fd deficit (<a href=\"http:\/\/www.payne.cz\/WP15\/AlternativaProEvropu.pdf\">Jde to i jinak<\/a>).<\/span><br>Zve\u0159ejn\u011bn\u00e9 statistiky proto pova\u017euji za katastrof\u00e1ln\u011b diletantskou pr\u00e1ci a stejn\u011b tak pova\u017euji za katastrof\u00e1ln\u011b diletantskou pr\u00e1ci na\u0161ich \u017eurnalist\u016f, kte\u0159\u00ed statistiky cituj\u00ed, ani\u017e by si ov\u011b\u0159ili metodiku a data, na z\u00e1klad\u011b kter\u00fdch byly zpracov\u00e1ny.<br><br><\/p>\n<p style=\"text-align: right;\">25. b\u0159ezna 2019 Ji\u0159\u00ed Payne<\/p>\n","protected":false},"excerpt":{"rendered":"<p>25.3.2019 Jeliko\u017e jsem byl podle metodicky chybn\u011b zpracovan\u00fdch statistik v m\u00e9di\u00edch na\u0159\u010den, \u017ee m\u00e1m malou \u00fa\u010dast na hlasov\u00e1n\u00ed, pod\u00e1v\u00e1m k tomu vysv\u011btlen\u00ed: Petr Mach ozn\u00e1mil svou rezignaci 10. \u010dervence 2017&#8230; <a class=\"read-more-button\" href=\"https:\/\/www.payne.cz\/WP15\/vyjadreni-k-udajne-neucasti-na-hlasovanich-v-ep\/\">\u010c\u00edst v\u00edce &gt;<\/a><\/p>\n","protected":false},"author":2,"featured_media":0,"comment_status":"closed","ping_status":"closed","sticky":false,"template":"","format":"standard","meta":{"ngg_post_thumbnail":0,"_monsterinsights_skip_tracking":false,"_monsterinsights_sitenote_active":false,"_monsterinsights_sitenote_note":"","_monsterinsights_sitenote_category":0,"footnotes":""},"categories":[3],"tags":[],"class_list":["post-2099","post","type-post","status-publish","format-standard","hentry","category-clanky"],"_links":{"self":[{"href":"https:\/\/www.payne.cz\/WP15\/wp-json\/wp\/v2\/posts\/2099","targetHints":{"allow":["GET"]}}],"collection":[{"href":"https:\/\/www.payne.cz\/WP15\/wp-json\/wp\/v2\/posts"}],"about":[{"href":"https:\/\/www.payne.cz\/WP15\/wp-json\/wp\/v2\/types\/post"}],"author":[{"embeddable":true,"href":"https:\/\/www.payne.cz\/WP15\/wp-json\/wp\/v2\/users\/2"}],"replies":[{"embeddable":true,"href":"https:\/\/www.payne.cz\/WP15\/wp-json\/wp\/v2\/comments?post=2099"}],"version-history":[{"count":3,"href":"https:\/\/www.payne.cz\/WP15\/wp-json\/wp\/v2\/posts\/2099\/revisions"}],"predecessor-version":[{"id":2102,"href":"https:\/\/www.payne.cz\/WP15\/wp-json\/wp\/v2\/posts\/2099\/revisions\/2102"}],"wp:attachment":[{"href":"https:\/\/www.payne.cz\/WP15\/wp-json\/wp\/v2\/media?parent=2099"}],"wp:term":[{"taxonomy":"category","embeddable":true,"href":"https:\/\/www.payne.cz\/WP15\/wp-json\/wp\/v2\/categories?post=2099"},{"taxonomy":"post_tag","embeddable":true,"href":"https:\/\/www.payne.cz\/WP15\/wp-json\/wp\/v2\/tags?post=2099"}],"curies":[{"name":"wp","href":"https:\/\/api.w.org\/{rel}","templated":true}]}}