{"id":2094,"date":"2020-11-14T22:10:12","date_gmt":"2020-11-14T21:10:12","guid":{"rendered":"http:\/\/www.payne.cz\/WP15\/?p=2094"},"modified":"2020-11-14T22:10:12","modified_gmt":"2020-11-14T21:10:12","slug":"proc-jsem-hlasoval-proti-regulaci-internetu-18-3-2019","status":"publish","type":"post","link":"https:\/\/www.payne.cz\/WP15\/proc-jsem-hlasoval-proti-regulaci-internetu-18-3-2019\/","title":{"rendered":"Pro\u010d jsem hlasoval proti regulaci internetu 18.3.2019"},"content":{"rendered":"\n<p style=\"text-align: right;\"><span style=\"color: #008080;\">18.3.2019<\/span><\/p>\n<p style=\"text-align: justify;\"><span style=\"color: #008080;\"><em>\u201eI na evropsk\u00e9m kontinentu se pot\u00fdk\u00e1me s dezinformacemi, s propagandou, fale\u0161n\u00fdmi informacemi. EU se u\u017e p\u0159ed \u010dasem rozhodla, \u017ee to bude \u0159e\u0161it regulacemi a ukl\u00e1d\u00e1n\u00edm dal\u0161\u00edch povinnost\u00ed t\u011bm, kdo provozuj\u00ed soci\u00e1ln\u00ed s\u00edt\u011b \u2013 EU zkr\u00e1tka chce regulovat ve\u0159ejnou diskusi na internetu. Odv\u011bk\u00fdm poku\u0161en\u00edm v\u0161ech autoritativn\u00edch a totalitn\u00edch re\u017eim\u016f ur\u010dovat \u201edobr\u00e9 a zl\u00e9\u201c.<\/em><\/span><br><span style=\"color: #008080;\"><em>Na \u0159e\u0161en\u00ed tohoto probl\u00e9mu p\u0159itom existuje jedna jedin\u00e1 mo\u017enost, zn\u00e1me ji od dob antick\u00e9ho \u0158ecka. A je to svobodn\u00e1 a f\u00e9rov\u00e1 diskuse. Jedin\u011b tak se lze dobrat pravdy, jedin\u011b tak se m\u016f\u017eeme zbavit n\u011bjak\u00e9 propagandy. <\/em><\/span><span style=\"color: #008080;\"><em>Proto jsem nemohl souhlasit s regulac\u00ed, kter\u00e1 jde proti f\u00e9rov\u00e9 diskusi!\u201c<\/em><\/span><\/p>\n<p>Cel\u00fd projev na pl\u00e9nu EP si pus\u0165te zde:<\/p>\n<p><iframe loading=\"lazy\" title=\"J. Payne: Pro\u010d hlasuju proti regulaci internetu\" width=\"690\" height=\"388\" src=\"https:\/\/www.youtube.com\/embed\/gP7qKJfZPBI?feature=oembed\" frameborder=\"0\" allow=\"accelerometer; autoplay; clipboard-write; encrypted-media; gyroscope; picture-in-picture\" allowfullscreen><\/iframe><\/p>\n<p>&nbsp;<\/p>\n","protected":false},"excerpt":{"rendered":"<p>18.3.2019 \u201eI na evropsk\u00e9m kontinentu se pot\u00fdk\u00e1me s dezinformacemi, s propagandou, fale\u0161n\u00fdmi informacemi. EU se u\u017e p\u0159ed \u010dasem rozhodla, \u017ee to bude \u0159e\u0161it regulacemi a ukl\u00e1d\u00e1n\u00edm dal\u0161\u00edch povinnost\u00ed t\u011bm, kdo&#8230; <a class=\"read-more-button\" href=\"https:\/\/www.payne.cz\/WP15\/proc-jsem-hlasoval-proti-regulaci-internetu-18-3-2019\/\">\u010c\u00edst v\u00edce &gt;<\/a><\/p>\n","protected":false},"author":2,"featured_media":0,"comment_status":"closed","ping_status":"closed","sticky":false,"template":"","format":"standard","meta":{"ngg_post_thumbnail":0,"_monsterinsights_skip_tracking":false,"_monsterinsights_sitenote_active":false,"_monsterinsights_sitenote_note":"","_monsterinsights_sitenote_category":0,"footnotes":""},"categories":[3],"tags":[],"class_list":["post-2094","post","type-post","status-publish","format-standard","hentry","category-clanky"],"_links":{"self":[{"href":"https:\/\/www.payne.cz\/WP15\/wp-json\/wp\/v2\/posts\/2094","targetHints":{"allow":["GET"]}}],"collection":[{"href":"https:\/\/www.payne.cz\/WP15\/wp-json\/wp\/v2\/posts"}],"about":[{"href":"https:\/\/www.payne.cz\/WP15\/wp-json\/wp\/v2\/types\/post"}],"author":[{"embeddable":true,"href":"https:\/\/www.payne.cz\/WP15\/wp-json\/wp\/v2\/users\/2"}],"replies":[{"embeddable":true,"href":"https:\/\/www.payne.cz\/WP15\/wp-json\/wp\/v2\/comments?post=2094"}],"version-history":[{"count":2,"href":"https:\/\/www.payne.cz\/WP15\/wp-json\/wp\/v2\/posts\/2094\/revisions"}],"predecessor-version":[{"id":2096,"href":"https:\/\/www.payne.cz\/WP15\/wp-json\/wp\/v2\/posts\/2094\/revisions\/2096"}],"wp:attachment":[{"href":"https:\/\/www.payne.cz\/WP15\/wp-json\/wp\/v2\/media?parent=2094"}],"wp:term":[{"taxonomy":"category","embeddable":true,"href":"https:\/\/www.payne.cz\/WP15\/wp-json\/wp\/v2\/categories?post=2094"},{"taxonomy":"post_tag","embeddable":true,"href":"https:\/\/www.payne.cz\/WP15\/wp-json\/wp\/v2\/tags?post=2094"}],"curies":[{"name":"wp","href":"https:\/\/api.w.org\/{rel}","templated":true}]}}