{"id":2079,"date":"2020-11-14T21:40:00","date_gmt":"2020-11-14T20:40:00","guid":{"rendered":"http:\/\/www.payne.cz\/WP15\/?p=2079"},"modified":"2020-11-14T21:40:00","modified_gmt":"2020-11-14T20:40:00","slug":"eu-meri-dvojim-metrem","status":"publish","type":"post","link":"https:\/\/www.payne.cz\/WP15\/eu-meri-dvojim-metrem\/","title":{"rendered":"EU m\u011b\u0159\u00ed dvoj\u00edm metrem"},"content":{"rendered":"\n<p style=\"text-align: right;\"><span style=\"font-size: inherit; color: #008080;\">12. prosince 2018<\/span><\/p>\n<p style=\"text-align: justify;\">Pod\u00edvejme se na jedn\u00e9 stran\u011b na demonstrace \u017elut\u00fdch vest ve Francii nebo na reakci \u0160pan\u011blska na d\u011bn\u00ed v Katal\u00e1nsku (viz t\u00e9\u017e <a href=\"http:\/\/www.payne.cz\/WP15\/otevreny-dopis-pro-katalansko\/\">Otev\u0159en\u00fd dopis pro Katal\u00e1nsko<\/a> 29.10.2017), a na druh\u00e9 stran\u011b na d\u011bn\u00ed v Polsku, v Ma\u010farsku nebo ned\u00e1vno v l\u00e9t\u011b i v Rumunsku. Je jasn\u00e9, \u017ee EU uplat\u0148uje dvoj\u00ed metr. \u00dapln\u011b jinak m\u011b\u0159\u00ed z\u00e1padoevropsk\u00fdm st\u00e1t\u016fm, a jinak zem\u00edm st\u0159edn\u00ed Evropy. To jsme ale necht\u011bli. Do EU jsme p\u0159ece vstupovali pr\u00e1v\u011b proto, abychom byli rovnopr\u00e1vn\u00fdmi partnery s ostatn\u00edmi ze z\u00e1padn\u00ed Evropy. A nejsme.&nbsp;<\/p>\n<p style=\"text-align: justify;\">Europoslanec za Svobodn\u00e9 Ji\u0159\u00ed Payne o tom mluv\u00ed ve videu k aktu\u00e1ln\u00edmu d\u011bn\u00ed:<\/p>\n<p><iframe loading=\"lazy\" title=\"Ji\u0159\u00ed Payne k probl\u00e9m\u016fm ve Francii: Dvoj\u00ed metr v EU\" width=\"690\" height=\"388\" src=\"https:\/\/www.youtube.com\/embed\/VICGCPxTkA8?feature=oembed\" frameborder=\"0\" allow=\"accelerometer; autoplay; clipboard-write; encrypted-media; gyroscope; picture-in-picture\" allowfullscreen><\/iframe><\/p>\n<div class=\"fitvids-video\">\n<div class=\"fluid-width-video-wrapper\">&nbsp;<\/div>\n<\/div>\n","protected":false},"excerpt":{"rendered":"<p>12. prosince 2018 Pod\u00edvejme se na jedn\u00e9 stran\u011b na demonstrace \u017elut\u00fdch vest ve Francii nebo na reakci \u0160pan\u011blska na d\u011bn\u00ed v Katal\u00e1nsku (viz t\u00e9\u017e Otev\u0159en\u00fd dopis pro Katal\u00e1nsko 29.10.2017), a&#8230; <a class=\"read-more-button\" href=\"https:\/\/www.payne.cz\/WP15\/eu-meri-dvojim-metrem\/\">\u010c\u00edst v\u00edce &gt;<\/a><\/p>\n","protected":false},"author":2,"featured_media":0,"comment_status":"closed","ping_status":"closed","sticky":false,"template":"","format":"standard","meta":{"ngg_post_thumbnail":0,"_monsterinsights_skip_tracking":false,"_monsterinsights_sitenote_active":false,"_monsterinsights_sitenote_note":"","_monsterinsights_sitenote_category":0,"footnotes":""},"categories":[3],"tags":[],"class_list":["post-2079","post","type-post","status-publish","format-standard","hentry","category-clanky"],"_links":{"self":[{"href":"https:\/\/www.payne.cz\/WP15\/wp-json\/wp\/v2\/posts\/2079","targetHints":{"allow":["GET"]}}],"collection":[{"href":"https:\/\/www.payne.cz\/WP15\/wp-json\/wp\/v2\/posts"}],"about":[{"href":"https:\/\/www.payne.cz\/WP15\/wp-json\/wp\/v2\/types\/post"}],"author":[{"embeddable":true,"href":"https:\/\/www.payne.cz\/WP15\/wp-json\/wp\/v2\/users\/2"}],"replies":[{"embeddable":true,"href":"https:\/\/www.payne.cz\/WP15\/wp-json\/wp\/v2\/comments?post=2079"}],"version-history":[{"count":2,"href":"https:\/\/www.payne.cz\/WP15\/wp-json\/wp\/v2\/posts\/2079\/revisions"}],"predecessor-version":[{"id":2081,"href":"https:\/\/www.payne.cz\/WP15\/wp-json\/wp\/v2\/posts\/2079\/revisions\/2081"}],"wp:attachment":[{"href":"https:\/\/www.payne.cz\/WP15\/wp-json\/wp\/v2\/media?parent=2079"}],"wp:term":[{"taxonomy":"category","embeddable":true,"href":"https:\/\/www.payne.cz\/WP15\/wp-json\/wp\/v2\/categories?post=2079"},{"taxonomy":"post_tag","embeddable":true,"href":"https:\/\/www.payne.cz\/WP15\/wp-json\/wp\/v2\/tags?post=2079"}],"curies":[{"name":"wp","href":"https:\/\/api.w.org\/{rel}","templated":true}]}}