{"id":2075,"date":"2020-11-14T21:27:13","date_gmt":"2020-11-14T20:27:13","guid":{"rendered":"http:\/\/www.payne.cz\/WP15\/?p=2075"},"modified":"2020-11-16T23:03:40","modified_gmt":"2020-11-16T22:03:40","slug":"pri-jednani-o-brexitu-jednoznacne-udelalala-chybu-eu","status":"publish","type":"post","link":"https:\/\/www.payne.cz\/WP15\/pri-jednani-o-brexitu-jednoznacne-udelalala-chybu-eu\/","title":{"rendered":"P\u0159i jedn\u00e1n\u00ed o brexitu jednozna\u010dn\u011b ud\u011blalala chybu EU"},"content":{"rendered":"\n<p style=\"text-align: right;\">19.11.2018<\/p>\n<p><a href=\"http:\/\/www.payne.cz\/WP15\/wp-content\/uploads\/1.jpg\"><img loading=\"lazy\" decoding=\"async\" class=\"alignright size-full wp-image-2152\" src=\"http:\/\/www.payne.cz\/WP15\/wp-content\/uploads\/1.jpg\" alt=\"\" width=\"1500\" height=\"844\" srcset=\"https:\/\/www.payne.cz\/WP15\/wp-content\/uploads\/1.jpg 1500w, https:\/\/www.payne.cz\/WP15\/wp-content\/uploads\/1-300x169.jpg 300w, https:\/\/www.payne.cz\/WP15\/wp-content\/uploads\/1-1024x576.jpg 1024w, https:\/\/www.payne.cz\/WP15\/wp-content\/uploads\/1-768x432.jpg 768w, https:\/\/www.payne.cz\/WP15\/wp-content\/uploads\/1-980x551.jpg 980w\" sizes=\"auto, (max-width: 1500px) 100vw, 1500px\" \/><\/a><\/p>\n<p style=\"text-align: justify;\">Europoslanec J. Payne mluvil v \u010cesk\u00e9 televizi o brexitu, mj. \u0159ekl: <em>\u201eBrit\u00e1nie hned na za\u010d\u00e1tku, p\u0159ed 2 roky, jasn\u011b \u0159ekla, o \u010dem chce jednat, ale o tom EU necht\u011bla ani sly\u0161et. Chyba je jednozna\u010dn\u011b na stran\u011b EU \u2013 jej\u00ed vyjednava\u010d nepostupoval tak, aby bral&nbsp;ohled na budouc\u00ed uspo\u0159\u00e1d\u00e1n\u00ed budouc\u00edch vztah\u016f&nbsp;(jak koneckonc\u016f stanov\u00ed i samotn\u00e1 Lisabonsk\u00e1 smlouva). Spr\u00e1v\u011b se m\u00e1 ka\u017ed\u00e9 vyjedn\u00e1v\u00e1n\u00ed za\u010d\u00edt od t\u00e9matu, kde je shoda, a\u017e se postupn\u011b strany dostanou k t\u011bm slo\u017eit\u011bj\u0161\u00edm v\u011bcem. EU na to ale \u0161la p\u0159esn\u011b opa\u010dn\u011b\u2026 Jak\u00e9 to bude m\u00edt d\u016fsledky pro evropskou integraci, to teprve uvid\u00edme.\u201c<\/em><\/p>\n<p><span style=\"font-style: inherit; font-weight: inherit; color: #008080;\" data-offset-key=\"fuim7-0-0\"><a style=\"color: #008080;\" href=\"https:\/\/www.ceskatelevize.cz\/porady\/1096898594-udalosti-komentare\/218411000371119\/video\/658084\">Cel\u00fd z\u00e1znam debaty s L. Rou\u010dkem (\u010cSSD) si pus\u0165te zde<\/a>&nbsp;<\/span><\/p>\n","protected":false},"excerpt":{"rendered":"<p>19.11.2018 Europoslanec J. Payne mluvil v \u010cesk\u00e9 televizi o brexitu, mj. \u0159ekl: \u201eBrit\u00e1nie hned na za\u010d\u00e1tku, p\u0159ed 2 roky, jasn\u011b \u0159ekla, o \u010dem chce jednat, ale o tom EU necht\u011bla&#8230; <a class=\"read-more-button\" href=\"https:\/\/www.payne.cz\/WP15\/pri-jednani-o-brexitu-jednoznacne-udelalala-chybu-eu\/\">\u010c\u00edst v\u00edce &gt;<\/a><\/p>\n","protected":false},"author":2,"featured_media":0,"comment_status":"closed","ping_status":"closed","sticky":false,"template":"","format":"standard","meta":{"ngg_post_thumbnail":0,"_monsterinsights_skip_tracking":false,"_monsterinsights_sitenote_active":false,"_monsterinsights_sitenote_note":"","_monsterinsights_sitenote_category":0,"footnotes":""},"categories":[3],"tags":[],"class_list":["post-2075","post","type-post","status-publish","format-standard","hentry","category-clanky"],"_links":{"self":[{"href":"https:\/\/www.payne.cz\/WP15\/wp-json\/wp\/v2\/posts\/2075","targetHints":{"allow":["GET"]}}],"collection":[{"href":"https:\/\/www.payne.cz\/WP15\/wp-json\/wp\/v2\/posts"}],"about":[{"href":"https:\/\/www.payne.cz\/WP15\/wp-json\/wp\/v2\/types\/post"}],"author":[{"embeddable":true,"href":"https:\/\/www.payne.cz\/WP15\/wp-json\/wp\/v2\/users\/2"}],"replies":[{"embeddable":true,"href":"https:\/\/www.payne.cz\/WP15\/wp-json\/wp\/v2\/comments?post=2075"}],"version-history":[{"count":4,"href":"https:\/\/www.payne.cz\/WP15\/wp-json\/wp\/v2\/posts\/2075\/revisions"}],"predecessor-version":[{"id":2154,"href":"https:\/\/www.payne.cz\/WP15\/wp-json\/wp\/v2\/posts\/2075\/revisions\/2154"}],"wp:attachment":[{"href":"https:\/\/www.payne.cz\/WP15\/wp-json\/wp\/v2\/media?parent=2075"}],"wp:term":[{"taxonomy":"category","embeddable":true,"href":"https:\/\/www.payne.cz\/WP15\/wp-json\/wp\/v2\/categories?post=2075"},{"taxonomy":"post_tag","embeddable":true,"href":"https:\/\/www.payne.cz\/WP15\/wp-json\/wp\/v2\/tags?post=2075"}],"curies":[{"name":"wp","href":"https:\/\/api.w.org\/{rel}","templated":true}]}}