{"id":2066,"date":"2020-11-14T21:15:43","date_gmt":"2020-11-14T20:15:43","guid":{"rendered":"http:\/\/www.payne.cz\/WP15\/?p=2066"},"modified":"2020-11-14T21:22:07","modified_gmt":"2020-11-14T20:22:07","slug":"kdo-udelal-chybu-v-jednani-o-brexitu","status":"publish","type":"post","link":"https:\/\/www.payne.cz\/WP15\/kdo-udelal-chybu-v-jednani-o-brexitu\/","title":{"rendered":"Kdo ud\u011blal chybu p\u0159i jedn\u00e1n\u00ed o brexitu"},"content":{"rendered":"\n<p><iframe loading=\"lazy\" title=\"Ji\u0159\u00ed Payne: Kdo ud\u011blal chybu v jedn\u00e1n\u00ed o brexitu\" width=\"690\" height=\"388\" src=\"https:\/\/www.youtube.com\/embed\/W3dpOpgtEnQ?feature=oembed\" frameborder=\"0\" allow=\"accelerometer; autoplay; clipboard-write; encrypted-media; gyroscope; picture-in-picture\" allowfullscreen><\/iframe><\/p>\n<p style=\"text-align: right;\"><span style=\"color: #008080;\">16.1.2019<\/span><\/p>\n<p style=\"text-align: justify;\">Jedn\u00e1n\u00ed je jako tanec. Nejde o to, aby tane\u010dn\u00edk porazil partnerku, nebo naopak. M\u016f\u017ee p\u0159i n\u011bm doj\u00edt k za\u0161kobrtnut\u00ed, nebo n\u011bkdo n\u011bkomu \u0161l\u00e1pne na nohu&#8230; Ale ne k tomu, \u017ee partnerka upadne. Kdy\u017e vyjedn\u00e1v\u00e1n\u00ed skon\u010d\u00ed tak, \u017ee jedna strana prosad\u00ed 100 % sv\u00fdch po\u017eadavk\u016f, a druh\u00e1 jen 30 &#8211; jak uk\u00e1zalo v\u010derej\u0161\u00ed hlasov\u00e1n\u00ed v britsk\u00e9m parlamentu &#8211; tak je to chyba procesu vyjedn\u00e1v\u00e1n\u00ed, \u017ee nebyl vyv\u00e1\u017een\u00fd a nevedl ke kompromisu. A je to p\u0159edev\u0161\u00edm chyba toho siln\u011bj\u0161\u00edho partnera. Jestli Michel Barnier dopustil, aby jeho partnerka upadla, pak to nen\u00ed gentleman.<\/p>\n<p>&nbsp;<\/p>\n","protected":false},"excerpt":{"rendered":"<p>16.1.2019 Jedn\u00e1n\u00ed je jako tanec. Nejde o to, aby tane\u010dn\u00edk porazil partnerku, nebo naopak. M\u016f\u017ee p\u0159i n\u011bm doj\u00edt k za\u0161kobrtnut\u00ed, nebo n\u011bkdo n\u011bkomu \u0161l\u00e1pne na nohu&#8230; Ale ne k tomu,&#8230; <a class=\"read-more-button\" href=\"https:\/\/www.payne.cz\/WP15\/kdo-udelal-chybu-v-jednani-o-brexitu\/\">\u010c\u00edst v\u00edce &gt;<\/a><\/p>\n","protected":false},"author":2,"featured_media":0,"comment_status":"closed","ping_status":"closed","sticky":false,"template":"","format":"standard","meta":{"ngg_post_thumbnail":0,"_monsterinsights_skip_tracking":false,"_monsterinsights_sitenote_active":false,"_monsterinsights_sitenote_note":"","_monsterinsights_sitenote_category":0,"footnotes":""},"categories":[3],"tags":[],"class_list":["post-2066","post","type-post","status-publish","format-standard","hentry","category-clanky"],"_links":{"self":[{"href":"https:\/\/www.payne.cz\/WP15\/wp-json\/wp\/v2\/posts\/2066","targetHints":{"allow":["GET"]}}],"collection":[{"href":"https:\/\/www.payne.cz\/WP15\/wp-json\/wp\/v2\/posts"}],"about":[{"href":"https:\/\/www.payne.cz\/WP15\/wp-json\/wp\/v2\/types\/post"}],"author":[{"embeddable":true,"href":"https:\/\/www.payne.cz\/WP15\/wp-json\/wp\/v2\/users\/2"}],"replies":[{"embeddable":true,"href":"https:\/\/www.payne.cz\/WP15\/wp-json\/wp\/v2\/comments?post=2066"}],"version-history":[{"count":3,"href":"https:\/\/www.payne.cz\/WP15\/wp-json\/wp\/v2\/posts\/2066\/revisions"}],"predecessor-version":[{"id":2073,"href":"https:\/\/www.payne.cz\/WP15\/wp-json\/wp\/v2\/posts\/2066\/revisions\/2073"}],"wp:attachment":[{"href":"https:\/\/www.payne.cz\/WP15\/wp-json\/wp\/v2\/media?parent=2066"}],"wp:term":[{"taxonomy":"category","embeddable":true,"href":"https:\/\/www.payne.cz\/WP15\/wp-json\/wp\/v2\/categories?post=2066"},{"taxonomy":"post_tag","embeddable":true,"href":"https:\/\/www.payne.cz\/WP15\/wp-json\/wp\/v2\/tags?post=2066"}],"curies":[{"name":"wp","href":"https:\/\/api.w.org\/{rel}","templated":true}]}}