{"id":203,"date":"2015-04-30T16:34:09","date_gmt":"2015-04-30T15:34:09","guid":{"rendered":"http:\/\/www.payne.cz\/WP15\/?p=203"},"modified":"2015-06-01T13:05:43","modified_gmt":"2015-06-01T12:05:43","slug":"zalujte-odborove-svazy","status":"publish","type":"post","link":"https:\/\/www.payne.cz\/WP15\/zalujte-odborove-svazy\/","title":{"rendered":"\u017dalujte odborov\u00e9 svazy"},"content":{"rendered":"<p style=\"text-align: right;\"><span style=\"color: #008080;\">20.6.2011<\/span><\/p>\n<p style=\"text-align: justify;\">Pokud odbory st\u00e1vkou zp\u016fsob\u00ed t\u0159et\u00ed osob\u011b \u0161kodu, mus\u00ed ji zaplatit. I kdy\u017e s vl\u00e1dou nesouhlas\u00edme, ned\u00e1me strhout k n\u011b\u010demu, co slu\u0161n\u00e1 spole\u010dnost mus\u00ed odm\u00edtnout. Je mnoho v\u011bc\u00ed v demokratick\u00e9m st\u00e1t\u011b, kter\u00e9 z\u00e1kon nezakazuje, ale slu\u0161n\u00fd \u010dlov\u011bk je p\u0159esto ned\u011bl\u00e1. Jednou z nich je politick\u00e1 st\u00e1vka.<\/p>\n<p style=\"text-align: justify;\">Poj\u010fme ale popo\u0159ad\u011b. Domn\u00edv\u00e1m se, \u017ee pokud st\u00e1vkuj\u00edc\u00ed zp\u016fsob\u00ed \u0161kodu jak\u00e9koli t\u0159et\u00ed osob\u011b, kter\u00e1 nen\u00ed sou\u010d\u00e1st\u00ed vztahu &#8218;st\u00e1vkuj\u00edc\u00ed kontra zam\u011bstnavatel&#8216;, mus\u00ed \u0161kodu v soukromopr\u00e1vn\u00edm \u0159\u00edzen\u00ed uhradit. Plat\u00ed to jak pro \u0161kodu ne\u00famyslnou, tak i \u0161kodu \u00famyslnou, zp\u016fsobenou nap\u0159\u00edklad n\u011bjakou blok\u00e1dou. M\u011bli bychom se v\u0161ichni p\u0159ipravit na takov\u00e9to \u017ealoby proti odbor\u016fm. Nen\u00ed d\u016fvod, abychom nad\u00e1le spolufinancovali sebemen\u0161\u00ed \u0161kodu, kterou odbory zp\u016fsob\u00ed nezainteresovan\u00fdm ob\u010dan\u016fm. Pokud nap\u0159. st\u00e1vkou po\u0161kod\u00ed rychle se kaz\u00edc\u00ed zbo\u017e\u00ed, kter\u00e9 bylo p\u0159ed\u00e1no k doprav\u011b d\u0159\u00edve, ne\u017e byla st\u00e1vka vyhl\u00e1\u0161ena, nesou plnou odpov\u011bdnost za takovou \u0161kodu.<\/p>\n<p style=\"text-align: justify;\">V p\u0159\u00edpad\u011b dopravn\u00ed st\u00e1vky vznik\u00e1 odbor\u00e1\u0159\u016fm je\u0161t\u011b dal\u0161\u00ed odpov\u011bdnost za p\u0159\u00edpady, kdy se n\u011bkomu nedostane nutn\u00e9ho l\u00e9ka\u0159sk\u00e9ho o\u0161et\u0159en\u00ed. Tak, jako p\u0159i ve\u0159ejn\u00e9m shrom\u00e1\u017ed\u011bn\u00ed je organis\u00e1tor povinen zajistit l\u00e9ka\u0159skou p\u00e9\u010di, mus\u00ed odbory v p\u0159\u00edpad\u011b dopravn\u00ed st\u00e1vky zajistit a zaplatit p\u0159evoz k o\u0161et\u0159en\u00ed ka\u017ed\u00e9mu, kdo to nutn\u011b pot\u0159ebuje. Tedy nejenom, \u017ee mus\u00ed umo\u017enit pr\u016fjezd, ale mus\u00ed jej i zaplatit. Pokud st\u00e1vkou zp\u016fsob\u00ed \u00fajmu na zdrav\u00ed nebo na \u017eivot\u011b, tak\u00e9 za to nesou odpov\u011bdnost.<\/p>\n<p style=\"text-align: justify;\">Pros\u00edm ochotn\u00e9 advok\u00e1ty, aby po\u0161kozen\u00fdm poskytli pr\u00e1vn\u00ed pomoc p\u0159i \u017ealob\u00e1ch na odborov\u00e9 svazy za co nejp\u0159ijateln\u011bj\u0161\u00edch podm\u00ednek.<\/p>\n<p style=\"text-align: justify;\">Odbory si p\u0159ej\u00ed, aby nebyl \u017e\u00e1dn\u00fd prov\u00e1d\u011bc\u00ed z\u00e1kon o st\u00e1vce. Pokud se v\u011bt\u0161ina ob\u010dan\u016f rozhodne, po\u017eadovat d\u016fsledn\u011b po odborech odpov\u011bdnost za jejich jedn\u00e1n\u00ed, mo\u017en\u00e1 u\u017e \u017e\u00e1dn\u00fd takov\u00fd z\u00e1kon ani nebude pot\u0159eba.<\/p>\n<p style=\"text-align: justify;\">Slu\u0161n\u00ed lid\u00e9, pokud ve svobvodn\u00e9m st\u00e1t\u011b nesouhlas\u00ed s vl\u00e1dou, to d\u00e1vaj\u00ed najevo kultivovan\u00fdm zp\u016fsobem. I kdy\u017e s vl\u00e1dou nesouhlas\u00edme ve v\u011bt\u0161in\u011b toho, co d\u011bl\u00e1, neznamern\u00e1 to, \u017ee se d\u00e1me strhout k n\u011b\u010demu, co slu\u0161n\u00e1 spole\u010dnost mus\u00ed odm\u00edtnout. I kdy\u017e na to maj\u00ed odbor\u00e1\u0159i mezin\u00e1rodn\u00ed dohodu. Je mnoho v\u011bc\u00ed, kter\u00e9 z\u00e1kon nezakazuje, ale slu\u0161n\u00fd \u010dlov\u011bk je p\u0159esto ned\u011bl\u00e1. Jednou z nich je politick\u00e1 st\u00e1vka.<\/p>\n","protected":false},"excerpt":{"rendered":"<p>20.6.2011 Pokud odbory st\u00e1vkou zp\u016fsob\u00ed t\u0159et\u00ed osob\u011b \u0161kodu, mus\u00ed ji zaplatit. I kdy\u017e s vl\u00e1dou nesouhlas\u00edme, ned\u00e1me strhout k n\u011b\u010demu, co slu\u0161n\u00e1 spole\u010dnost mus\u00ed odm\u00edtnout. Je mnoho v\u011bc\u00ed v demokratick\u00e9m&#8230; <a class=\"read-more-button\" href=\"https:\/\/www.payne.cz\/WP15\/zalujte-odborove-svazy\/\">\u010c\u00edst v\u00edce &gt;<\/a><\/p>\n","protected":false},"author":2,"featured_media":0,"comment_status":"closed","ping_status":"closed","sticky":false,"template":"","format":"standard","meta":{"ngg_post_thumbnail":0,"_monsterinsights_skip_tracking":false,"_monsterinsights_sitenote_active":false,"_monsterinsights_sitenote_note":"","_monsterinsights_sitenote_category":0,"footnotes":""},"categories":[3,13,16],"tags":[6,18],"class_list":["post-203","post","type-post","status-publish","format-standard","hentry","category-clanky","category-dompol","category-svobodni","tag-dompol","tag-svobodi"],"_links":{"self":[{"href":"https:\/\/www.payne.cz\/WP15\/wp-json\/wp\/v2\/posts\/203","targetHints":{"allow":["GET"]}}],"collection":[{"href":"https:\/\/www.payne.cz\/WP15\/wp-json\/wp\/v2\/posts"}],"about":[{"href":"https:\/\/www.payne.cz\/WP15\/wp-json\/wp\/v2\/types\/post"}],"author":[{"embeddable":true,"href":"https:\/\/www.payne.cz\/WP15\/wp-json\/wp\/v2\/users\/2"}],"replies":[{"embeddable":true,"href":"https:\/\/www.payne.cz\/WP15\/wp-json\/wp\/v2\/comments?post=203"}],"version-history":[{"count":2,"href":"https:\/\/www.payne.cz\/WP15\/wp-json\/wp\/v2\/posts\/203\/revisions"}],"predecessor-version":[{"id":740,"href":"https:\/\/www.payne.cz\/WP15\/wp-json\/wp\/v2\/posts\/203\/revisions\/740"}],"wp:attachment":[{"href":"https:\/\/www.payne.cz\/WP15\/wp-json\/wp\/v2\/media?parent=203"}],"wp:term":[{"taxonomy":"category","embeddable":true,"href":"https:\/\/www.payne.cz\/WP15\/wp-json\/wp\/v2\/categories?post=203"},{"taxonomy":"post_tag","embeddable":true,"href":"https:\/\/www.payne.cz\/WP15\/wp-json\/wp\/v2\/tags?post=203"}],"curies":[{"name":"wp","href":"https:\/\/api.w.org\/{rel}","templated":true}]}}